{"id":4443,"date":"2014-09-03T22:33:07","date_gmt":"2014-09-04T01:33:07","guid":{"rendered":"http:\/\/www.toque-musicall.com\/?p=4443"},"modified":"2014-09-03T22:33:35","modified_gmt":"2014-09-04T01:33:35","slug":"luiz-arruda-paes-e-sua-orquestra-brasil-dia-e-noite-1957","status":"publish","type":"post","link":"https:\/\/www.toque-musicall.com\/?p=4443","title":{"rendered":"Luiz Arruda Paes E Sua Orquestra &#8211; Brasil Dia E Noite (1957)"},"content":{"rendered":"<p><img loading=\"lazy\" decoding=\"async\" class=\"aligncenter\" alt=\"\" src=\"http:\/\/2.bp.blogspot.com\/-o0olny9t-4o\/VAewoOLm05I\/AAAAAAAAKOs\/41EbGtedIVU\/s1600\/capap.JPG\" width=\"1000\" height=\"999\" \/><img loading=\"lazy\" decoding=\"async\" class=\"aligncenter\" alt=\"\" src=\"http:\/\/4.bp.blogspot.com\/-Ck8c5XfC3x0\/VAewvHle7VI\/AAAAAAAAKO0\/nmKnUHfDp5A\/s1600\/contrap.JPG\" width=\"1000\" height=\"1000\" \/><\/p>\n<div>Hoje o Toque Musical oferece a seus amigos cultos, ocultos e associados um \u00e1lbum com m\u00fasicas brasileiras cl\u00e1ssicas, executadas pela orquestra do maestro Luiz Arruda Paes. Trata-se do primeiro volume de uma s\u00e9rie de tr\u00eas, intitulada \u201cBrasil dia e noite\u201d, lan\u00e7ado pela Odeon em 1957 com o n\u00famero MOCB-3000 (a capa e a contracapa s\u00e3o da reedi\u00e7\u00e3o feita em 1975, com o selo Coronado, ent\u00e3o bra\u00e7o econ\u00f4mico da \u201cmarca do templo\u201d). Aqui, desfilam\u00a0 p\u00e1ginas conhecidas de compositores consagrados: Ary Barroso (\u201cAquarela do Brasil\u201d, \u201cMaria\u201d, \u201cRisque\u201d, \u201cNa Baixa do Sapateiro\u201d),\u00a0 a dupla Braguinha-Alberto Ribeiro\u00a0 (\u201cCopacabana\u201d), Djalma Ferreira (\u201cSamba que eu quero ver\u201d, verdadeiro cl\u00e1ssico das gafieiras),\u00a0 Z\u00e9 K\u00e9ti (\u201cA voz do morro\u201d), \u00a0Jos\u00e9 Maria de Abreu (\u201cAlgu\u00e9m como tu\u201d, parceria de Jair Amorim, aqui com vocal de Norma Avian), Pixinguinha (\u201cCarinhoso\u201d, sucesso de ontem, hoje e sempre), Zequinha de Abreu (\u201cTico-tico no fub\u00e1\u201d) e, completando o programa, o bai\u00e3o \u201cCaruaru\u201d (\u201ca princesinha do Norte \u00e9s tu\u201d), de Belmiro Barrela, e \u201cSamba fant\u00e1stico\u201d(do filme de mesmo nome, de 1955,um document\u00e1rio produzido e dirigido por Jean Manzon).<\/div>\n<div>Instrumentista, arranjador, regente e compositor, Luiz Gonzaga Arruda Paes nasceu em S\u00e3o Paulo, Capital, no dia 8 de maio de 1926. Considerado um dos grandes arranjadores paulistanos, estudou piano com C\u00e1rmen Strazzeri,\u00a0 e teoria e harmonia com Jo\u00e3o Sepe, complementando sua forma\u00e7\u00e3o com Osvaldo Lacerda e Hans Joachim Kollreuter.\u00a0 Iniciou sua carreira art\u00edstica em 1949, atuando como pianista da orquestra da PRG-2, R\u00e1dio Tupi (ent\u00e3o \u201ca mais poderosa emissora paulista\u201d).\u00a0 Em seguida, passaria-se, igualmente como \u201cpianeiro\u201d, para a orquestra do maestro Zezinho (aquele que depois trabalharia com S\u00edlvio Santos), que se apresentava na \u00a0ent\u00e3o nascente TV Tupi (PRF-3). Ainda na Tupi, em 1952, come\u00e7ou a atuar como maestro, passando tamb\u00e9m a fazer arranjos para orquestra.\u00a0 Em grava\u00e7\u00f5es, acompanhou \u00a0e fez arranjos para cantores diversos, tais como Wilma Bentivegna, L\u00e9o Romano, Dorival Caymmi , Osny Silva e o espanhol Greg\u00f3rio Barrios.\u00a0 Em 1955, gravou seu primeiro LP, o 10 polegadas \u201cEncontro com a m\u00fasica\u201d, que dividiu com Osmar Milani (outro maestro que mais tarde faria parte do \u201cstaff\u201d de S\u00edlvio Santos). Este \u201cBrasil dia e noite\u201d, que o TM oferece a voc\u00eas, foi justamente o primeiro \u00e1lbum-solo \u00a0de Luiz Arruda Paes com sua orquestra, e, na \u00e9poca do lan\u00e7amento (1956), foi expressivo sucesso art\u00edstico e comercial, tendo sido lan\u00e7ado tamb\u00e9m na Argentina, M\u00e9xico, EUA e Jap\u00e3o.\u00a0 Ainda em 56, comp\u00f4s a trilha sonora do filme \u201cO sobrado\u201d, de Walter George Durst e Cassiano Gabus Mendes, baseado em um epis\u00f3dio de \u201cO tempo e o vento\u201d, de \u00c9rico Verissimo. Luiz Arruda Paes recebeu, em sua carreira, in\u00fameros pr\u00eamios, tendo sido, inclusive, agraciado sete vezes com o Trof\u00e9u Roquette Pinto, outorgado pelas Emissoras Unidas (R\u00e1dio e Televis\u00e3o Record). \u00a0Outros t\u00edtulos expressivos de sua discografia em LPs (gravou tamb\u00e9m nove discos 78 rpm com dezesseis m\u00fasicas, sem contar aqueles em que acompanhou v\u00e1rios int\u00e9rpretes com sua orquestra) s\u00e3o: \u201cBrasil Norte a Sul\u201d (mais tarde relan\u00e7ado como \u201dBrasil rom\u00e2ntico\u201d),\u00a0 \u201cPiano rom\u00e2ntico\u201d, \u201cBrasil em tempo de dan\u00e7a\u201d, \u201cIt\u00e1lia eterna\u201d, \u201cBrasil \u00e9 samba\u201d \u201cBrasil dia e noite 2\u201d (lan\u00e7ado nos EUA como \u201cDawn is approaching\u201d), \u201cBrasil dia e noite 3\u201d e \u201cConvite ao baile\u201d. Arruda Paes permaneceria na TV Tupi como maestro e arranjador at\u00e9 1980, quando a emissora fechou,\u00a0 acossada por grave crise financeira. No mesmo ano, passou a residir em Praia Grande, litoral paulista, atuando como aut\u00f4nomo. Entre 1989 e 1992, foi arranjador e regente da orquestra Jazz Sinf\u00f4nica de S\u00e3o Paulo.\u00a0 Foi orientador de diversos outros maestros, entre os quais, Chiquinho de Moraes e Jos\u00e9 Briamonte.\u00a0 Luiz Arruda Paes faleceu no dia 10 de mar\u00e7o de 1999, na Praia Grande em que morava, aos 72 anos,de edema pulmonar agudo, e seu corpo foi sepultado no Memorial Ecum\u00eanico de Santos.\u00a0 Deixa, por\u00e9m, um extraordin\u00e1rio legado de arranjador, orquestrador e regente, do qual faz parte o \u00e1lbum que o TM ora nos oferec<a href=\"http:\/\/depositfiles.org\/files\/jfl6a4qky\" target=\"_blank\">e<\/a>.<\/div>\n<div>* Texto de Samuel Machado Filho<\/div>\n<div style=\"text-align: center;\"><\/div>\n<div style=\"text-align: center;\">aquarela do brasil<\/div>\n<div style=\"text-align: center;\">copacabana<\/div>\n<div style=\"text-align: center;\">samba que eu quero ver<\/div>\n<div style=\"text-align: center;\">maria<\/div>\n<div style=\"text-align: center;\">caruar\u00fa<\/div>\n<div style=\"text-align: center;\">samba fant\u00e1stico<\/div>\n<div style=\"text-align: center;\">tido tico no fub\u00e1<\/div>\n<div style=\"text-align: center;\">algu\u00e9m como tu<\/div>\n<div style=\"text-align: center;\">a voz do morro<\/div>\n<div style=\"text-align: center;\">risque<\/div>\n<div style=\"text-align: center;\">carinhoso<\/div>\n<div style=\"text-align: center;\">na baixa do sapateiro<\/div>\n<div style=\"text-align: center;\"><\/div>\n<div style=\"text-align: center;\">.<\/div>\n<div style=\"text-align: center;\"><\/div>\n<div><\/div>\n<div><\/div>\n","protected":false},"excerpt":{"rendered":"<p>Hoje o Toque Musical oferece a seus amigos cultos, ocultos e associados um \u00e1lbum com m\u00fasicas brasileiras cl\u00e1ssicas, executadas pela orquestra do maestro Luiz Arruda Paes. Trata-se do primeiro volume de uma s\u00e9rie de tr\u00eas, intitulada \u201cBrasil dia e noite\u201d, &hellip; <a href=\"https:\/\/www.toque-musicall.com\/?p=4443\">Continue lendo <span class=\"meta-nav\">&rarr;<\/span><\/a><\/p>\n","protected":false},"author":1,"featured_media":0,"comment_status":"open","ping_status":"closed","sticky":false,"template":"","format":"standard","meta":{"footnotes":""},"categories":[630,244],"tags":[],"class_list":["post-4443","post","type-post","status-publish","format-standard","hentry","category-luiz-arruda-paes","category-selo-emi-odeon"],"_links":{"self":[{"href":"https:\/\/www.toque-musicall.com\/index.php?rest_route=\/wp\/v2\/posts\/4443","targetHints":{"allow":["GET"]}}],"collection":[{"href":"https:\/\/www.toque-musicall.com\/index.php?rest_route=\/wp\/v2\/posts"}],"about":[{"href":"https:\/\/www.toque-musicall.com\/index.php?rest_route=\/wp\/v2\/types\/post"}],"author":[{"embeddable":true,"href":"https:\/\/www.toque-musicall.com\/index.php?rest_route=\/wp\/v2\/users\/1"}],"replies":[{"embeddable":true,"href":"https:\/\/www.toque-musicall.com\/index.php?rest_route=%2Fwp%2Fv2%2Fcomments&post=4443"}],"version-history":[{"count":1,"href":"https:\/\/www.toque-musicall.com\/index.php?rest_route=\/wp\/v2\/posts\/4443\/revisions"}],"predecessor-version":[{"id":4444,"href":"https:\/\/www.toque-musicall.com\/index.php?rest_route=\/wp\/v2\/posts\/4443\/revisions\/4444"}],"wp:attachment":[{"href":"https:\/\/www.toque-musicall.com\/index.php?rest_route=%2Fwp%2Fv2%2Fmedia&parent=4443"}],"wp:term":[{"taxonomy":"category","embeddable":true,"href":"https:\/\/www.toque-musicall.com\/index.php?rest_route=%2Fwp%2Fv2%2Fcategories&post=4443"},{"taxonomy":"post_tag","embeddable":true,"href":"https:\/\/www.toque-musicall.com\/index.php?rest_route=%2Fwp%2Fv2%2Ftags&post=4443"}],"curies":[{"name":"wp","href":"https:\/\/api.w.org\/{rel}","templated":true}]}}