{"id":445,"date":"2011-05-30T17:08:00","date_gmt":"2011-05-30T17:08:00","guid":{"rendered":"http:\/\/www.toque-musicall.com\/?p=445"},"modified":"2011-05-30T17:08:00","modified_gmt":"2011-05-30T17:08:00","slug":"djalma-ferreira-bicharada-1978","status":"publish","type":"post","link":"https:\/\/www.toque-musicall.com\/?p=445","title":{"rendered":"Djalma Ferreira &#8211; Bicharada (1978)"},"content":{"rendered":"<div style=\"clear: both; text-align: center;\"><a href=\"http:\/\/1.bp.blogspot.com\/-BTDCLWJzAcE\/TeOEfGNfeWI\/AAAAAAAAIDw\/x4_SfVC_B1Q\/s1600\/djalma+P.JPG\" style=\"margin-left: 1em; margin-right: 1em;\"><img loading=\"lazy\" decoding=\"async\" border=\"0\" height=\"396\" src=\"http:\/\/1.bp.blogspot.com\/-BTDCLWJzAcE\/TeOEfGNfeWI\/AAAAAAAAIDw\/x4_SfVC_B1Q\/s400\/djalma+P.JPG\" width=\"400\" \/><\/a><\/div>\n<p>Muito bom dia a todos os amigos cultos e ocultos! Na semana que passou, tivemos em Belo Horizonte mais uma edi\u00e7\u00e3o do <a href=\"http:\/\/www.conexaovivo.com.br\/noticias\/bh-se-prepara-para-o-conexao-vivo-2011\">Conex\u00e3o Vivo de M\u00fasica<\/a>. Um evento que aconteceu no Parque Municipal, durante cinco dias, com dois palcos montados e shows direto, um atr\u00e1s do outro, apresentando grandes nomes da nossa m\u00fasica, gente que est\u00e1 come\u00e7ando agora e tamb\u00e9m os veteranos. Neste festival houve espa\u00e7o tamb\u00e9m para a Feira do Vinil e CD&#8217;s Independentes, onde diversos colecionadores e lojistas de discos estiveram vendendo e trocando suas raridades. Eu, na falta de tempo (e cabe\u00e7a), acabei esquecendo de anunciar a feira aqui no blog. Mesmo assim, acredito que quem \u00e9 atenado com m\u00fasica e estava na cidade, com certeza foi informado por \u00a0outros canais. Os shows foram um sucesso e a feira tamb\u00e9m. Quem esteve por l\u00e1 n\u00e3o saiu com as m\u00e3os e os ouvidos vazios (no m\u00e1ximo o bolso). Vendi muitos discos e tamb\u00e9m comprei e troquei outros tantos. Est\u00e1 aqui um dos \u00e1lbuns que comprei, uma colet\u00e2nea do Djalma Ferreira, lan\u00e7ada em 1978 pela RGE Fermata. Nele encontramos os seus grandes cl\u00e1ssicos. M\u00fasicas ao lado de seu conjunto Milion\u00e1rios do Ritmo, tendo Miltinho como o vocalista. H\u00e1 tamb\u00e9m outras faixas extra\u00eddas de seus discos, lan\u00e7ados pelo selo Drink (que era do pr\u00f3prio Djalma) e RGE. Este disco fecha a discografia do artista, pelo menos no Brasil. Djalma Ferreira morreu em Las Vegas em 2004. At\u00e9 os anos 80 visitou com frequ\u00eancia o Brasil, fazendo apresenta\u00e7\u00f5es, restaurando para os saudosistas alguns momentos com seu antigo conjunto e, novamente, com Miltinho de &#8216;crooner&#8217;. <\/p>\n<div style=\"text-align: center;\">bicharada<\/div>\n<div style=\"text-align: center;\">lamento<\/div>\n<div style=\"text-align: center;\">se todos fossem iguais a voc\u00ea<\/div>\n<div style=\"text-align: center;\">meu lugar<\/div>\n<div style=\"text-align: center;\">murm\u00fario<\/div>\n<div style=\"text-align: center;\">samba do drink<\/div>\n<div style=\"text-align: center;\">penumbra<\/div>\n<div style=\"text-align: center;\">confiss\u00e3o<\/div>\n<div style=\"text-align: center;\">cheiro de saudade \/ caf\u00e9 do brasil<\/div>\n<div style=\"text-align: center;\">garota do leblon<\/div>\n<div style=\"text-align: center;\">isabella<\/div>\n<div style=\"text-align: center;\">the breeze and i<\/div>\n<div style=\"text-align: center;\">nosso samba<\/div>\n","protected":false},"excerpt":{"rendered":"<p>Muito bom dia a todos os amigos cultos e ocultos! Na semana que passou, tivemos em Belo Horizonte mais uma edi\u00e7\u00e3o do Conex\u00e3o Vivo de M\u00fasica. Um evento que aconteceu no Parque Municipal, durante cinco dias, com dois palcos montados &hellip; <a href=\"https:\/\/www.toque-musicall.com\/?p=445\">Continue lendo <span class=\"meta-nav\">&rarr;<\/span><\/a><\/p>\n","protected":false},"author":1,"featured_media":0,"comment_status":"open","ping_status":"closed","sticky":false,"template":"","format":"standard","meta":{"footnotes":""},"categories":[707,153],"tags":[],"class_list":["post-445","post","type-post","status-publish","format-standard","hentry","category-djalma-ferreira-e-seu-conjunto","category-selo-rge"],"_links":{"self":[{"href":"https:\/\/www.toque-musicall.com\/index.php?rest_route=\/wp\/v2\/posts\/445","targetHints":{"allow":["GET"]}}],"collection":[{"href":"https:\/\/www.toque-musicall.com\/index.php?rest_route=\/wp\/v2\/posts"}],"about":[{"href":"https:\/\/www.toque-musicall.com\/index.php?rest_route=\/wp\/v2\/types\/post"}],"author":[{"embeddable":true,"href":"https:\/\/www.toque-musicall.com\/index.php?rest_route=\/wp\/v2\/users\/1"}],"replies":[{"embeddable":true,"href":"https:\/\/www.toque-musicall.com\/index.php?rest_route=%2Fwp%2Fv2%2Fcomments&post=445"}],"version-history":[{"count":0,"href":"https:\/\/www.toque-musicall.com\/index.php?rest_route=\/wp\/v2\/posts\/445\/revisions"}],"wp:attachment":[{"href":"https:\/\/www.toque-musicall.com\/index.php?rest_route=%2Fwp%2Fv2%2Fmedia&parent=445"}],"wp:term":[{"taxonomy":"category","embeddable":true,"href":"https:\/\/www.toque-musicall.com\/index.php?rest_route=%2Fwp%2Fv2%2Fcategories&post=445"},{"taxonomy":"post_tag","embeddable":true,"href":"https:\/\/www.toque-musicall.com\/index.php?rest_route=%2Fwp%2Fv2%2Ftags&post=445"}],"curies":[{"name":"wp","href":"https:\/\/api.w.org\/{rel}","templated":true}]}}