{"id":4453,"date":"2014-09-06T21:15:59","date_gmt":"2014-09-07T00:15:59","guid":{"rendered":"http:\/\/www.toque-musicall.com\/?p=4453"},"modified":"2014-09-06T21:15:59","modified_gmt":"2014-09-07T00:15:59","slug":"guio-de-morais-e-sua-orquestra-sambas-baioes-1956","status":"publish","type":"post","link":"https:\/\/www.toque-musicall.com\/?p=4453","title":{"rendered":"Guio De Morais E Sua Orquestra &#8211; Sambas &#038; Bai\u00f5es (1956)"},"content":{"rendered":"<p><img loading=\"lazy\" decoding=\"async\" class=\"aligncenter\" alt=\"\" src=\"http:\/\/4.bp.blogspot.com\/-oX4dB27KdX8\/VAuRf7gFBhI\/AAAAAAAAKP4\/zE078v95oZE\/s1600\/capap.JPG\" width=\"1000\" height=\"995\" \/><img loading=\"lazy\" decoding=\"async\" class=\"aligncenter\" alt=\"\" src=\"http:\/\/1.bp.blogspot.com\/-FdbujB_6GvU\/VAuRrLzLStI\/AAAAAAAAKQA\/UQZTPuKeni0\/s1600\/contrap.JPG\" width=\"1000\" height=\"1005\" \/>Boa noite, amigos cultos e ocultos! Hoje achei por bem de vir eu mesmo apresentar o toque musical do dia. Nos \u00faltimos, quem brilhantemente tem feito isso \u00e9 o Samuel Machado Filho, que agora passa a atuar al\u00e9m das resenhas do Grand Record Brazil trazendo, eventualmente, um pouco mais de contribui\u00e7\u00e3o, com seus textos completos e muito mais informativos. Estou a frente desta postagem como forma de assimilar e corrigir de vez na minha cabe\u00e7a o nome do grande maestro Guiomarino Rubens Duarte, que eu sempre escrevo Guido, ao inv\u00e9s de Guio (de Morais). E essa n\u00e3o \u00e9 a primeira vez que eu erro o seu nome. Por isso agora eu estou fazendo esta postagem, para corrigir meu erro e tamb\u00e9m aproveitar a carona (ou o gancho) da postagem anterior feita pelo Samuca.<br \/>\nPois bem, temos aqui mais uma vez o maestro pernambucano Guio de Morais em um disco de 10 polegadas lan\u00e7ado pelo selo Todamerica, em 1956. Desta vez, o maestro nos apresenta uma sele\u00e7\u00e3o musical cl\u00e1ssica do cancioneiro popular e infantil, temas regionais em ritmos de samba e bai\u00e3o. Um disco onde Guio de Morais n\u00e3o apenas rege a orquestra, mas tamb\u00e9m canta. Mesmo sendo ele um dos maiores arranjadores, no presente \u00e1lbum essa tarefa ficou por conta de outros, Ant\u00f4nio Almeida e Fel\u00edcia Godoy. Por um erro gr\u00e1fico, consta na contracapa apenas sete faixas, mas h\u00e1 uma oitava que traz as m\u00fasicas &#8220;Mulher rendeira&#8221; e &#8220;O meu boi morreu&#8221;. Confiram mais esta p\u00e9rol<a href=\"http:\/\/depositfiles.org\/files\/koid5ntbl\" target=\"_blank\">a<\/a> \ud83d\ude09<\/p>\n<div style=\"text-align: center;\">meu lim\u00e3o, meu limoeiro<\/div>\n<div style=\"text-align: center;\">prenda minha<\/div>\n<div style=\"text-align: center;\">se essa rua fosse minha<\/div>\n<div style=\"text-align: center;\">no meu tempo de crian\u00e7a (escravos de j\u00f3 &#8211; carneirinho carneir\u00e3o &#8211; \u00f3 senhora vi\u00fava &#8211; \u00f3 filomena &#8211; rosa amarela)<\/div>\n<div style=\"text-align: center;\">casinha pequenina<\/div>\n<div style=\"text-align: center;\">raps\u00f3dia mineiro (\u00f3 minas gerais &#8211; peixe vivo &#8211; samba lel\u00ea t\u00e1 doente)<\/div>\n<div style=\"text-align: center;\">atirei o pau no gato<\/div>\n<div style=\"text-align: center;\">mulher rendeira &#8211; o meu boi morreu<\/div>\n<div><\/div>\n<div>.<\/div>\n","protected":false},"excerpt":{"rendered":"<p>Boa noite, amigos cultos e ocultos! Hoje achei por bem de vir eu mesmo apresentar o toque musical do dia. Nos \u00faltimos, quem brilhantemente tem feito isso \u00e9 o Samuel Machado Filho, que agora passa a atuar al\u00e9m das resenhas &hellip; <a href=\"https:\/\/www.toque-musicall.com\/?p=4453\">Continue lendo <span class=\"meta-nav\">&rarr;<\/span><\/a><\/p>\n","protected":false},"author":1,"featured_media":0,"comment_status":"open","ping_status":"closed","sticky":false,"template":"","format":"standard","meta":{"footnotes":""},"categories":[2419,2157],"tags":[],"class_list":["post-4453","post","type-post","status-publish","format-standard","hentry","category-maestro-guio-de-morais","category-selo-todamerica"],"_links":{"self":[{"href":"https:\/\/www.toque-musicall.com\/index.php?rest_route=\/wp\/v2\/posts\/4453","targetHints":{"allow":["GET"]}}],"collection":[{"href":"https:\/\/www.toque-musicall.com\/index.php?rest_route=\/wp\/v2\/posts"}],"about":[{"href":"https:\/\/www.toque-musicall.com\/index.php?rest_route=\/wp\/v2\/types\/post"}],"author":[{"embeddable":true,"href":"https:\/\/www.toque-musicall.com\/index.php?rest_route=\/wp\/v2\/users\/1"}],"replies":[{"embeddable":true,"href":"https:\/\/www.toque-musicall.com\/index.php?rest_route=%2Fwp%2Fv2%2Fcomments&post=4453"}],"version-history":[{"count":1,"href":"https:\/\/www.toque-musicall.com\/index.php?rest_route=\/wp\/v2\/posts\/4453\/revisions"}],"predecessor-version":[{"id":4454,"href":"https:\/\/www.toque-musicall.com\/index.php?rest_route=\/wp\/v2\/posts\/4453\/revisions\/4454"}],"wp:attachment":[{"href":"https:\/\/www.toque-musicall.com\/index.php?rest_route=%2Fwp%2Fv2%2Fmedia&parent=4453"}],"wp:term":[{"taxonomy":"category","embeddable":true,"href":"https:\/\/www.toque-musicall.com\/index.php?rest_route=%2Fwp%2Fv2%2Fcategories&post=4453"},{"taxonomy":"post_tag","embeddable":true,"href":"https:\/\/www.toque-musicall.com\/index.php?rest_route=%2Fwp%2Fv2%2Ftags&post=4453"}],"curies":[{"name":"wp","href":"https:\/\/api.w.org\/{rel}","templated":true}]}}