{"id":446,"date":"2011-05-30T01:42:00","date_gmt":"2011-05-30T01:42:00","guid":{"rendered":"http:\/\/www.toque-musicall.com\/?p=446"},"modified":"2011-05-30T01:42:00","modified_gmt":"2011-05-30T01:42:00","slug":"mara-do-nascimento-instrumental-1982","status":"publish","type":"post","link":"https:\/\/www.toque-musicall.com\/?p=446","title":{"rendered":"Mara Do Nascimento &#8211; Instrumental (1982)"},"content":{"rendered":"<div style=\"clear: both; text-align: center;\"><a href=\"http:\/\/3.bp.blogspot.com\/-5lIdxuoIjpw\/TeNeExxLvvI\/AAAAAAAAIDo\/fqh3FPhsw6c\/s1600\/mara+P.JPG\" style=\"margin-left: 1em; margin-right: 1em;\"><img loading=\"lazy\" decoding=\"async\" border=\"0\" height=\"393\" src=\"http:\/\/3.bp.blogspot.com\/-5lIdxuoIjpw\/TeNeExxLvvI\/AAAAAAAAIDo\/fqh3FPhsw6c\/s400\/mara+P.JPG\" width=\"400\" \/><\/a><\/div>\n<div style=\"clear: both; text-align: left;\">Muito boa noite amigos cultos e ocultos! Estou chegando agora para colocar a nossa postagem em dia. Hoje foi \u00a0o dia de encerramento do Conex\u00e3o Vivo, um super evento musical que reuniu uma legi\u00e3o de bons artistas da nova safra da m\u00fasica brasileira. O lance aconteceu no Parque Municipal, de Belo Horizonte. Come\u00e7ou na quarta e terminou hoje. Al\u00e9m dos shows, houve tamb\u00e9m uma edi\u00e7\u00e3o especial da Feira do Vinil e CD Independente, onde v\u00e1rios \u00a0colecionadores e lojistas estivaram por l\u00e1 expondo suas bolachas. Eu tamb\u00e9m estive por l\u00e1 vendendo meus discos de jazz e outras raridades. Sempre sem tempo, paguei uma pessoa para ficar vendendo os discos para mim. S\u00f3 estive por l\u00e1 mesmo ontem a noite e hoje durante todo o dia. Para n\u00e3o variar, comprei mais do que vendi. Por 100 reais comprei de um camarada 15 discos &#8216;zero bala&#8217; do Neil Young, os primeiros e ainda por cima, importados. N\u00e3o resisti&#8230; hehehe&#8230; Hoje o dia l\u00e1 no Parque foi regado \u00a0\u00e0 muita m\u00fasica boa, onde se destacava muito o instrumental. Tivemos por l\u00e1 uma s\u00e9rie de respeit\u00e1veis m\u00fasicos que fizeram valer o meu dia. Inspirado com toda essa carga musical e ainda no ritmo feminino, vou postando \u00a0um disco da violonista e compositora mineira, Mara do Nascimento. &#8220;Instrumental&#8221; \u00e9 uma \u00e1lbum da melhor qualidade, onde temos onze temas pr\u00f3prios, todas composi\u00e7\u00f5es de Mara. Para engrossar o caldo e dar mais brilho ao seu &#8220;Instrumental&#8221;, ela conta com um time de m\u00fasicos de primeira. Gente como Gilson Peranzetta, Eduardo Delgado, Yuri Popoff, Lydston do Nascimento, Lena Horta e outros no mesmo grau.<\/div>\n<div style=\"text-align: left;\">M\u00fasica de qualidade pronta para o consumo. Confiram a\u00ed este \u00e1lbum, que al\u00e9m do mais \u00e9 uma produ\u00e7\u00e3o independente (e olha que nem \u00e9 sexta feira!).<\/div>\n<p><\/p>\n<div style=\"text-align: center;\">de mim<\/div>\n<div style=\"text-align: center;\">at\u00e9 que enfim<\/div>\n<div style=\"text-align: center;\">sujeito a mudan\u00e7a<\/div>\n<div style=\"text-align: center;\">sai que la vai<\/div>\n<div style=\"text-align: center;\">meus meninos<\/div>\n<div style=\"text-align: center;\">de volta pra casa<\/div>\n<div style=\"text-align: center;\">n\u00f3s todos<\/div>\n<div style=\"text-align: center;\">bai\u00e3o do doidos<\/div>\n<div style=\"text-align: center;\">conversa<\/div>\n<div style=\"text-align: center;\">momento aqui entre n\u00f3s<\/div>\n<div style=\"text-align: center;\"><\/div>\n","protected":false},"excerpt":{"rendered":"<p>Muito boa noite amigos cultos e ocultos! Estou chegando agora para colocar a nossa postagem em dia. Hoje foi \u00a0o dia de encerramento do Conex\u00e3o Vivo, um super evento musical que reuniu uma legi\u00e3o de bons artistas da nova safra &hellip; <a href=\"https:\/\/www.toque-musicall.com\/?p=446\">Continue lendo <span class=\"meta-nav\">&rarr;<\/span><\/a><\/p>\n","protected":false},"author":1,"featured_media":0,"comment_status":"open","ping_status":"closed","sticky":false,"template":"","format":"standard","meta":{"footnotes":""},"categories":[708,257,25],"tags":[],"class_list":["post-446","post","type-post","status-publish","format-standard","hentry","category-mara-do-nascimento","category-selo-bemol","category-selo-independente"],"_links":{"self":[{"href":"https:\/\/www.toque-musicall.com\/index.php?rest_route=\/wp\/v2\/posts\/446","targetHints":{"allow":["GET"]}}],"collection":[{"href":"https:\/\/www.toque-musicall.com\/index.php?rest_route=\/wp\/v2\/posts"}],"about":[{"href":"https:\/\/www.toque-musicall.com\/index.php?rest_route=\/wp\/v2\/types\/post"}],"author":[{"embeddable":true,"href":"https:\/\/www.toque-musicall.com\/index.php?rest_route=\/wp\/v2\/users\/1"}],"replies":[{"embeddable":true,"href":"https:\/\/www.toque-musicall.com\/index.php?rest_route=%2Fwp%2Fv2%2Fcomments&post=446"}],"version-history":[{"count":0,"href":"https:\/\/www.toque-musicall.com\/index.php?rest_route=\/wp\/v2\/posts\/446\/revisions"}],"wp:attachment":[{"href":"https:\/\/www.toque-musicall.com\/index.php?rest_route=%2Fwp%2Fv2%2Fmedia&parent=446"}],"wp:term":[{"taxonomy":"category","embeddable":true,"href":"https:\/\/www.toque-musicall.com\/index.php?rest_route=%2Fwp%2Fv2%2Fcategories&post=446"},{"taxonomy":"post_tag","embeddable":true,"href":"https:\/\/www.toque-musicall.com\/index.php?rest_route=%2Fwp%2Fv2%2Ftags&post=446"}],"curies":[{"name":"wp","href":"https:\/\/api.w.org\/{rel}","templated":true}]}}