{"id":4478,"date":"2014-09-18T19:53:43","date_gmt":"2014-09-18T22:53:43","guid":{"rendered":"http:\/\/www.toque-musicall.com\/?p=4478"},"modified":"2014-09-22T08:49:31","modified_gmt":"2014-09-22T11:49:31","slug":"wanderley-cardoso-perdidamente-apaixonado-1967","status":"publish","type":"post","link":"https:\/\/www.toque-musicall.com\/?p=4478","title":{"rendered":"Wanderley Cardoso &#8211; Perdidamente Apaixonado (1967)"},"content":{"rendered":"<h1 class=\"title entry-title\" itemprop=\"name\"><img loading=\"lazy\" decoding=\"async\" class=\"aligncenter\" alt=\"\" src=\"http:\/\/2.bp.blogspot.com\/-x1lhqE0OawY\/VBqo_6XN50I\/AAAAAAAAKU8\/uv1sqZfAO_o\/s1600\/capap.JPG\" width=\"1000\" height=\"1004\" \/><img loading=\"lazy\" decoding=\"async\" class=\"aligncenter\" alt=\"\" src=\"http:\/\/1.bp.blogspot.com\/-fSJ3B7cl9T8\/VBqpHCMW7tI\/AAAAAAAAKVE\/aCtLW5VPPEk\/s1600\/contrap.JPG\" width=\"1000\" height=\"1014\" \/><\/h1>\n<div>\u201cPosso me considerar um homem feliz, pois consegui realizar a miss\u00e3o a que um dia me propus, e tive a felicidade de estar no momento certo,em que um grupo de jovens, com os mesmos ideais e muito valor, fazia modificar atrav\u00e9s da m\u00fasica o comportamento de toda uma gera\u00e7\u00e3o, a nossa Jovem Guarda\u201d. Este depoimento do cantor Wanderley Cardoso, a respeito do movimento musical detonado a partir do programa comandado por Roberto Carlos na TV Record, que durou de 1965 a 1968, define bem o que foi a Jovem Guarda. \u00c9 justamente o grande Wandeco,\u00a0 um dos maiores expoentes desse que \u00e9 considerado o primeiro movimento musical de massa na hist\u00f3ria da MPB, que o Toque Musical traz de volta, atrav\u00e9s deste \u201cPerdidamente apaixonado\u201d. Ao contr\u00e1rio do que indica o selo, esse disco na verdade lan\u00e7ado em abril de 1966 (n\u00e3o 67), pela Copacabana, com o n\u00famero CLP-11462, sendo,por sinal,o segundo \u00e1lbum-solo do cantor.<\/div>\n<div>Wanderley Conti Cardoso (seu nome completo) veio ao mundo no bairro paulistano do Belenzinho, a 10 de mar\u00e7o de 1945. Come\u00e7ou a carreira bem cedo,aos cinco anos de idade, ocasi\u00e3o em que sua m\u00e3e, Dona Elvira, levou-o para se apresentar em programas de r\u00e1dio de S\u00e3o Paulo.\u00a0 Sua primeira oportunidade em disco surge em 1959, quando,\u00a0 a convite do acordeonista M\u00e1rio Zan, grava a \u201cCan\u00e7\u00e3o do jornaleiro\u201d, de Heitor dos Prazeres, para o \u00e1lbum \u201cBrincando de escola\u201d. Mais tarde, come\u00e7ou a mudar de voz e parou de cantar por algum tempo.\u00a0 Foi banc\u00e1rio e estudante de Contabilidade, formando-se em 1962, trabalhando tamb\u00e9m no Lanif\u00edcio Pirituba e ingressando no time de futebol infanto-juvenil do Palmeiras.\u00a0 Um ano mais tarde, retoma a carreira de cantor, apresentando-se nos programas de TV \u201cAl\u00f4, brotos\u201d e \u201cJR show\u201d. Em 1964, grava seu primeiro disco-solo, na Copacabana, um compacto simples em que interpreta \u201cRosana\u201d e \u201cDeu a louca no mundo\u201d.\u00a0 Ainda em 64, vem seu primeiro hit mai\u00fasculo, \u201cPreste aten\u00e7\u00e3o (Fais attention)\u201d, vers\u00e3o de Paulo Queiroz. Um ano mais tarde, vem o primeiro LP, \u201cO jovem rom\u00e2ntico\u201d. Com seu bom mocismo e seus olhos verdes, Wanderley Cardoso era o genro que toda sogra queria ter. Na regi\u00e3o Nordeste, ele chegou a ser at\u00e9 mais popular do que o pr\u00f3prio Roberto Carlos, e foi o primeiro cantor brasileiro a aparecer na capa da revista \u201cO Cruzeiro\u201d.\u00a0 Entre seus maiores sucessos, podemos citar: \u201cO bom rapaz\u201d (sua marca registrada), \u201cDoce de coco\u201d, \u201cAbra\u00e7a-me forte\u201d, \u201cMinha namorada\u201d, \u201cSocorro, nosso amor est\u00e1 morrendo\u201d, \u201cMeu amor brigou comigo\u201d, \u201cVou gritar e acordar a cidade\u201d, \u201cN\u00e3o posso controlar meu pensamento\u201d, \u201cLuzes da avenida\u201d, \u201cMinhas l\u00e1grimas\u201d, \u201cSe ela voltar\u201d, \u201cA volta do piquenique\u201d, \u201cEles precisam saber\u201d, \u201cFale baixinho\u201d e muitos,muitos mais.\u00a0 Na televis\u00e3o, atuou no humor\u00edstico \u201cAdor\u00e1veis trapalh\u00f5es\u201d, ao lado de Renato Arag\u00e3o, Ivon C\u00fari e do lutador de telecatch Ted Boy Marino, na extinta TV Excelsior, e, um pouco mais tarde, seria uma das figurinhas carimbadas do quadro \u201cOs gal\u00e3s cantam e dan\u00e7am aos domingos\u201d, do \u201cPrograma S\u00edlvio Santos\u201d,mantendo o romantismo em seus discos e shows. Apresentou tamb\u00e9m programa de r\u00e1dio e foi ator de cinema, aparecendo em v\u00e1rios filmes.\u00a0 Gravou mais de novecentas m\u00fasicas e vendeu cerca de dezesseis milh\u00f5es de c\u00f3pias de seus 84 discos, em toda a carreira. Em 2002,ap\u00f3s uma fracassada volta ao disco, tentou suic\u00eddio, mas, superada essa fase, um ano depois,virou cantor gospel, dando um novo sentido \u00e0 sua vida e carreira. Wanderley Cardoso continua em franca atividade, e em seus shows apresenta can\u00e7\u00f5es gospel ao lado de seus antigos hits. Aqui, neste que foi seu segundo LP-solo, \u00e9 apresentado em plena efervesc\u00eancia da Jovem Guarda, com destaque para os hits \u201cMinha serenata\u201d e \u201cPromessa\u201d, este da dupla Roberto &amp; Erasmo Carlos, que Wandeco tamb\u00e9m interpretou no filme \u201cNa onda do i\u00ea-i\u00ea-i\u00ea\u201d. O curioso \u00e9 que a vers\u00e3o de \u201cVaya com Di\u00f3s\u201d apresentada neste disco (\u201cDeus te acompanhe,amor\u201d) \u00e9 assinada por Muibo C\u00e9sar Cury, parceiro de Teddy Vieira no cl\u00e1ssico \u201cJo\u00e3o-de-barro\u201d, e o Barroso da dupla com Barreto.\u00a0 Um grande momento da carreira de Wanderley Cardoso, indispens\u00e1vel para os saudosistas da Jovem Guarda e para os mais novos conhecerem. Bom divertiment<a href=\"http:\/\/depositfiles.org\/files\/14nzir4k8\" target=\"_blank\">o<\/a>!<\/div>\n<div><\/div>\n<div style=\"text-align: center;\">minha confiss\u00e3o<\/div>\n<div style=\"text-align: center;\">minha serenata<\/div>\n<div style=\"text-align: center;\">deus te acompanhe amor<\/div>\n<div style=\"text-align: center;\">se eu te perder<\/div>\n<div style=\"text-align: center;\">sou teu<\/div>\n<div style=\"text-align: center;\">sigamos semmedo<\/div>\n<div style=\"text-align: center;\">a paz que eu perdi em ti<\/div>\n<div style=\"text-align: center;\">te esperarei<\/div>\n<div style=\"text-align: center;\">perdidamente apaixondo<\/div>\n<div style=\"text-align: center;\">promessa<\/div>\n<div style=\"text-align: center;\">o mais puro amor<\/div>\n<div style=\"text-align: center;\">amor e ternura<\/div>\n<div style=\"text-align: center;\">e voc\u00ea n\u00e3o vem<\/div>\n<div><\/div>\n<div>* Texto de SAMUEL MACHADO FILHO.<\/div>\n","protected":false},"excerpt":{"rendered":"<p>\u201cPosso me considerar um homem feliz, pois consegui realizar a miss\u00e3o a que um dia me propus, e tive a felicidade de estar no momento certo,em que um grupo de jovens, com os mesmos ideais e muito valor, fazia modificar &hellip; <a href=\"https:\/\/www.toque-musicall.com\/?p=4478\">Continue lendo <span class=\"meta-nav\">&rarr;<\/span><\/a><\/p>\n","protected":false},"author":1,"featured_media":0,"comment_status":"open","ping_status":"closed","sticky":false,"template":"","format":"standard","meta":{"footnotes":""},"categories":[156,2421],"tags":[],"class_list":["post-4478","post","type-post","status-publish","format-standard","hentry","category-selo-som","category-wanderley-cardoso"],"_links":{"self":[{"href":"https:\/\/www.toque-musicall.com\/index.php?rest_route=\/wp\/v2\/posts\/4478","targetHints":{"allow":["GET"]}}],"collection":[{"href":"https:\/\/www.toque-musicall.com\/index.php?rest_route=\/wp\/v2\/posts"}],"about":[{"href":"https:\/\/www.toque-musicall.com\/index.php?rest_route=\/wp\/v2\/types\/post"}],"author":[{"embeddable":true,"href":"https:\/\/www.toque-musicall.com\/index.php?rest_route=\/wp\/v2\/users\/1"}],"replies":[{"embeddable":true,"href":"https:\/\/www.toque-musicall.com\/index.php?rest_route=%2Fwp%2Fv2%2Fcomments&post=4478"}],"version-history":[{"count":3,"href":"https:\/\/www.toque-musicall.com\/index.php?rest_route=\/wp\/v2\/posts\/4478\/revisions"}],"predecessor-version":[{"id":4485,"href":"https:\/\/www.toque-musicall.com\/index.php?rest_route=\/wp\/v2\/posts\/4478\/revisions\/4485"}],"wp:attachment":[{"href":"https:\/\/www.toque-musicall.com\/index.php?rest_route=%2Fwp%2Fv2%2Fmedia&parent=4478"}],"wp:term":[{"taxonomy":"category","embeddable":true,"href":"https:\/\/www.toque-musicall.com\/index.php?rest_route=%2Fwp%2Fv2%2Fcategories&post=4478"},{"taxonomy":"post_tag","embeddable":true,"href":"https:\/\/www.toque-musicall.com\/index.php?rest_route=%2Fwp%2Fv2%2Ftags&post=4478"}],"curies":[{"name":"wp","href":"https:\/\/api.w.org\/{rel}","templated":true}]}}