{"id":449,"date":"2011-05-26T10:32:00","date_gmt":"2011-05-26T10:32:00","guid":{"rendered":"http:\/\/www.toque-musicall.com\/?p=449"},"modified":"2011-05-26T10:32:00","modified_gmt":"2011-05-26T10:32:00","slug":"nana-caymmi-mudanca-dos-ventos-1980","status":"publish","type":"post","link":"https:\/\/www.toque-musicall.com\/?p=449","title":{"rendered":"Nana Caymmi &#8211; Mudan\u00e7a Dos Ventos (1980)"},"content":{"rendered":"<div style=\"clear: both; text-align: center;\"><a href=\"http:\/\/1.bp.blogspot.com\/-63UpKUg0wWc\/Td4i-QGGvOI\/AAAAAAAAIDE\/cudMUKhVRqE\/s1600\/nana+P.JPG\" style=\"margin-left: 1em; margin-right: 1em;\"><img loading=\"lazy\" decoding=\"async\" border=\"0\" height=\"395\" src=\"http:\/\/1.bp.blogspot.com\/-63UpKUg0wWc\/Td4i-QGGvOI\/AAAAAAAAIDE\/cudMUKhVRqE\/s400\/nana+P.JPG\" width=\"400\" \/><\/a><\/div>\n<p>Numa semana dedicada \u00e0s cantoras, mesmo num limitado sete dias, ou sete postagens, eu n\u00e3o poderia deixar de fora uma das cantoras que eu mais aprecio, Nana Caymmi. Por certo, h\u00e1 dezenas ou centenas de grandes cantoras, umas at\u00e9 desconhecidas do grande p\u00fablico, que seriam as mais indicadas para a nossa mostra, mas n\u00e3o me contive ao desejo de ouvir e ter aqui no Toque Musical mais um bel\u00edssimo trabalho desta maravilhosa cantora.<br \/>&#8220;Mudan\u00e7a dos Ventos&#8221; foi lan\u00e7ado pela EMI-Odeon no \u00ednicio dos anos 80. Felizmente, o que mudou foi s\u00f3 os ventos, pois a cantora aqui continua a mesma, sen\u00e3o melhor. Um excelente repert\u00f3rio, bons m\u00fasicos, bons arranjos e boa produ\u00e7\u00e3o. O grupo vocal Boca Livre participa do disco em duas faixas: &#8220;Meu bem querer&#8221;, de \u00a0Djavan e &#8220;Estrela da terra&#8221;, de Paulo Cesar Pinheiro e Dori Caymmi.<br \/>Este \u00e1lbum, pelo que eu pude verificar, j\u00e1 foi bem divulgado em outros blogs. Possivelmente os amigos cultos e ocultos j\u00e1 o localizaram. Mesmo assim, como disse, n\u00e3o resisti a tenta\u00e7\u00e3o. Al\u00e9m de ser um disco que eu gosto muito \u00e9 um dos melhores trabalhos fonogr\u00e1ficos lan\u00e7ados naquela bendita d\u00e9cada. Tem que conferir&#8230;<\/p>\n<div style=\"text-align: center;\">mudan\u00e7a dos ventos<\/div>\n<div style=\"text-align: center;\">can\u00e7\u00e3o da manh\u00e3 feliz<\/div>\n<div style=\"text-align: center;\">meu bem querer<\/div>\n<div style=\"text-align: center;\">p\u00e9rola<\/div>\n<div style=\"text-align: center;\">meu sil\u00eancio<\/div>\n<div style=\"text-align: center;\">rama de nuvens<\/div>\n<div style=\"text-align: center;\">estrela da terra<\/div>\n<div style=\"text-align: center;\">de volta ao come\u00e7o<\/div>\n<div style=\"text-align: center;\">fantasia (minha realidade)<\/div>\n<div style=\"text-align: center;\">mist\u00e9rios<\/div>\n<div style=\"text-align: center;\">a m\u00f3 do tempo<\/div>\n<div style=\"text-align: center;\">essas tardes assim<\/div>\n<div style=\"text-align: center;\"><\/div>\n<div style=\"text-align: center;\"><\/div>\n","protected":false},"excerpt":{"rendered":"<p>Numa semana dedicada \u00e0s cantoras, mesmo num limitado sete dias, ou sete postagens, eu n\u00e3o poderia deixar de fora uma das cantoras que eu mais aprecio, Nana Caymmi. Por certo, h\u00e1 dezenas ou centenas de grandes cantoras, umas at\u00e9 desconhecidas &hellip; <a href=\"https:\/\/www.toque-musicall.com\/?p=449\">Continue lendo <span class=\"meta-nav\">&rarr;<\/span><\/a><\/p>\n","protected":false},"author":1,"featured_media":0,"comment_status":"open","ping_status":"closed","sticky":false,"template":"","format":"standard","meta":{"footnotes":""},"categories":[715,244],"tags":[],"class_list":["post-449","post","type-post","status-publish","format-standard","hentry","category-nana-caymmi","category-selo-emi-odeon"],"_links":{"self":[{"href":"https:\/\/www.toque-musicall.com\/index.php?rest_route=\/wp\/v2\/posts\/449","targetHints":{"allow":["GET"]}}],"collection":[{"href":"https:\/\/www.toque-musicall.com\/index.php?rest_route=\/wp\/v2\/posts"}],"about":[{"href":"https:\/\/www.toque-musicall.com\/index.php?rest_route=\/wp\/v2\/types\/post"}],"author":[{"embeddable":true,"href":"https:\/\/www.toque-musicall.com\/index.php?rest_route=\/wp\/v2\/users\/1"}],"replies":[{"embeddable":true,"href":"https:\/\/www.toque-musicall.com\/index.php?rest_route=%2Fwp%2Fv2%2Fcomments&post=449"}],"version-history":[{"count":0,"href":"https:\/\/www.toque-musicall.com\/index.php?rest_route=\/wp\/v2\/posts\/449\/revisions"}],"wp:attachment":[{"href":"https:\/\/www.toque-musicall.com\/index.php?rest_route=%2Fwp%2Fv2%2Fmedia&parent=449"}],"wp:term":[{"taxonomy":"category","embeddable":true,"href":"https:\/\/www.toque-musicall.com\/index.php?rest_route=%2Fwp%2Fv2%2Fcategories&post=449"},{"taxonomy":"post_tag","embeddable":true,"href":"https:\/\/www.toque-musicall.com\/index.php?rest_route=%2Fwp%2Fv2%2Ftags&post=449"}],"curies":[{"name":"wp","href":"https:\/\/api.w.org\/{rel}","templated":true}]}}