{"id":45,"date":"2012-06-02T22:50:00","date_gmt":"2012-06-02T22:50:00","guid":{"rendered":"http:\/\/www.toque-musicall.com\/?p=45"},"modified":"2012-06-02T22:50:00","modified_gmt":"2012-06-02T22:50:00","slug":"o-maximo-de-sucesso-da-musica-popular-brasileira-1968","status":"publish","type":"post","link":"https:\/\/www.toque-musicall.com\/?p=45","title":{"rendered":"O M\u00e1ximo De Sucesso Da M\u00fasica Popular Brasileira (1968)"},"content":{"rendered":"<div style=\"clear: both; text-align: center;\"><a href=\"http:\/\/4.bp.blogspot.com\/-A1Fmf5kWdFQ\/T8qImYJMwQI\/AAAAAAAACko\/qh0uhZGWf54\/s1600\/capap.JPG\" style=\"margin-left: 1em; margin-right: 1em;\"><img loading=\"lazy\" decoding=\"async\" border=\"0\" height=\"391\" src=\"http:\/\/4.bp.blogspot.com\/-A1Fmf5kWdFQ\/T8qImYJMwQI\/AAAAAAAACko\/qh0uhZGWf54\/s400\/capap.JPG\" width=\"400\" \/><\/a><\/div>\n<div style=\"clear: both; text-align: center;\"><a href=\"http:\/\/1.bp.blogspot.com\/-7rGHkBaa6Vk\/T8qIhD70J7I\/AAAAAAAACkg\/sfNeZqGpqRQ\/s1600\/contracapap.JPG\" style=\"margin-left: 1em; margin-right: 1em;\"><img loading=\"lazy\" decoding=\"async\" border=\"0\" height=\"391\" src=\"http:\/\/1.bp.blogspot.com\/-7rGHkBaa6Vk\/T8qIhD70J7I\/AAAAAAAACkg\/sfNeZqGpqRQ\/s400\/contracapap.JPG\" width=\"400\" \/><\/a><\/div>\n<p>Boa noite, prezados! Ufa! Finalmente em casa e em tempo de postagem! Nem no fim de semana eu estou tendo folga. Tamb\u00e9m, quem mandou eu querer fazer deste blog um di\u00e1rio? Agora aguenta&#8230;<br \/>Para o nosso s\u00e1bado de colet\u00e2nea eu tenho aqui este \u00e1lbum lan\u00e7ado pela Philips em 1968, trazendo alguns de seus artistas de destaque, nomes consagrados que fazem desta uma sele\u00e7\u00e3o de primeira qualidade. Nem \u00e9 preciso falar muito, vem estampado no encarte o que vamos encontrar. Alguns desses fonogramas a gente pode at\u00e9 considerar como raridades. \u00c9 o caso de Tuca interpretando &#8220;Verde&#8221;, de M\u00e1rio de Castro e Antonio Carlos Ducan, ou &#8220;Madrugada (Caranval acabou)&#8221;, de Arthur Verocai e Paulinho Tapaj\u00f3s, na voz de Magda. Ta\u00ed uma colet\u00e2nea que a pena pedir e ouvir \ud83d\ude09<\/p>\n<div style=\"text-align: center;\">lapinha (da bienal de s\u00e3o paulo) &#8211; elis regina<\/div>\n<div style=\"text-align: center;\">frevo rasgado &#8211; gilberto gil<\/div>\n<div style=\"text-align: center;\">janu\u00e1ria &#8211; claudette soares<\/div>\n<div style=\"text-align: center;\">quem dera (da bienal de s\u00e3o paulo) &#8211; mpb-4<\/div>\n<div style=\"text-align: center;\">at\u00e9 segunda feira &#8211; jair rodrigues<\/div>\n<div style=\"text-align: center;\">e nada mais &#8211; agora 4<\/div>\n<div style=\"text-align: center;\">viola enluarada &#8211; jari rodrigues<\/div>\n<div style=\"text-align: center;\">eu e a brisa &#8211; m\u00e1rcia<\/div>\n<div style=\"text-align: center;\">madrugada (carnaval acabou) &#8211; magda<\/div>\n<div style=\"text-align: center;\">verde &#8211; tuca<\/div>\n<div style=\"text-align: center;\">retrato em branco em preto &#8211; quarteto em cy<\/div>\n<div style=\"text-align: center;\">samba da ben\u00e7\u00e3o &#8211; elis regina\u00a0<\/div>\n","protected":false},"excerpt":{"rendered":"<p>Boa noite, prezados! Ufa! Finalmente em casa e em tempo de postagem! Nem no fim de semana eu estou tendo folga. Tamb\u00e9m, quem mandou eu querer fazer deste blog um di\u00e1rio? Agora aguenta&#8230;Para o nosso s\u00e1bado de colet\u00e2nea eu tenho &hellip; <a href=\"https:\/\/www.toque-musicall.com\/?p=45\">Continue lendo <span class=\"meta-nav\">&rarr;<\/span><\/a><\/p>\n","protected":false},"author":1,"featured_media":0,"comment_status":"open","ping_status":"closed","sticky":false,"template":"","format":"standard","meta":{"footnotes":""},"categories":[47,49,52,45,43,46,51,50,48,44],"tags":[],"class_list":["post-45","post","type-post","status-publish","format-standard","hentry","category-agora-4","category-claudette-soares","category-elis-regina","category-gilberto-gil","category-jair-rodrigues","category-magda","category-mpb-4","category-quarteto-em-cy","category-selo-philips","category-tuca"],"_links":{"self":[{"href":"https:\/\/www.toque-musicall.com\/index.php?rest_route=\/wp\/v2\/posts\/45","targetHints":{"allow":["GET"]}}],"collection":[{"href":"https:\/\/www.toque-musicall.com\/index.php?rest_route=\/wp\/v2\/posts"}],"about":[{"href":"https:\/\/www.toque-musicall.com\/index.php?rest_route=\/wp\/v2\/types\/post"}],"author":[{"embeddable":true,"href":"https:\/\/www.toque-musicall.com\/index.php?rest_route=\/wp\/v2\/users\/1"}],"replies":[{"embeddable":true,"href":"https:\/\/www.toque-musicall.com\/index.php?rest_route=%2Fwp%2Fv2%2Fcomments&post=45"}],"version-history":[{"count":0,"href":"https:\/\/www.toque-musicall.com\/index.php?rest_route=\/wp\/v2\/posts\/45\/revisions"}],"wp:attachment":[{"href":"https:\/\/www.toque-musicall.com\/index.php?rest_route=%2Fwp%2Fv2%2Fmedia&parent=45"}],"wp:term":[{"taxonomy":"category","embeddable":true,"href":"https:\/\/www.toque-musicall.com\/index.php?rest_route=%2Fwp%2Fv2%2Fcategories&post=45"},{"taxonomy":"post_tag","embeddable":true,"href":"https:\/\/www.toque-musicall.com\/index.php?rest_route=%2Fwp%2Fv2%2Ftags&post=45"}],"curies":[{"name":"wp","href":"https:\/\/api.w.org\/{rel}","templated":true}]}}