{"id":4526,"date":"2014-10-09T22:20:06","date_gmt":"2014-10-10T01:20:06","guid":{"rendered":"http:\/\/www.toque-musicall.com\/?p=4526"},"modified":"2014-10-10T08:22:39","modified_gmt":"2014-10-10T11:22:39","slug":"dalva-de-andrade-prece-1964","status":"publish","type":"post","link":"https:\/\/www.toque-musicall.com\/?p=4526","title":{"rendered":"Dalva De Andrade &#8211; Prece (1964)"},"content":{"rendered":"<p><img loading=\"lazy\" decoding=\"async\" class=\"aligncenter\" alt=\"\" src=\"http:\/\/1.bp.blogspot.com\/-VPg9Iq8GeQg\/VDe9if0wCKI\/AAAAAAAAKdA\/fUVXGbfPruo\/s1600\/capap.JPG\" width=\"1000\" height=\"991\" \/><img loading=\"lazy\" decoding=\"async\" class=\"aligncenter\" alt=\"\" src=\"http:\/\/1.bp.blogspot.com\/-IbiUgWT-JTY\/VDe9m-hDFLI\/AAAAAAAAKdI\/8Rz9IL3YrcE\/s1600\/contrap.JPG\" width=\"1000\" height=\"991\" \/><\/p>\n<div>O Toque Musical hoje oferece a seus amigos cultos, ocultos e associados um \u00e1lbum dedicado \u00e0 obra de Marino\u00a0 (do Esp\u00edrito Santo) Pinto (Bom Jardim, RJ, 18\/7\/1916-Rio de Janeiro, 28\/1\/1965), sem d\u00favida um dos maiores compositores brasileiros. Filho de um violonista e cantor amador, Marino fez sua primeira composi\u00e7\u00e3o aos onze anos de idade, \u201cIlka\u201d, dedicada a uma namorada. Mudou-se para o Rio de Janeiro em 1927, e um ano depois iniciou seus estudos. Com 13 anos, passou a frequentar aos domingos a R\u00e1dio Philips, tornado-se grande f\u00e3 de S\u00edlvio Caldas. Em 1934, foi aprovado no vestibular de Direito, mas n\u00e3o concluiu o curso. Dedicando-se mais tarde ao jornalismo, trabalhou em ve\u00edculos diversos, abandonando o of\u00edcio em 1943 e tornando-se comerciante, mais precisamente na Casa Waldeck,onde era gerente, e onde eram vendedores nada mais nada menos que os tamb\u00e9m compositores Haroldo Lobo e M\u00edlton de Oliveira. Deixou o emprego em 1945 para se dedicar \u00e0 carreira art\u00edstica e, um ano depois, foi s\u00f3cio-fundador da SBACEM (Sociedade Brasileira de Autores, Compositores e Escritores de M\u00fasica). Em 1957, foi presidente do conselho deliberativo dessa entidade, sendo eleito , dois anos mais tarde, seu conselheiro vital\u00edcio, e,em 1960, presidente\u00a0 da SBACEM, sendo reeleito em 1962 e 1964. A primeira composi\u00e7\u00e3o gravada de Marino Pinto foi \u201cFale mal, mas fale de mim\u201d,de parceria com Ataulfo Alves,na voz de Aracy de Almeida. Em 1942, obteve estrondoso sucesso com \u201cAos p\u00e9s da cruz\u201d, que fez com Z\u00e9 da Zilda, na voz de Orlando Silva.Outros hits de Marino Pinto como autor s\u00e3o \u201cQue ser\u00e1?\u201d (com M\u00e1rio Rossi),\u00a0 \u201cEstrela do mar\u201d (com Paulo Soledade), \u201cSegredo\u201d (com Herivelto Martins)\u201cPrece\u201d (com Vadico, que o pr\u00f3prio parceiro considerava sua obra-prima), \u201cAula de matem\u00e1tica\u201d (com Tom Jobim), \u201cSucedeu assim\u201d (idem), a marchinha carnavalesca \u201cPula, caminha\u201d (com Manezinho Ara\u00fajo), \u201cVulto\u201d (com Wilson Batista)etc. \u00a0\u201cPrece\u201d ,um samba-prel\u00fadio, vem a ser o t\u00edtulo deste \u00e1lbum-homenagem a Marino Pinto, com texto de contracapa dele pr\u00f3prio.Lan\u00e7ado pela Odeon em fins de 1964, pouco antes da morte do compositor, foi gravado por uma das mais expressivas cantoras da \u00e9poca, Dalva de Andrade, carioca nascida em 2 de abril de 1935. As orquestra\u00e7\u00f5es e reg\u00eancias foram entregues a um verdadeiro \u201cexpert\u201d na mat\u00e9ria, L\u00edrio Panicalli, com a dire\u00e7\u00e3o e coordena\u00e7\u00e3o art\u00edstica de outro \u201ccobra\u201d, M\u00edlton Miranda. No repert\u00f3rio, v\u00e1rias composi\u00e7\u00f5es de Marino com parceiros diversos, grande parte j\u00e1 conhecida nas vozes de outros int\u00e9rpretes, a saber: a pr\u00f3pria faixa-t\u00edtulo, parceria com Vadico (cria\u00e7\u00e3o de Helena de Lima), \u201cReverso\u201d, \u201cTalvez\u201d,ambas feitas por Marino em\u00a0 parceria com o cantor Gilberto Milfont, \u201cSe o tempo entendesse\u201d, \u00a0\u201cQue seja eu\u201d , ambas em parceria com M\u00e1rio Rossi (e todas quatro originalmente lan\u00e7adas por L\u00facio Alves), \u201cVelha pra\u00e7a\u201d (Elizeth Cardoso), \u2018Vulto\u201d (com Wilson Batista, lan\u00e7ada por outra Batista, a Dircinha), \u201cSegredo\u201d (parceria com Herivelto Martins, pontap\u00e9 inicial definitivo da carreira-solo de Dalva de Oliveira), \u201cSucedeu assim\u201d (com Tom Jobim, cria\u00e7\u00e3o de Vanja Orico) e \u201cRen\u00fancia\u201d (sem parceiro, lan\u00e7ada por Orlando Silva). Completando o repert\u00f3rio, as ent\u00e3o in\u00e9ditas \u201cC\u00e9u azul\u201d (com Paulo Valdez) e \u201cBoa noite, esperan\u00e7a\u201d (com M\u00e1rio Rossi).\u00a0 Por ironia do destino, Marino Pinto faleceria pouco depois do lan\u00e7amento deste \u00e1lbum.\u00a0 J\u00e1 Dalva de Andrade deixaria a carreira art\u00edstica alguns anos depois, em virtude de problemas de defici\u00eancia auditiva, s\u00f3 lan\u00e7ando depois disso (1979\/80) dois compactos de produ\u00e7\u00e3o independente.\u00a0 S\u00e3o dois fatores que, por si s\u00f3, recomendam e d\u00e3o ainda mais valor hist\u00f3rico a este \u201cPrece\u201d. Ou\u00e7am e aprecie<a href=\"http:\/\/depositfiles.org\/files\/diiu0uk6z\" target=\"_blank\">m<\/a>&#8230;<\/div>\n<div><\/div>\n<div style=\"text-align: center;\">prece<\/div>\n<div style=\"text-align: center;\">reverso<\/div>\n<div style=\"text-align: center;\">velha pra\u00e7a<\/div>\n<div style=\"text-align: center;\">se o tempo entendesse<\/div>\n<div style=\"text-align: center;\">c\u00e9u azul<\/div>\n<div style=\"text-align: center;\">vulto<\/div>\n<div style=\"text-align: center;\">que seja eu<\/div>\n<div style=\"text-align: center;\">segredo<\/div>\n<div style=\"text-align: center;\">sucedeu assim<\/div>\n<div style=\"text-align: center;\">talvez<\/div>\n<div style=\"text-align: center;\">boa noite esperan\u00e7a<\/div>\n<div style=\"text-align: center;\">ren\u00fancia<\/div>\n<div><\/div>\n<div>*Texto de Samuel Machado Filho<\/div>\n","protected":false},"excerpt":{"rendered":"<p>O Toque Musical hoje oferece a seus amigos cultos, ocultos e associados um \u00e1lbum dedicado \u00e0 obra de Marino\u00a0 (do Esp\u00edrito Santo) Pinto (Bom Jardim, RJ, 18\/7\/1916-Rio de Janeiro, 28\/1\/1965), sem d\u00favida um dos maiores compositores brasileiros. Filho de um &hellip; <a href=\"https:\/\/www.toque-musicall.com\/?p=4526\">Continue lendo <span class=\"meta-nav\">&rarr;<\/span><\/a><\/p>\n","protected":false},"author":1,"featured_media":0,"comment_status":"open","ping_status":"closed","sticky":false,"template":"","format":"standard","meta":{"footnotes":""},"categories":[1738,86],"tags":[],"class_list":["post-4526","post","type-post","status-publish","format-standard","hentry","category-dalva-de-andrade","category-selo-odeon"],"_links":{"self":[{"href":"https:\/\/www.toque-musicall.com\/index.php?rest_route=\/wp\/v2\/posts\/4526","targetHints":{"allow":["GET"]}}],"collection":[{"href":"https:\/\/www.toque-musicall.com\/index.php?rest_route=\/wp\/v2\/posts"}],"about":[{"href":"https:\/\/www.toque-musicall.com\/index.php?rest_route=\/wp\/v2\/types\/post"}],"author":[{"embeddable":true,"href":"https:\/\/www.toque-musicall.com\/index.php?rest_route=\/wp\/v2\/users\/1"}],"replies":[{"embeddable":true,"href":"https:\/\/www.toque-musicall.com\/index.php?rest_route=%2Fwp%2Fv2%2Fcomments&post=4526"}],"version-history":[{"count":1,"href":"https:\/\/www.toque-musicall.com\/index.php?rest_route=\/wp\/v2\/posts\/4526\/revisions"}],"predecessor-version":[{"id":4527,"href":"https:\/\/www.toque-musicall.com\/index.php?rest_route=\/wp\/v2\/posts\/4526\/revisions\/4527"}],"wp:attachment":[{"href":"https:\/\/www.toque-musicall.com\/index.php?rest_route=%2Fwp%2Fv2%2Fmedia&parent=4526"}],"wp:term":[{"taxonomy":"category","embeddable":true,"href":"https:\/\/www.toque-musicall.com\/index.php?rest_route=%2Fwp%2Fv2%2Fcategories&post=4526"},{"taxonomy":"post_tag","embeddable":true,"href":"https:\/\/www.toque-musicall.com\/index.php?rest_route=%2Fwp%2Fv2%2Ftags&post=4526"}],"curies":[{"name":"wp","href":"https:\/\/api.w.org\/{rel}","templated":true}]}}