{"id":453,"date":"2011-05-23T00:10:00","date_gmt":"2011-05-23T00:10:00","guid":{"rendered":"http:\/\/www.toque-musicall.com\/?p=453"},"modified":"2011-05-23T00:10:00","modified_gmt":"2011-05-23T00:10:00","slug":"chicletes-com-banana-estacao-das-cores-1982","status":"publish","type":"post","link":"https:\/\/www.toque-musicall.com\/?p=453","title":{"rendered":"Chicletes Com Banana &#8211; Esta\u00e7\u00e3o Das Cores (1982)"},"content":{"rendered":"<div style=\"clear: both; text-align: center;\"><a href=\"http:\/\/3.bp.blogspot.com\/-iIM77dllDFw\/TdmY7bb3IhI\/AAAAAAAAICk\/kSDztePNDYo\/s1600\/chicletes+P.JPG\" style=\"margin-left: 1em; margin-right: 1em;\"><img loading=\"lazy\" decoding=\"async\" border=\"0\" height=\"393\" src=\"http:\/\/3.bp.blogspot.com\/-iIM77dllDFw\/TdmY7bb3IhI\/AAAAAAAAICk\/kSDztePNDYo\/s400\/chicletes+P.JPG\" width=\"400\" \/><\/a><\/div>\n<p>Amigos cultos e ocultos, ax\u00e9! Finalmente aqui estou para bater o ponto tamb\u00e9m no domingo. Hoje ainda tenho muitas atualiza\u00e7\u00f5es para fazer no nosso Toque Musical. Fui deixar acumular, agora \u00e9 resolver&#8230;<br \/>Eu hoje vou postar (com outros olhos) este disco da banda baiana, &#8216;Chiclete com Banana&#8217;. Para aqueles que costumam torcer o nariz para derivados musicais baianos a partir dos anos 80 pra c\u00e1, esta postagem pode parecer mais um &#8216;devaneio augustiano&#8217;. Mas, qual nada, estou postando &#8220;Esta\u00e7\u00e3o das Cores&#8221; porque se trata de um disco que at\u00e9 hoje n\u00e3o chegou a ser relan\u00e7ado em cd. Se vai fazer muita falta eu n\u00e3o sei. Eu sei \u00e9 que ao ouv\u00ed-lo me pareceu at\u00e9 bem agrad\u00e1vel. Me fez lembrar em alguns momentos coisas como A Cor do Som ou Moraes Moreira. Este \u00e1lbum, embora n\u00e3o seja in\u00e9dito na blogosfera, \u00e9 hoje tamb\u00e9m dif\u00edcil de achar. Portanto, para fazer a alegria daqueles que haviam me feito essa solicita\u00e7\u00e3o e principalmente para os que \u00a0ainda n\u00e3o conhecem, vamos para a Esta\u00e7\u00e3o das Cores, uma parada ainda idealista.<\/p>\n<div style=\"text-align: center;\">estrela menina<\/div>\n<div style=\"text-align: center;\">meu bal\u00e3o<\/div>\n<div style=\"text-align: center;\">tribo nag\u00f4<\/div>\n<div style=\"text-align: center;\">chorinho pra wadinho<\/div>\n<div style=\"text-align: center;\">at\u00e9 o carnaval trazer todo o ax\u00e9<\/div>\n<div style=\"text-align: center;\">esta\u00e7\u00e3o das cores<\/div>\n<div style=\"text-align: center;\">transcedan\u00e7a<\/div>\n<div style=\"text-align: center;\">a vida<\/div>\n<div style=\"text-align: center;\">simplesmente pelourinho<\/div>\n<div style=\"text-align: center;\">um brilho que traz a massa<\/div>\n","protected":false},"excerpt":{"rendered":"<p>Amigos cultos e ocultos, ax\u00e9! Finalmente aqui estou para bater o ponto tamb\u00e9m no domingo. Hoje ainda tenho muitas atualiza\u00e7\u00f5es para fazer no nosso Toque Musical. Fui deixar acumular, agora \u00e9 resolver&#8230;Eu hoje vou postar (com outros olhos) este disco &hellip; <a href=\"https:\/\/www.toque-musicall.com\/?p=453\">Continue lendo <span class=\"meta-nav\">&rarr;<\/span><\/a><\/p>\n","protected":false},"author":1,"featured_media":0,"comment_status":"open","ping_status":"closed","sticky":false,"template":"","format":"standard","meta":{"footnotes":""},"categories":[719,40],"tags":[],"class_list":["post-453","post","type-post","status-publish","format-standard","hentry","category-chiclete-com-banana","category-selo-continental"],"_links":{"self":[{"href":"https:\/\/www.toque-musicall.com\/index.php?rest_route=\/wp\/v2\/posts\/453","targetHints":{"allow":["GET"]}}],"collection":[{"href":"https:\/\/www.toque-musicall.com\/index.php?rest_route=\/wp\/v2\/posts"}],"about":[{"href":"https:\/\/www.toque-musicall.com\/index.php?rest_route=\/wp\/v2\/types\/post"}],"author":[{"embeddable":true,"href":"https:\/\/www.toque-musicall.com\/index.php?rest_route=\/wp\/v2\/users\/1"}],"replies":[{"embeddable":true,"href":"https:\/\/www.toque-musicall.com\/index.php?rest_route=%2Fwp%2Fv2%2Fcomments&post=453"}],"version-history":[{"count":0,"href":"https:\/\/www.toque-musicall.com\/index.php?rest_route=\/wp\/v2\/posts\/453\/revisions"}],"wp:attachment":[{"href":"https:\/\/www.toque-musicall.com\/index.php?rest_route=%2Fwp%2Fv2%2Fmedia&parent=453"}],"wp:term":[{"taxonomy":"category","embeddable":true,"href":"https:\/\/www.toque-musicall.com\/index.php?rest_route=%2Fwp%2Fv2%2Fcategories&post=453"},{"taxonomy":"post_tag","embeddable":true,"href":"https:\/\/www.toque-musicall.com\/index.php?rest_route=%2Fwp%2Fv2%2Ftags&post=453"}],"curies":[{"name":"wp","href":"https:\/\/api.w.org\/{rel}","templated":true}]}}