{"id":4532,"date":"2014-10-11T21:12:04","date_gmt":"2014-10-12T00:12:04","guid":{"rendered":"http:\/\/www.toque-musicall.com\/?p=4532"},"modified":"2014-10-13T08:22:18","modified_gmt":"2014-10-13T11:22:18","slug":"5o-festival-de-musicas-de-favela-1974","status":"publish","type":"post","link":"https:\/\/www.toque-musicall.com\/?p=4532","title":{"rendered":"5\u00ba Festival De M\u00fasicas De Favela (1974)"},"content":{"rendered":"<h1 class=\"title entry-title\" itemprop=\"name\"><img loading=\"lazy\" decoding=\"async\" class=\"aligncenter\" alt=\"\" src=\"http:\/\/1.bp.blogspot.com\/-fqMJE0CBm8Y\/VDnA2Bdx0tI\/AAAAAAAAKdw\/foBgnx0KC8Y\/s1600\/capap.JPG\" width=\"1000\" height=\"999\" \/><img loading=\"lazy\" decoding=\"async\" class=\"aligncenter\" alt=\"\" src=\"http:\/\/4.bp.blogspot.com\/-LImKmgKqHm8\/VDnA8UhEhFI\/AAAAAAAAKd4\/72RbBdQzAv4\/s1600\/contrap.JPG\" width=\"1000\" height=\"1001\" \/><\/h1>\n<p>Ol\u00e1 amigos cultos e ocultos! Aproveitando uma encomenda de digitaliza\u00e7\u00e3o de discos, escolhi entre os tantos este curioso e obscuro lp. Digo isso porque al\u00e9m de ser um trabalho antigo, deve ter sido tamb\u00e9m um disco de edi\u00e7\u00e3o limitada. Uma produ\u00e7\u00e3o da CID (Companhia Industrial de Discos), de Harry Zuckermann, mas com o selo OBA (a Etiqueta do Sambista), criado especificamente para atender ao prop\u00f3sito que era a quinta edi\u00e7\u00e3o do Festival de M\u00fasicas de Favela. Este festival, por certo foi um evento tradicional na cidade do Rio de Janeiro, como podemos ver aqui, j\u00e1 estava em sua quinta edi\u00e7\u00e3o. Inclusive, fui buscar na rede mais informa\u00e7\u00f5es, mas n\u00e3o h\u00e1 nada al\u00e9m do fato de que na terceira edi\u00e7\u00e3o, de 1965, quem se saiu vencedor foi a cantora e compositora Aparecida com seu samba &#8220;Zumbi, Zumbi&#8221;, defendendo a favela da Caf\u00faa. Numa pesquisa r\u00e1pida ao Google n\u00e3o passamos disso. H\u00e1 referencias sobre outras edi\u00e7\u00f5es, mas principalmente no Mercado Livre, onde ainda se pode encontrar esses discos. E pelo que vi, houve outros festivais de m\u00fasica nessa linha como o &#8220;I Festival de Favelas&#8221;, gravado ao vivo e lan\u00e7ado nos anos 60 pelo selo Caravelle e o &#8220;Festival de Favela&#8221;. Em 1976 saiu pela Top Tape um lp\u00a0 que eu entendo como sendo a sexta edi\u00e7\u00e3o do Festival de M\u00fasicas de Favela. Pelos artistas participantes, acredito que seja o mesmo festival e pelo jeito deve ter sido o \u00faltimo que mereceu um registro fonogr\u00e1fico.<br \/>\nNesta quinta edi\u00e7\u00e3o que eu apresento a voc\u00eas temos doze sambas de qualidade. Ali\u00e1s, qualidade e originalidade \u00e9 o que n\u00e3o faltava nessa \u00e9poca. M\u00fasicas muito boas, com compositores e int\u00e9rpretes muito bem selecionados. Se fosse hoje, um festival como este teria a maldi\u00e7\u00e3o do funk, do rap e outras merdas que vem ajudando a destruir a cultura musical dos morros, das favelas do Rio de Janeiro. Aqui ainda podemos encontrar o &#8220;Morro original&#8221;, que \u00e9 tamb\u00e9m o t\u00edtulo da m\u00fasica vencedora desta edi\u00e7\u00e3o, composta por Fabr\u00edcio Silva e Dod\u00f4 Marujo e defendida por Jo\u00e3o de Deus. Sem d\u00favida, um disco interessante, que merece seu destaque no universo hist\u00f3rico do samb<a href=\"http:\/\/depositfiles.org\/files\/xqnb0lpij\" target=\"_blank\">a<\/a>.<\/p>\n<div style=\"text-align: center;\">morro original &#8211; jo\u00e3o de deus<\/div>\n<div style=\"text-align: center;\">apolo do samba &#8211; z\u00e9 ded\u00e3o<\/div>\n<div style=\"text-align: center;\">\u00e9 o dend\u00ea &#8211; jeremias<\/div>\n<div style=\"text-align: center;\">amor e fantasia &#8211; as sublimes<\/div>\n<div style=\"text-align: center;\">fuga &#8211; leninha<\/div>\n<div style=\"text-align: center;\">no bico &#8211; ben\u00e9 silva<\/div>\n<div style=\"text-align: center;\">noite fria &#8211; trio moreno<\/div>\n<div style=\"text-align: center;\">samba do criolo falado &#8211; colorido<\/div>\n<div style=\"text-align: center;\">a batucada chegou &#8211; quinteto santos<\/div>\n<div style=\"text-align: center;\">vida x luto &#8211; rubens da mangueira<\/div>\n<div style=\"text-align: center;\">negro dez &#8211; cleto<\/div>\n<div style=\"text-align: center;\">caso s\u00e9rio &#8211; wilson diabo<\/div>\n<div style=\"text-align: center;\"><\/div>\n<div style=\"text-align: center;\">.<\/div>\n<p>&nbsp;<\/p>\n","protected":false},"excerpt":{"rendered":"<p>Ol\u00e1 amigos cultos e ocultos! Aproveitando uma encomenda de digitaliza\u00e7\u00e3o de discos, escolhi entre os tantos este curioso e obscuro lp. Digo isso porque al\u00e9m de ser um trabalho antigo, deve ter sido tamb\u00e9m um disco de edi\u00e7\u00e3o limitada. Uma &hellip; <a href=\"https:\/\/www.toque-musicall.com\/?p=4532\">Continue lendo <span class=\"meta-nav\">&rarr;<\/span><\/a><\/p>\n","protected":false},"author":1,"featured_media":0,"comment_status":"open","ping_status":"closed","sticky":false,"template":"","format":"standard","meta":{"footnotes":""},"categories":[278,2433],"tags":[],"class_list":["post-4532","post","type-post","status-publish","format-standard","hentry","category-festivais","category-selo-oba"],"_links":{"self":[{"href":"https:\/\/www.toque-musicall.com\/index.php?rest_route=\/wp\/v2\/posts\/4532","targetHints":{"allow":["GET"]}}],"collection":[{"href":"https:\/\/www.toque-musicall.com\/index.php?rest_route=\/wp\/v2\/posts"}],"about":[{"href":"https:\/\/www.toque-musicall.com\/index.php?rest_route=\/wp\/v2\/types\/post"}],"author":[{"embeddable":true,"href":"https:\/\/www.toque-musicall.com\/index.php?rest_route=\/wp\/v2\/users\/1"}],"replies":[{"embeddable":true,"href":"https:\/\/www.toque-musicall.com\/index.php?rest_route=%2Fwp%2Fv2%2Fcomments&post=4532"}],"version-history":[{"count":3,"href":"https:\/\/www.toque-musicall.com\/index.php?rest_route=\/wp\/v2\/posts\/4532\/revisions"}],"predecessor-version":[{"id":4537,"href":"https:\/\/www.toque-musicall.com\/index.php?rest_route=\/wp\/v2\/posts\/4532\/revisions\/4537"}],"wp:attachment":[{"href":"https:\/\/www.toque-musicall.com\/index.php?rest_route=%2Fwp%2Fv2%2Fmedia&parent=4532"}],"wp:term":[{"taxonomy":"category","embeddable":true,"href":"https:\/\/www.toque-musicall.com\/index.php?rest_route=%2Fwp%2Fv2%2Fcategories&post=4532"},{"taxonomy":"post_tag","embeddable":true,"href":"https:\/\/www.toque-musicall.com\/index.php?rest_route=%2Fwp%2Fv2%2Ftags&post=4532"}],"curies":[{"name":"wp","href":"https:\/\/api.w.org\/{rel}","templated":true}]}}