{"id":4538,"date":"2014-10-13T08:43:22","date_gmt":"2014-10-13T11:43:22","guid":{"rendered":"http:\/\/www.toque-musicall.com\/?p=4538"},"modified":"2014-10-13T12:22:13","modified_gmt":"2014-10-13T15:22:13","slug":"4-ases-1-coringa-parte-2-selecao-78-rpm-do-toque-musical-vol-121-2014","status":"publish","type":"post","link":"https:\/\/www.toque-musicall.com\/?p=4538","title":{"rendered":"4 Ases &#038; 1 Coringa (parte 2) &#8211; Sele\u00e7\u00e3o 78 RPM Do Toque Musical Vol. 121 (2014)"},"content":{"rendered":"<p><img loading=\"lazy\" decoding=\"async\" class=\"aligncenter\" alt=\"\" src=\"http:\/\/1.bp.blogspot.com\/-XOiTdj2MG-8\/VDu38QWcO5I\/AAAAAAAAKew\/iAtdpHASKes\/s1600\/CAPAp.JPG\" width=\"1000\" height=\"1000\" \/><img loading=\"lazy\" decoding=\"async\" class=\"aligncenter\" alt=\"\" src=\"http:\/\/4.bp.blogspot.com\/-5QwXh4bkhTk\/VDu4CeAOQFI\/AAAAAAAAKe4\/M7eVrGwct9I\/s1600\/CONTRACAPA%2Bp.JPG\" width=\"1000\" height=\"1000\" \/><\/p>\n<div>O Grand Record Brazil, em sua edi\u00e7\u00e3o de n\u00famero 121, apresenta a segunda parte de sua retrospectiva dedicada aos \u00a0Quatro Ases e um Coringa, \u00a0grupo vocal e instrumental cearense que, de fato, deu as cartas durante sua carreira, tanto no r\u00e1dio quanto no disco.<\/div>\n<div>S\u00e3o mais catorze grava\u00e7\u00f5es hist\u00f3ricas e indispens\u00e1veis para quem estuda , pesquisa e cultua a m\u00fasica popular brasileira dessa \u00e9poca,\u00a0 feitas pelo grupo cearense na Odeon e na RCA Victor. Abrindo esta sele\u00e7\u00e3o, o samba \u201cMeu bairro canta\u201d, de Waldemar Ressurrei\u00e7\u00e3o, gravado na RCA Victor em 14 de abril de 1950 e lan\u00e7ado em julho do mesmo ano com o n\u00famero 80-0663-B, matriz S-092658. A faixa seguinte \u00e9 o cl\u00e1ssico bai\u00e3o \u201cPara\u00edba\u201d, de Luiz Gonzaga e Humberto Teixeira, lan\u00e7ado pouco antes por Emilinha Borba e regravado pelos Quatro Ases e um Coringa na marca do cachorrinho Nipper em 10 de agosto de 1950, com lan\u00e7amento em outubro seguinte sob n\u00famero 80-0698-B, matriz S-092732. Temos depois outro cl\u00e1ssico, o samba \u201cNo Cear\u00e1 \u00e9 assim\u201d, de Carlos Barroso, grava\u00e7\u00e3o Odeon de 14 de maio de 1942, lan\u00e7ada em agosto do mesmo ano, disco 12183-B, matriz 6565. O divertido samba \u201cCoisas do carnaval\u201d, de Ary Barroso (hist\u00f3ria de algu\u00e9m que se apaixona por uma bela mulher e no fim&#8230; ) \u00e9 grava\u00e7\u00e3o de 3 de mar\u00e7o de 1942, que a \u201cmarca do templo\u201d lan\u00e7a em abril seguinte com o n\u00famero 12137-B, matriz 6909. Outro cl\u00e1ssico que temos em seguida \u00e9 a marchinha \u201cTrem de ferro\u201d, composta pelo cearense (e conterr\u00e2neo do grupo) Lauro Maia (1912-1950)e imortalizada na mesma Odeon em 3 de agosto de 1943 e lan\u00e7ado em setembro seguinte sob n\u00famero 12355-A, matriz 7350. Foi regravada inclusive por Jo\u00e3o Gilberto, em seu terceiro LP, de 1961. Lauro Maia aqui comparece tamb\u00e9m com o batuque \u201cEu vi um le\u00e3o\u201d, sucesso inclusive na Argentina, onde os Quatro Ases e um Coringa se apresentaram durante uma excurs\u00e3o pelos pa\u00edses da regi\u00e3o do Rio Prata. Foi por eles imortalizado na \u201cmarca do templo\u201d em 16 de abril de 1942, e lan\u00e7ado em junho seguinte sob n\u00famero 12160-A, matriz 6943. Voltando \u00e0 RCA Victor, temos o samba \u201cO dinheiro que ganho\u201d, de Assis Valente,\u00a0 grava\u00e7\u00e3o de14 de abril de 1951, lan\u00e7ada em julho do mesmo ano, disco 80-0791-B, matriz S-092954. Traduz muito bem as dificuldades financeiras por que passava Assis, que o levariam ao suicidio, em 1958 (ele bebeu uma mistura de guaran\u00e1 com formicida), depois de v\u00e1rias tentativas.\u00a0 \u201cGarota dos discos\u201d, de Wilson Batista e Afonso Teixeira, grava\u00e7\u00e3o de primeiro de julho de 1952 e lan\u00e7ado em setembro do mesmo ano, disco 80-0975-B, matriz SB-093343. A garota em quest\u00e3o trabalhava, logicamente, em uma loja de discos, tipo de estabelecimento comercial que praticamente perdeu for\u00e7a com o advento da internet e posterior surgimento de portais de aquisi\u00e7\u00e3o de m\u00fasicas, como o iTunes (hoje existem pouqu\u00edssimas lojas de discos no Brasil). A \u201cMarcha do caracol\u201d, de Peterpan e Afonso Teixeira, que os Quatro Ases e um Coringa tamb\u00e9m interpretaram no filme \u201cAviso aos navegantes\u201d, da Atl\u00e2ntida, foi merecido sucesso no carnaval de 1951, mostrando que o problema da falta de moradia nas grandes cidades brasileiras vem de muito tempo.\u00a0 Grava\u00e7\u00e3o RCA Victor de 4 de outubro de 1950, lan\u00e7ada ainda em dezembro sob n\u00famero 80-0728-A, matriz S-092771. O samba \u201cMaria Luiza\u201d, de Pedro Caetano e H\u00e9lio Ribeiro, foi gravado na Odeon pelo conjunto cearense em 13 de abril de 1945, e lan\u00e7ado em junho do mesmo ano, disco 12585-A, matriz 7800. Em seguida temos o lado A do disco de estreia oficial dos Quatro Ases e um Coringa, o Odeon 12066, gravado em 23 de setembro de 1941 e lan\u00e7ado em novembro do mesmo ano, matriz 6794: \u00e9 a marchinha \u201cOs dois errados\u201d, de Estanislau Silva, \u00c1lvaro Nunes e N\u00e9lson Trigueiro. O samba \u201cRendeira\u201d, outra composi\u00e7\u00e3o de Carlos Barroso,\u00e9 grava\u00e7\u00e3o Odeon de 14 de maio de 1942, lan\u00e7ada em outubro seguinte sob n\u00famero 12204-B, matriz 6967. Evenor Pontes (l\u00edder e fundador do grupo) e Luiz Assun\u00e7\u00e3o assinam a rancheira \u201cS\u00e1 Mariquinha\u201d, gravado na \u201cmarca do templo\u201d em 18 de abril de 1947 e lan\u00e7ado em julho do mesmo ano, disco 12784-A, matriz 8212. Encerrando esta sele\u00e7\u00e3o, temos o cl\u00e1ssico \u201cBai\u00e3o de dois\u201d, outro grande produto da parceria Luiz Gonzaga-Humberto Teixeira lan\u00e7ado por Emilinha Borba, em 1950, e que os Quatro Ases e um Coringa regravariam na RCA Victor logo em seguida, no lado A de \u201cPara\u00edba\u201d, matriz S-092731. Sem d\u00favida, uma merecida homenagem aos Quatro Ases e um Coringa, verdadeiro tributo ao legado de um dos mais expressivos conjuntos vocais e instrumentais que a m\u00fasica popular brasileira j\u00e1 tev<a href=\"http:\/\/depositfiles.org\/files\/n8yv85sss\" target=\"_blank\">e<\/a>!<\/div>\n<div><\/div>\n<div>*Texto de SAMUEL MACHADO FILHO.<\/div>\n","protected":false},"excerpt":{"rendered":"<p>O Grand Record Brazil, em sua edi\u00e7\u00e3o de n\u00famero 121, apresenta a segunda parte de sua retrospectiva dedicada aos \u00a0Quatro Ases e um Coringa, \u00a0grupo vocal e instrumental cearense que, de fato, deu as cartas durante sua carreira, tanto no &hellip; <a href=\"https:\/\/www.toque-musicall.com\/?p=4538\">Continue lendo <span class=\"meta-nav\">&rarr;<\/span><\/a><\/p>\n","protected":false},"author":1,"featured_media":0,"comment_status":"open","ping_status":"closed","sticky":false,"template":"","format":"standard","meta":{"footnotes":""},"categories":[2429,11,13],"tags":[],"class_list":["post-4538","post","type-post","status-publish","format-standard","hentry","category-4-ases-1-coringa","category-exclusivos-do-toque-musical","category-selo-grand-record-brazil"],"_links":{"self":[{"href":"https:\/\/www.toque-musicall.com\/index.php?rest_route=\/wp\/v2\/posts\/4538","targetHints":{"allow":["GET"]}}],"collection":[{"href":"https:\/\/www.toque-musicall.com\/index.php?rest_route=\/wp\/v2\/posts"}],"about":[{"href":"https:\/\/www.toque-musicall.com\/index.php?rest_route=\/wp\/v2\/types\/post"}],"author":[{"embeddable":true,"href":"https:\/\/www.toque-musicall.com\/index.php?rest_route=\/wp\/v2\/users\/1"}],"replies":[{"embeddable":true,"href":"https:\/\/www.toque-musicall.com\/index.php?rest_route=%2Fwp%2Fv2%2Fcomments&post=4538"}],"version-history":[{"count":3,"href":"https:\/\/www.toque-musicall.com\/index.php?rest_route=\/wp\/v2\/posts\/4538\/revisions"}],"predecessor-version":[{"id":4541,"href":"https:\/\/www.toque-musicall.com\/index.php?rest_route=\/wp\/v2\/posts\/4538\/revisions\/4541"}],"wp:attachment":[{"href":"https:\/\/www.toque-musicall.com\/index.php?rest_route=%2Fwp%2Fv2%2Fmedia&parent=4538"}],"wp:term":[{"taxonomy":"category","embeddable":true,"href":"https:\/\/www.toque-musicall.com\/index.php?rest_route=%2Fwp%2Fv2%2Fcategories&post=4538"},{"taxonomy":"post_tag","embeddable":true,"href":"https:\/\/www.toque-musicall.com\/index.php?rest_route=%2Fwp%2Fv2%2Ftags&post=4538"}],"curies":[{"name":"wp","href":"https:\/\/api.w.org\/{rel}","templated":true}]}}