{"id":456,"date":"2011-05-19T11:28:00","date_gmt":"2011-05-19T11:28:00","guid":{"rendered":"http:\/\/www.toque-musicall.com\/?p=456"},"modified":"2011-05-19T11:28:00","modified_gmt":"2011-05-19T11:28:00","slug":"benedito-costa-um-cavaquinho-no-sertao-1982","status":"publish","type":"post","link":"https:\/\/www.toque-musicall.com\/?p=456","title":{"rendered":"Benedito Costa &#8211; Um Cavaquinho No Sert\u00e3o (1982)"},"content":{"rendered":"<div style=\"clear: both; text-align: center;\"><a href=\"http:\/\/1.bp.blogspot.com\/-Z0jSesov3Lg\/TdT0_kiIgJI\/AAAAAAAAIB8\/01V8YsDCW7o\/s1600\/benedito+costa+P.JPG\" style=\"margin-left: 1em; margin-right: 1em;\"><img loading=\"lazy\" decoding=\"async\" border=\"0\" height=\"397\" src=\"http:\/\/1.bp.blogspot.com\/-Z0jSesov3Lg\/TdT0_kiIgJI\/AAAAAAAAIB8\/01V8YsDCW7o\/s400\/benedito+costa+P.JPG\" width=\"400\" \/><\/a><\/div>\n<p>Muito bom dia, amigos cultos e ocultos! Inicialmente eu gostaria de informar que as solicita\u00e7\u00f5es para novos links \u00a0est\u00e3o sendo feitas na medida do poss\u00edvel. Prometo que atenderei a todos, no mais tardar, at\u00e9 o fim de semana, ok? Meu tempo \u00e9, \u00f3&#8230; curtinho&#8230; (mas n\u00e3o largo o osso)<br \/>Depois do disquinho de ontem, &#8216;m\u00fasica sertaneja vestidinha para ir \u00e0 cidade&#8217;, me deu uma vontade danada de postar mais um no g\u00eanero. Escolhi ent\u00e3o &#8220;Um cavaquinho no sert\u00e3o&#8221;, disco do instrumentista Benedito Costa, produzido pela Discos Marcus Pereira para a gravadora Copacabana, em 1982. Pela segunda vez temos aqui um disco desse mestre do cavaquinho. Como j\u00e1 foi dito, este m\u00fasico, embora pouco citado, foi um dos grandes nomes do Choro. Maestro, compositor, arranjador e produtor paulista, da regi\u00e3o de Ribeir\u00e3o Preto, Benedito Costa tocou ao lado dos maiores chor\u00f5es, participando de diversos discos e apresenta\u00e7\u00f5es ao vivo e em r\u00e1dios. Virtuoso do instrumento, foi ele quem criou o cavaquinho de cinco cordas.<br \/>Neste \u00e1lbum Benedito toca em seu cavaquinho uma s\u00e9rie de temas sertanejos entre composi\u00e7\u00f5es pr\u00f3prias e algumas outras que j\u00e1 se tornaram cl\u00e1ssicos da m\u00fasica caipira, como &#8220;Fusc\u00e3o preto&#8221;, &#8220;Estrada da vida&#8221; e &#8220;Moreninha linda&#8221;. N\u00e3o deixem de conferir&#8230;<\/p>\n<div style=\"text-align: center;\">cavaquinho fronteri\u00e7o<\/div>\n<div style=\"text-align: center;\">na base do arrasta p\u00e9<\/div>\n<div style=\"text-align: center;\">fandaguinho chonado<\/div>\n<div style=\"text-align: center;\">o sorriso do beb\u00ea<\/div>\n<div style=\"text-align: center;\">fusc\u00e3o preto<\/div>\n<div style=\"text-align: center;\">saudade<\/div>\n<div style=\"text-align: center;\">rancherinha para eliana<\/div>\n<div style=\"text-align: center;\">moreninha linda<\/div>\n<div style=\"text-align: center;\">por voc\u00ea meu sentimento<\/div>\n<div style=\"text-align: center;\">n\u00e3o v\u00e1 embora<\/div>\n<div style=\"text-align: center;\">estrada da vida<\/div>\n<div style=\"text-align: center;\">o fole do z\u00e9<\/div>\n","protected":false},"excerpt":{"rendered":"<p>Muito bom dia, amigos cultos e ocultos! Inicialmente eu gostaria de informar que as solicita\u00e7\u00f5es para novos links \u00a0est\u00e3o sendo feitas na medida do poss\u00edvel. Prometo que atenderei a todos, no mais tardar, at\u00e9 o fim de semana, ok? Meu &hellip; <a href=\"https:\/\/www.toque-musicall.com\/?p=456\">Continue lendo <span class=\"meta-nav\">&rarr;<\/span><\/a><\/p>\n","protected":false},"author":1,"featured_media":0,"comment_status":"open","ping_status":"closed","sticky":false,"template":"","format":"standard","meta":{"footnotes":""},"categories":[99,152,130],"tags":[],"class_list":["post-456","post","type-post","status-publish","format-standard","hentry","category-benedito-costa","category-selo-copacabana","category-selo-marcus-pereira"],"_links":{"self":[{"href":"https:\/\/www.toque-musicall.com\/index.php?rest_route=\/wp\/v2\/posts\/456","targetHints":{"allow":["GET"]}}],"collection":[{"href":"https:\/\/www.toque-musicall.com\/index.php?rest_route=\/wp\/v2\/posts"}],"about":[{"href":"https:\/\/www.toque-musicall.com\/index.php?rest_route=\/wp\/v2\/types\/post"}],"author":[{"embeddable":true,"href":"https:\/\/www.toque-musicall.com\/index.php?rest_route=\/wp\/v2\/users\/1"}],"replies":[{"embeddable":true,"href":"https:\/\/www.toque-musicall.com\/index.php?rest_route=%2Fwp%2Fv2%2Fcomments&post=456"}],"version-history":[{"count":0,"href":"https:\/\/www.toque-musicall.com\/index.php?rest_route=\/wp\/v2\/posts\/456\/revisions"}],"wp:attachment":[{"href":"https:\/\/www.toque-musicall.com\/index.php?rest_route=%2Fwp%2Fv2%2Fmedia&parent=456"}],"wp:term":[{"taxonomy":"category","embeddable":true,"href":"https:\/\/www.toque-musicall.com\/index.php?rest_route=%2Fwp%2Fv2%2Fcategories&post=456"},{"taxonomy":"post_tag","embeddable":true,"href":"https:\/\/www.toque-musicall.com\/index.php?rest_route=%2Fwp%2Fv2%2Ftags&post=456"}],"curies":[{"name":"wp","href":"https:\/\/api.w.org\/{rel}","templated":true}]}}