{"id":4577,"date":"2014-11-04T20:49:37","date_gmt":"2014-11-04T22:49:37","guid":{"rendered":"http:\/\/www.toque-musicall.com\/?p=4577"},"modified":"2014-11-04T20:51:31","modified_gmt":"2014-11-04T22:51:31","slug":"sambas-selecao-78-rpm-do-toque-musical-vol-123-2014","status":"publish","type":"post","link":"https:\/\/www.toque-musicall.com\/?p=4577","title":{"rendered":"Sambas &#8211; Sele\u00e7\u00e3o 78 RPM Do Toque Musical Vol. 123 (2014)"},"content":{"rendered":"<p><img loading=\"lazy\" decoding=\"async\" class=\"aligncenter\" alt=\"\" src=\"http:\/\/1.bp.blogspot.com\/-IY4NPrUZwis\/VFlTjH8L-kI\/AAAAAAAAKmA\/WQsnPkHS848\/s1600\/CAPAp.JPG\" width=\"1000\" height=\"1000\" \/><img loading=\"lazy\" decoding=\"async\" class=\"aligncenter\" alt=\"\" src=\"http:\/\/4.bp.blogspot.com\/-N45CX5K-BTI\/VFlTqeNaNTI\/AAAAAAAAKmI\/TmexLPcXtdg\/s1600\/CONTRACAPAp.JPG\" width=\"1000\" height=\"1000\" \/>E prossegue a gloriosa trajet\u00f3ria do Grand Record Brazil. J\u00e1 estamos na edi\u00e7\u00e3o de n\u00famero 123, e nela estamos apresentando uma sele\u00e7\u00e3o especialmente dedicada ao samba. S\u00e3o 15 grava\u00e7\u00f5es, com sambas de autores consagrados do g\u00eanero, interpretados pelos melhores cantores de sua \u00e9poca. \u00a0Abrindo esta edi\u00e7\u00e3o, temos \u201cCapital do samba\u201d, de Jos\u00e9 Ramos (1913-2001), fluminense de Campos, que ajudou a fundar a ala de compositores da Escola de Samba Esta\u00e7\u00e3o Primeira de Mangueira, na interpreta\u00e7\u00e3o do sempre not\u00e1vel Gilberto Alves. Grava\u00e7\u00e3o Odeon de 9 de setembro de 1942, lan\u00e7ada em outubro do mesmo ano, disco 12214-A, matriz 7053. Dos cariocas Jo\u00e3o da Baiana (Jo\u00e3o Machado Guedes, 1887-1974) e Baba\u00fa da Mangueira (Waldomiro Jos\u00e9 da Rocha, 1914-1993) \u00e9 \u201cSorris de mim\u201d, a faixa seguinte, interpretada por Odete Amaral, \u201ca voz tropical do Brasil\u201d. Ela o gravou na Victor em 9 de julho de 1940,com lan\u00e7amento em setembro do mesmo ano, disco 34657-B, matriz 33463. De Paquito (Francisco da Silva F\u00e1rrea J\u00fanior, 1915-1975) e do lend\u00e1rio Paulo da Portela\u00a0 (Paulo Benjamin de Oliveira, 1901-1949), foi escalado \u201cArma perigosa\u201d, na interpreta\u00e7\u00e3o de Linda Rodrigues (Sophia Gervasoni, 1919-1995). \u00c9 o lado A de seu terceiro 78, o Continental 15423, lan\u00e7ado em setembro de 1945, matriz 1136. Na quarta faixa, um cl\u00e1ssico indiscut\u00edvel do mestre Ary Barroso: \u00e9 \u201cMorena boca de ouro\u201d,\u00a0 na interpreta\u00e7\u00e3o de S\u00edlvio Caldas, que o imortalizou na Victor em 4 de julho de 1941, com lan\u00e7amento em setembro do mesmo ano, disco 34793-A, matriz S-052259. Foi v\u00e1rias vezes regravado,inclusive por Jo\u00e3o Gilberto, que o incluiu em seu primeiro LP, \u201cChega de saudade\u201d, em 1959. O dito popular \u201cQuem espera sempre alcan\u00e7a\u201d d\u00e1 t\u00edtulo \u00e0 nossa quinta faixa, mais uma composi\u00e7\u00e3o do lend\u00e1rio Paulo da Portela. Quem canta este samba \u00e9 M\u00e1rio Reis, em grava\u00e7\u00e3o lan\u00e7ada pela Odeon em setembro de 1931, disco 10837-B, matriz 4272, com acompanhamento da Orquestra Copacabana, do palestino Simon Bountman. \u201cQuem mandou, Iai\u00e1?\u201d \u00e9 de Benedito Lacerda (tamb\u00e9m no acompanhamento com sua flauta m\u00e1gica e inconfund\u00edvel) e Oswaldo \u201cBaiaco\u201d Vasques, e foi lan\u00e7ado pela Columbia\u00a0 para o carnaval de 1934, em janeiro desse ano, na voz de Arnaldo Amaral, disco 22262-A, matriz 1005. Tamb\u00e9m de Baiaco, em parceria com Jo\u00e3o dos Santos, \u00e9 nossa s\u00e9tima faixa, \u201cConversa puxa conversa\u201d, grava\u00e7\u00e3o Victor de Almirante (\u201ca maior patente do r\u00e1dio\u201d) em 24 de abril de 1934, lan\u00e7ada em julho do mesmo ano com o n.o 33800-A, matriz 79615, com acompanhamento da orquestra Diabos do C\u00e9u, formada e dirigida por Pixinguinha.\u00a0 Baba\u00fa da Mangueira volta em nossa faixa 8, \u201cEla me abandonou\u201d, samba do carnaval de 1949, em parceria com Ta\u00fa Silva. Novamente aqui comparece Gilberto Alves, em grava\u00e7\u00e3o RCA Victor de 23 de dezembro de 48, lan\u00e7ada um m\u00eas antes da folia,em janeiro,disco 80-0591-B, matriz S-078852. Autor de cl\u00e1ssicos do samba, Ismael Silva (1905-1978) mostra seu lado de int\u00e9rprete em \u201cMe deixa sossegado\u201d, que assina junto com Francisco Alves e N\u00edlton Bastos, e foi lan\u00e7ado pela Odeon em dezembro de 1931, disco 10858-B,matriz 4281. De fam\u00edlia circense, sobrinho do lend\u00e1rio palha\u00e7o Piolim, \u00a0o comediante paulista Anchizes Pinto, o Ankito (1924-2009), considerado um dos cinco maiores nomes da era das chanchadas em nosso cinema, bate ponto aqui com \u201c\u00c9 fogo na jaca\u201d, samba de Raul Marques, Estanislau Silva e Mateus Conde. Destinado ao carnaval de 1954, foi lan\u00e7ado pela Columbia (depois CBS e hoje Sony Music) em janeiro desse ano, sob n.o\u00a0 CB-10017-B, matriz CBO-152. Paulo da Portela volta na faixa 11, assinando com Heitor dos Prazeres \u201cCantar pra n\u00e3o chorar\u201d, do carnaval de 1938. Quem canta \u00e9 Carlos Galhardo, \u201co cantor que dispensa adjetivos\u201d, em grava\u00e7\u00e3o Victor de 15 de dezembro de 37, lan\u00e7ada um m\u00eas antes da folia, em janeiro, disco 34278-B, matriz 80634. Na faixa 12, volta Jos\u00e9 Ramos, agora assinando com o irm\u00e3o, Marcelino Ramos, \u201cJequitib\u00e1\u201d. Grava\u00e7\u00e3o de Z\u00e9 e Zilda (\u201ca dupla da harmonia\u201d), em 1949, na Star, disco 151-B, por certo visando o carnaval de 50. A eterna \u201cpersonal\u00edssima\u201d, Isaura Garcia, vem com o samba \u201cMulher de malandro\u201d, de Herv\u00ea Cordovil.\u00a0 Gravado na Victor em 23 de outubro de 1945, seria lan\u00e7ado apenas em\u00a0 setembro de 46, sob n.o 80-0431-B, matriz S-078380. Ernani Alvarenga, o Alvarenga da Portela, assina \u201cFica de l\u00e1\u201d, samba do carnaval de 1939, em grava\u00e7\u00e3o Odeon de Francisco Alves, datada de 16 de dezembro de 38 e lan\u00e7ada bem em cima da folia,em fevereiro, disco 11700-A,matriz 5995. Por fim, temos o samba \u201cN\u00e3o quero mais\u201d, samba de autoria de Z\u00e9 da Zilda (tamb\u00e9m conhecido por Z\u00e9 com Fome e Jos\u00e9 Gon\u00e7alves) e Carlos Cacha\u00e7a (Carlos Moreira de Castro, que apareceu no selo com o sobrenome errado, \u201cda Silva\u201d), \u00a0gravado na Victor por Aracy de Almeida\u00a0 em 9 de setembro de 1936 e lan\u00e7ado em dezembro do mesmo ano, disco 34125-A, matriz 80214, certamente com vistas ao carnaval de 37. Note-se, a respeito deste samba, que Cartola tinha feito duas segundas partes, mas Z\u00e9 da Zilda fez uma outra segunda parte por conta pr\u00f3pria e, assim, eliminou Cartola da co-autoria. Enfim, \u00e9 uma excelente sele\u00e7\u00e3o de sambas que o GRB\u00a0 nos oferece, para aprecia\u00e7\u00e3o de todos aqueles que apreciam o melhor de nossa m\u00fasica popula<a href=\"http:\/\/depositfiles.org\/files\/fm8mg5bj1\" target=\"_blank\">r<\/a>.<\/p>\n<p>* Texto de Samuel Machado Filho<\/p>\n","protected":false},"excerpt":{"rendered":"<p>E prossegue a gloriosa trajet\u00f3ria do Grand Record Brazil. J\u00e1 estamos na edi\u00e7\u00e3o de n\u00famero 123, e nela estamos apresentando uma sele\u00e7\u00e3o especialmente dedicada ao samba. S\u00e3o 15 grava\u00e7\u00f5es, com sambas de autores consagrados do g\u00eanero, interpretados pelos melhores cantores &hellip; <a href=\"https:\/\/www.toque-musicall.com\/?p=4577\">Continue lendo <span class=\"meta-nav\">&rarr;<\/span><\/a><\/p>\n","protected":false},"author":1,"featured_media":0,"comment_status":"open","ping_status":"closed","sticky":false,"template":"","format":"standard","meta":{"footnotes":""},"categories":[140,534,2458,138,11,115,267,713,2058,1244,817,1733,1265,13,12],"tags":[],"class_list":["post-4577","post","type-post","status-publish","format-standard","hentry","category-almirante","category-aracy-de-almeida","category-arnaldo-amaral","category-carlos-galhardo","category-exclusivos-do-toque-musical","category-francisco-alves","category-gilberto-alves","category-isaura-garcia","category-ismael-silva","category-linda-rodrigues","category-mario-reis","category-odete-amaral","category-odette-amaral","category-selo-grand-record-brazil","category-silvio-caldas"],"_links":{"self":[{"href":"https:\/\/www.toque-musicall.com\/index.php?rest_route=\/wp\/v2\/posts\/4577","targetHints":{"allow":["GET"]}}],"collection":[{"href":"https:\/\/www.toque-musicall.com\/index.php?rest_route=\/wp\/v2\/posts"}],"about":[{"href":"https:\/\/www.toque-musicall.com\/index.php?rest_route=\/wp\/v2\/types\/post"}],"author":[{"embeddable":true,"href":"https:\/\/www.toque-musicall.com\/index.php?rest_route=\/wp\/v2\/users\/1"}],"replies":[{"embeddable":true,"href":"https:\/\/www.toque-musicall.com\/index.php?rest_route=%2Fwp%2Fv2%2Fcomments&post=4577"}],"version-history":[{"count":2,"href":"https:\/\/www.toque-musicall.com\/index.php?rest_route=\/wp\/v2\/posts\/4577\/revisions"}],"predecessor-version":[{"id":4579,"href":"https:\/\/www.toque-musicall.com\/index.php?rest_route=\/wp\/v2\/posts\/4577\/revisions\/4579"}],"wp:attachment":[{"href":"https:\/\/www.toque-musicall.com\/index.php?rest_route=%2Fwp%2Fv2%2Fmedia&parent=4577"}],"wp:term":[{"taxonomy":"category","embeddable":true,"href":"https:\/\/www.toque-musicall.com\/index.php?rest_route=%2Fwp%2Fv2%2Fcategories&post=4577"},{"taxonomy":"post_tag","embeddable":true,"href":"https:\/\/www.toque-musicall.com\/index.php?rest_route=%2Fwp%2Fv2%2Ftags&post=4577"}],"curies":[{"name":"wp","href":"https:\/\/api.w.org\/{rel}","templated":true}]}}