{"id":458,"date":"2011-05-17T19:41:00","date_gmt":"2011-05-17T19:41:00","guid":{"rendered":"http:\/\/www.toque-musicall.com\/?p=458"},"modified":"2011-05-17T19:41:00","modified_gmt":"2011-05-17T19:41:00","slug":"paulinho-e-seu-conjunto-para-animar-sua-festa-no3-1960","status":"publish","type":"post","link":"https:\/\/www.toque-musicall.com\/?p=458","title":{"rendered":"Paulinho E Seu Conjunto &#8211; Para Animar Sua Festa N\u00ba3 (1960)"},"content":{"rendered":"<div style=\"clear: both; text-align: center;\"><a href=\"http:\/\/2.bp.blogspot.com\/-8B5yH_ohGgI\/TdJKOu5cp5I\/AAAAAAAAIBk\/xOwHALZKHqI\/s1600\/paulinho+P.JPG\" style=\"margin-left: 1em; margin-right: 1em;\"><img loading=\"lazy\" decoding=\"async\" border=\"0\" height=\"391\" src=\"http:\/\/2.bp.blogspot.com\/-8B5yH_ohGgI\/TdJKOu5cp5I\/AAAAAAAAIBk\/xOwHALZKHqI\/s400\/paulinho+P.JPG\" width=\"400\" \/><\/a><\/div>\n<div style=\"clear: both; text-align: center;\"><a href=\"http:\/\/4.bp.blogspot.com\/-193Zex78yWQ\/TdJMfSJI9LI\/AAAAAAAAIBs\/6ACcWO2JJDs\/s1600\/Paulinho+e+seu+conjunt+P.JPG\" style=\"margin-left: 1em; margin-right: 1em;\"><img loading=\"lazy\" decoding=\"async\" border=\"0\" height=\"397\" src=\"http:\/\/4.bp.blogspot.com\/-193Zex78yWQ\/TdJMfSJI9LI\/AAAAAAAAIBs\/6ACcWO2JJDs\/s400\/Paulinho+e+seu+conjunt+P.JPG\" width=\"400\" \/>\u00a0<\/a><\/div>\n<div style=\"clear: both; text-align: left;\">Boa tarde, amigos cultos e ocultos. H\u00e1 algum tempo atr\u00e1s eu havia postado aqui um disco do &#8220;Paulinho e seu Conjunto&#8221;, lan\u00e7ado em 1958. Na \u00e9poca da postagem eu achei que estivesse trazendo uma raridade in\u00e9dita, mas antes que chegasse ao final da postagem descobri que o mesmo j\u00e1 havia sido postado no Loronix. Da\u00ed informei aos amigos que n\u00e3o iria postar os volumes seguintes, pois os mesmos j\u00e1 estavam na casa do Loro. Quem quisesse que fosse buscar por l\u00e1. Acontece que o tempo passou, o papagaio fugiu da gaiola e a festa por l\u00e1 acabou. Diante a situa\u00e7\u00e3o e mais ainda, atendendo aos insistentes apelos, resolvi ent\u00e3o postar os que faltavam. Seguem aqui o volume 3, lan\u00e7ado em 1960 e <a href=\"http:\/\/toque-musicall.blogspot.com\/search\/label\/Paulinho%20e%20Seu%20Conjunto\">o compacto em 45 rpm do volume 2<\/a>. Ali\u00e1s, verifico agora que este compacto eu tamb\u00e9m j\u00e1 o havia postado e nem me lembrava. Mesmo assim, t\u00e1 valendo. Melhor pecar pelo excesso do que pela falta, n\u00e9 n\u00e3o? \ud83d\ude42<\/div>\n<div style=\"clear: both; text-align: left;\">Temos assim, o baterista <a href=\"http:\/\/toque-musicall.blogspot.com\/2008\/08\/prestige-apresenta-paulinho-para-animar.html\">Paulo Fernando de Magalh\u00e3es e seu conjunto<\/a> no terceiro \u00e1lbum de uma s\u00e9rie come\u00e7ada em 1958. Seguindo a mesma linha dos \u00e1lbuns anteriores, encontramos aqui tamb\u00e9m uma s\u00e9rie musical dna\u00e7ante e mista, com temas nacionais e internacionais, apresentados em formato de &#8216;medley&#8217;.<\/div>\n<div style=\"clear: both; text-align: left;\">Pronto! T\u00e1 tudo a\u00ed&#8230; agora \u00e9 s\u00f3 conferir \ud83d\ude09<\/div>\n<div style=\"clear: both; text-align: left;\"><\/div>\n<div style=\"clear: both; text-align: center;\">abrazame asi<\/div>\n<div style=\"clear: both; text-align: center;\">nancy<\/div>\n<div style=\"clear: both; text-align: center;\">tea for two<\/div>\n<div style=\"clear: both; text-align: center;\">the continental<\/div>\n<div style=\"clear: both; text-align: center;\">meu romance<\/div>\n<div style=\"clear: both; text-align: center;\">teimoso<\/div>\n<div style=\"clear: both; text-align: center;\">d\u00f3i&#8230; d\u00f3i&#8230;<\/div>\n<div style=\"clear: both; text-align: center;\">teleco teco n\u00ba 2<\/div>\n<div style=\"clear: both; text-align: center;\">romantica<\/div>\n<div style=\"clear: both; text-align: center;\">facination<\/div>\n<div style=\"clear: both; text-align: center;\">easy to love<\/div>\n<div style=\"clear: both; text-align: center;\">i could have danced all night<\/div>\n<div style=\"clear: both; text-align: center;\">se acaso voc\u00ea chegasse<\/div>\n<div style=\"clear: both; text-align: center;\">n\u00e3o tenho l\u00e1grimas<\/div>\n<div style=\"clear: both; text-align: center;\">cae cae<\/div>\n<div style=\"clear: both; text-align: center;\">est\u00e1 chegando a hora<\/div>\n<div style=\"clear: both; text-align: left;\"><\/div>\n","protected":false},"excerpt":{"rendered":"<p>\u00a0 Boa tarde, amigos cultos e ocultos. H\u00e1 algum tempo atr\u00e1s eu havia postado aqui um disco do &#8220;Paulinho e seu Conjunto&#8221;, lan\u00e7ado em 1958. Na \u00e9poca da postagem eu achei que estivesse trazendo uma raridade in\u00e9dita, mas antes que &hellip; <a href=\"https:\/\/www.toque-musicall.com\/?p=458\">Continue lendo <span class=\"meta-nav\">&rarr;<\/span><\/a><\/p>\n","protected":false},"author":1,"featured_media":0,"comment_status":"open","ping_status":"closed","sticky":false,"template":"","format":"standard","meta":{"footnotes":""},"categories":[183,171],"tags":[],"class_list":["post-458","post","type-post","status-publish","format-standard","hentry","category-paulinho-e-seu-conjunto","category-selo-prestige"],"_links":{"self":[{"href":"https:\/\/www.toque-musicall.com\/index.php?rest_route=\/wp\/v2\/posts\/458","targetHints":{"allow":["GET"]}}],"collection":[{"href":"https:\/\/www.toque-musicall.com\/index.php?rest_route=\/wp\/v2\/posts"}],"about":[{"href":"https:\/\/www.toque-musicall.com\/index.php?rest_route=\/wp\/v2\/types\/post"}],"author":[{"embeddable":true,"href":"https:\/\/www.toque-musicall.com\/index.php?rest_route=\/wp\/v2\/users\/1"}],"replies":[{"embeddable":true,"href":"https:\/\/www.toque-musicall.com\/index.php?rest_route=%2Fwp%2Fv2%2Fcomments&post=458"}],"version-history":[{"count":0,"href":"https:\/\/www.toque-musicall.com\/index.php?rest_route=\/wp\/v2\/posts\/458\/revisions"}],"wp:attachment":[{"href":"https:\/\/www.toque-musicall.com\/index.php?rest_route=%2Fwp%2Fv2%2Fmedia&parent=458"}],"wp:term":[{"taxonomy":"category","embeddable":true,"href":"https:\/\/www.toque-musicall.com\/index.php?rest_route=%2Fwp%2Fv2%2Fcategories&post=458"},{"taxonomy":"post_tag","embeddable":true,"href":"https:\/\/www.toque-musicall.com\/index.php?rest_route=%2Fwp%2Fv2%2Ftags&post=458"}],"curies":[{"name":"wp","href":"https:\/\/api.w.org\/{rel}","templated":true}]}}