{"id":4598,"date":"2014-11-16T16:01:40","date_gmt":"2014-11-16T18:01:40","guid":{"rendered":"http:\/\/www.toque-musicall.com\/?p=4598"},"modified":"2014-11-16T16:02:03","modified_gmt":"2014-11-16T18:02:03","slug":"gazolina-do-brasil-news-brasas-samba-show-ao-vivo-197","status":"publish","type":"post","link":"https:\/\/www.toque-musicall.com\/?p=4598","title":{"rendered":"Gazolina Do Brasil &#038; News Brasas Samba Show &#8211; Ao Vivo (197&#8230;)"},"content":{"rendered":"<p><img loading=\"lazy\" decoding=\"async\" class=\"aligncenter\" alt=\"\" src=\"http:\/\/4.bp.blogspot.com\/-g3ZcHsoYVjU\/VGiHZkUw2-I\/AAAAAAAAKpE\/kAYE5KP3WWo\/s1600\/capaP.JPG\" width=\"1000\" height=\"994\" \/><img loading=\"lazy\" decoding=\"async\" class=\"aligncenter\" alt=\"\" src=\"http:\/\/2.bp.blogspot.com\/-VoeKichI5yc\/VGiHf57xvpI\/AAAAAAAAKpM\/2w5_GtHM1YM\/s1600\/contraP.JPG\" width=\"1000\" height=\"1006\" \/>Ol\u00e1 amigos cultos e ocultos! Nos \u00faltimos dias andei meio sumido. Para n\u00e3o variar, sem tempo e cada vez mais distante desse objetivo. Acho que, de certa forma, a fase m\u00e1xima, a febre dos blogs musicais j\u00e1 passou. Por outro lado, paradoxalmente, os discos de vinil que eram seu assunto principal, a fonografia, passam agora por uma revitaliza\u00e7\u00e3o, com o retorno de diversos t\u00edtulos raros, tudo sendo relan\u00e7ado em c\u00f3pias quase perfeitas. Acredito que uma das raz\u00f5es para o retorno do vinil est\u00e1 diretamente relacionada aos movimentos de blogs como o Toque Musical. Creio que isso despertou muita gente e o interesse pelo vinil voltou aqui no Brasil. Eu mesmo, que pensava em apenas compartilhar e desfazer dos lps ap\u00f3s digitalizar, tamb\u00e9m mudei de ideia e retomei minha cole\u00e7\u00e3o. Realmente isso \u00e9 uma cacha\u00e7a. Penso que por conta de me preocupar mais com a retomada da minha cole\u00e7\u00e3o, acabei direcionando o meu foco musical s\u00f3 para isso. O blog foi perdendo um pouco do sentido, sei l\u00e1&#8230; Mas, por outro lado, sei que n\u00e3o d\u00e1 para abandonar um compromisso de quase oito anos. Ou por outra, n\u00e3o d\u00e1 para abandon\u00e1-lo assim. Vamos seguindo ent\u00e3o, em frente e a cada dia nos adaptando \u00e0s regras e ao jogo. O TM n\u00e3o p\u00e1ra, segue ao ritmo e dan\u00e7a conforme a m\u00fasica.<br \/>\nNos \u00faltimos dias andei meio afastado, pois estive viajando. Fui ao meu sempre querido Rio de Janeiro e por l\u00e1 n\u00e3o deixei de sair no garimpo, em busca de discos que considero interessantes e principalmente para a minha pr\u00f3pria cole\u00e7\u00e3o. Me lembrei tamb\u00e9m do Toque Musical, claro! E por l\u00e1 adquiri algumas que aos poucos ir\u00e3o chegando aqui para voc\u00eas. Entre tantos, come\u00e7o com este lp que eu mesmo n\u00e3o conhecia (adoro coisas assim). Trata-se de um curioso \u00e1lbum lan\u00e7ado pela Tapecar, sem data, mas creio que deve ser do in\u00edcio dos anos 70, com o cantor Ant\u00f4nio Monte de Souza, mais conhecido como Gasolina. Um nome hoje pouco lembrado. Segundo consta, Gasolina veio da R\u00e1dio Ga\u00facha, em Porto Alegre, onde foi descoberto pelo radialista Ivan Castro. Conheceu o sucesso quando veio para as r\u00e1dios do Rio de Janeiro e S\u00e3o Paulo. Cantou ao lado e foi impulsionado por grandes nomes como Nelson Gon\u00e7alves, Noite Ilustrada, Silvio Caldas e tantos outros. Foi tamb\u00e9m ator, fez teatro e cinema (O Auto da Compadecida, O Cantor e o Milion\u00e1rio) e na televis\u00e3o se apresentava no programa &#8220;Copacabana Show&#8221;, l\u00e1 pelos anos 60. O que foi feito dele, qual o seu paradeiro, isso \u00e9 coisa que n\u00e3o consegui descobri. Mas aqui neste \u00e1lbum ele aparece como &#8220;Gazolina do Brasil&#8221;, com Z. Talvez por conta de contratos com outra gravadora, ou por erro mesmo. O \u00e1lbum n\u00e3o \u00e9 qualquer coisa n\u00e3o. \u00c9 de um tempo que a produ\u00e7\u00e3o podia esbanjar. Neste lp temos uma capa dupla com fotos e mais detalhes sobre o trabalho. Diz a capa que \u00e9 uma grava\u00e7\u00e3o ao vivo, por\u00e9m pela qualidade da grava\u00e7\u00e3o e pela falta do p\u00fablico eu diria que n\u00e3o. Ou talvez at\u00e9 tenha sido, mas sem p\u00fablico, apenas aproveitando o espa\u00e7o e o clima da churrascaria Las Brasas, onde os shows comandados por Gasolina aconteciam. Este \u00e1lbum \u00e9 uma s\u00edntese do show \ud83d\ude09 S\u00e3o 13 faixas na quais est\u00e3o distribu\u00eddas 42 m\u00fasicas entre sambas, machinhas, pontos e outros batuques. Gazolina vem acompanhado do conjunto New Brasas Samba Show e da cantora C\u00e9lia Reis. Infelizmente n\u00e3o consegui localizar a data, mas certamente \u00e9 um disco dos anos 70. No arquivo n\u00e3o nomeei as faixas devido a quantidade de m\u00fasicas. Deixo que cada qual resolva isso ao seu modo, o<a href=\"http:\/\/depositfiles.org\/files\/vz3syxmec\" target=\"_blank\">k<\/a>?<\/p>\n<div style=\"text-align: center;\">meu rio de janeiro<\/div>\n<div style=\"text-align: center;\">dora s(embora)<\/div>\n<div style=\"text-align: center;\">200 milhas pra l\u00e1<\/div>\n<div style=\"text-align: center;\">morte de um pescador<\/div>\n<div style=\"text-align: center;\">manhangangue<\/div>\n<div style=\"text-align: center;\">canto do pescador<\/div>\n<div style=\"text-align: center;\">yemanj\u00e1 soba<\/div>\n<div style=\"text-align: center;\">cata cata ogum megu\u00ea<\/div>\n<div style=\"text-align: center;\">folhas secas<\/div>\n<div style=\"text-align: center;\">n\u00e3o me diga adeus<\/div>\n<div style=\"text-align: center;\">pois \u00e9<\/div>\n<div style=\"text-align: center;\">j\u00e1 vai alta madrugada<\/div>\n<div style=\"text-align: center;\">morro velho<\/div>\n<div style=\"text-align: center;\">poxa<\/div>\n<div style=\"text-align: center;\">o teu cabelo n\u00e3o nega<\/div>\n<div style=\"text-align: center;\">allah la \u00f4<\/div>\n<div style=\"text-align: center;\">mulata i\u00ea i\u00ea i\u00ea<\/div>\n<div style=\"text-align: center;\">grau dez<\/div>\n<div style=\"text-align: center;\">touradas de madrid<\/div>\n<div style=\"text-align: center;\">sacarolha<\/div>\n<div style=\"text-align: center;\">mam\u00e3e eu quero<\/div>\n<div style=\"text-align: center;\">imp\u00e9rio do samba<\/div>\n<div style=\"text-align: center;\">mexe mexe<\/div>\n<div style=\"text-align: center;\">arrasta a sand\u00e1lia<\/div>\n<div style=\"text-align: center;\">cae cae<\/div>\n<div style=\"text-align: center;\">n\u00eaga do cabelo duro<\/div>\n<div style=\"text-align: center;\">n\u00eaga malucapais tropical<\/div>\n<div style=\"text-align: center;\">a lapa<\/div>\n<div style=\"text-align: center;\">contos de areia<\/div>\n<div style=\"text-align: center;\">ilu a\u00ea<\/div>\n<div style=\"text-align: center;\">madureira chorou<\/div>\n<div style=\"text-align: center;\">t\u00e1 chegando a hora<\/div>\n<div style=\"text-align: center;\">t\u00e1 legal<\/div>\n<div style=\"text-align: center;\">tristeza<\/div>\n<div style=\"text-align: center;\">balan\u00e7a povo<\/div>\n<div style=\"text-align: center;\">estrela de madureira<\/div>\n<div style=\"text-align: center;\">tudo \u00e9 samba<\/div>\n<div style=\"text-align: center;\">samba do avi\u00e3o<\/div>\n<div style=\"text-align: center;\">mundo encantado de monteiro lobato<\/div>\n<div style=\"text-align: center;\">macunaima<\/div>\n<div style=\"text-align: center;\">cidade maravilhosa<\/div>\n<div style=\"text-align: center;\"><\/div>\n<div style=\"text-align: center;\">.<\/div>\n","protected":false},"excerpt":{"rendered":"<p>Ol\u00e1 amigos cultos e ocultos! Nos \u00faltimos dias andei meio sumido. Para n\u00e3o variar, sem tempo e cada vez mais distante desse objetivo. Acho que, de certa forma, a fase m\u00e1xima, a febre dos blogs musicais j\u00e1 passou. Por outro &hellip; <a href=\"https:\/\/www.toque-musicall.com\/?p=4598\">Continue lendo <span class=\"meta-nav\">&rarr;<\/span><\/a><\/p>\n","protected":false},"author":1,"featured_media":0,"comment_status":"open","ping_status":"closed","sticky":false,"template":"","format":"standard","meta":{"footnotes":""},"categories":[2464,195],"tags":[],"class_list":["post-4598","post","type-post","status-publish","format-standard","hentry","category-gazolina","category-selo-tapecar"],"_links":{"self":[{"href":"https:\/\/www.toque-musicall.com\/index.php?rest_route=\/wp\/v2\/posts\/4598","targetHints":{"allow":["GET"]}}],"collection":[{"href":"https:\/\/www.toque-musicall.com\/index.php?rest_route=\/wp\/v2\/posts"}],"about":[{"href":"https:\/\/www.toque-musicall.com\/index.php?rest_route=\/wp\/v2\/types\/post"}],"author":[{"embeddable":true,"href":"https:\/\/www.toque-musicall.com\/index.php?rest_route=\/wp\/v2\/users\/1"}],"replies":[{"embeddable":true,"href":"https:\/\/www.toque-musicall.com\/index.php?rest_route=%2Fwp%2Fv2%2Fcomments&post=4598"}],"version-history":[{"count":1,"href":"https:\/\/www.toque-musicall.com\/index.php?rest_route=\/wp\/v2\/posts\/4598\/revisions"}],"predecessor-version":[{"id":4599,"href":"https:\/\/www.toque-musicall.com\/index.php?rest_route=\/wp\/v2\/posts\/4598\/revisions\/4599"}],"wp:attachment":[{"href":"https:\/\/www.toque-musicall.com\/index.php?rest_route=%2Fwp%2Fv2%2Fmedia&parent=4598"}],"wp:term":[{"taxonomy":"category","embeddable":true,"href":"https:\/\/www.toque-musicall.com\/index.php?rest_route=%2Fwp%2Fv2%2Fcategories&post=4598"},{"taxonomy":"post_tag","embeddable":true,"href":"https:\/\/www.toque-musicall.com\/index.php?rest_route=%2Fwp%2Fv2%2Ftags&post=4598"}],"curies":[{"name":"wp","href":"https:\/\/api.w.org\/{rel}","templated":true}]}}