{"id":46,"date":"2012-06-01T12:20:00","date_gmt":"2012-06-01T12:20:00","guid":{"rendered":"http:\/\/www.toque-musicall.com\/?p=46"},"modified":"2012-06-01T12:20:00","modified_gmt":"2012-06-01T12:20:00","slug":"clovis-maciel-sagrada-estrada-1985","status":"publish","type":"post","link":"https:\/\/www.toque-musicall.com\/?p=46","title":{"rendered":"Cl\u00f3vis Maciel &#8211; Sagrada Estrada (1985)"},"content":{"rendered":"<div style=\"clear: both; text-align: center;\"><a href=\"http:\/\/3.bp.blogspot.com\/-cf2tpp3sEmk\/T8idd3BPZ9I\/AAAAAAAACjY\/gR08PA-rTRc\/s1600\/folder.jpg\" style=\"margin-left: 1em; margin-right: 1em;\"><img loading=\"lazy\" decoding=\"async\" border=\"0\" height=\"400\" src=\"http:\/\/3.bp.blogspot.com\/-cf2tpp3sEmk\/T8idd3BPZ9I\/AAAAAAAACjY\/gR08PA-rTRc\/s400\/folder.jpg\" width=\"395\" \/><\/a><\/div>\n<div style=\"clear: both; text-align: center;\"><a href=\"http:\/\/2.bp.blogspot.com\/-0oGvF9ZkSXs\/T8idYaN8ucI\/AAAAAAAACjQ\/NOaUbAryOqI\/s1600\/contracapap.JPG\" style=\"margin-left: 1em; margin-right: 1em;\"><img loading=\"lazy\" decoding=\"async\" border=\"0\" height=\"391\" src=\"http:\/\/2.bp.blogspot.com\/-0oGvF9ZkSXs\/T8idYaN8ucI\/AAAAAAAACjQ\/NOaUbAryOqI\/s400\/contracapap.JPG\" width=\"400\" \/><\/a><\/div>\n<p>Muito bom dia, amigos cultos, ocultos e associados! Eu estava temeroso de que hoje n\u00e3o fosse encontrar aqui o nosso Toque Musical. Como disse, h\u00e1 um m\u00eas atr\u00e1s, havia eu recebido uma mensagem do Blogger, dizendo que a partir de junho eu precisaria completar o meu cadastro, informando a eles alguns dados pessoais, al\u00e9m de endere\u00e7o. Como eu sou um n\u00f4made e rebelde, al\u00e9m de j\u00e1 ter criado essa \u00e1urea de mist\u00e9rio em torno da minha figura (ou da figura do Augusto TM), dificilmente pensaria em me expor mais do que j\u00e1 fiz. N\u00e3o se trata de receio, ou temor punitivo, bem porque, puni\u00e7\u00e3o maior j\u00e1 me fizeram, desestabilizando o nome do Toque Musical. Mesmo assim, queimado e em cinzas, como a Fenix, o TM sempre ir\u00e1 ressuscitar, aqui ou em outro lugar (putz, at\u00e9 rimou!). O certo \u00e9 que at\u00e9 o momento ainda estamos por aqui e vamos mandando ver&#8230; e ouvir, claro! Nosso porto seguro, ou nosso ponto de resist\u00eancia \u00e9 o GTM. Por isso, quem ainda n\u00e3o se associou, \u00e9 bom faz\u00ea-lo! Bem porque, independente das investidas do Blogger e outros poss\u00edveis sensores, j\u00e1 estou preparando uma nova e definitiva casa para o Toque Musical.<br \/>Bom, agora falando do disco do dia, hoje temos um artista independente. Apresento a voc\u00eas o cantor e compositor mineiro, Cl\u00f3vis Maciel, um nome que anda sumido aqui pelas &#8216;Geraes&#8217;. Vindo l\u00e1 da regi\u00e3o de Baependi, sul de Minas, Cl\u00f3vis veio se destacando no in\u00edcio dos anos 80, quando participou de diversos festivais e em discos com outros artistas, com o D\u00e9rcio Marques e Saulo Laranjeira. Em 1985 ele lan\u00e7ou este que foi o seu primeiro trabalho solo, &#8220;Sagrada Estrada&#8221;, \u00e1lbum gravado no est\u00fadio da Bemol, em Belo Horizonte. No repert\u00f3rio iremos encontrar composi\u00e7\u00f5es pr\u00f3prias, parcerias e tamb\u00e9m de outros autores. Aqui ele tamb\u00e9m grava &#8220;Segredos Vegetais&#8221;, de D\u00e9rcio Marques. Um bonito trabalho de estr\u00e9ia. Sei que Cl\u00f3vis, depois deste disco partiu para novos v\u00f4os, indo morar no Rio e em S\u00e3o Paulo, gravou outros discos, mas eu ainda n\u00e3o tive a oportunidade de ouvi-los. Quem sabe uma hora dessas o nosso artista aparece por aqui e nos envia seus outros trabalhos, n\u00e3o \u00e9 mesmo? \ud83d\ude42<\/p>\n<div style=\"text-align: center;\">vinheta<\/div>\n<div style=\"text-align: center;\">segredos vegetais<\/div>\n<div style=\"text-align: center;\">fazenda<\/div>\n<div style=\"text-align: center;\">lua quebrada<\/div>\n<div style=\"text-align: center;\">julgamento<\/div>\n<div style=\"text-align: center;\">not\u00edcias populares<\/div>\n<div style=\"text-align: center;\">cavleiros da terra azul<\/div>\n<div style=\"text-align: center;\">em trilhos<\/div>\n<div style=\"text-align: center;\">partilha<\/div>\n<div style=\"text-align: center;\">samambaia<\/div>\n<div style=\"text-align: center;\">do amor<\/div>\n<div style=\"text-align: center;\"><\/div>\n","protected":false},"excerpt":{"rendered":"<p>Muito bom dia, amigos cultos, ocultos e associados! Eu estava temeroso de que hoje n\u00e3o fosse encontrar aqui o nosso Toque Musical. Como disse, h\u00e1 um m\u00eas atr\u00e1s, havia eu recebido uma mensagem do Blogger, dizendo que a partir de &hellip; <a href=\"https:\/\/www.toque-musicall.com\/?p=46\">Continue lendo <span class=\"meta-nav\">&rarr;<\/span><\/a><\/p>\n","protected":false},"author":1,"featured_media":0,"comment_status":"open","ping_status":"closed","sticky":false,"template":"","format":"standard","meta":{"footnotes":""},"categories":[53,25],"tags":[],"class_list":["post-46","post","type-post","status-publish","format-standard","hentry","category-clovis-maciel","category-selo-independente"],"_links":{"self":[{"href":"https:\/\/www.toque-musicall.com\/index.php?rest_route=\/wp\/v2\/posts\/46","targetHints":{"allow":["GET"]}}],"collection":[{"href":"https:\/\/www.toque-musicall.com\/index.php?rest_route=\/wp\/v2\/posts"}],"about":[{"href":"https:\/\/www.toque-musicall.com\/index.php?rest_route=\/wp\/v2\/types\/post"}],"author":[{"embeddable":true,"href":"https:\/\/www.toque-musicall.com\/index.php?rest_route=\/wp\/v2\/users\/1"}],"replies":[{"embeddable":true,"href":"https:\/\/www.toque-musicall.com\/index.php?rest_route=%2Fwp%2Fv2%2Fcomments&post=46"}],"version-history":[{"count":0,"href":"https:\/\/www.toque-musicall.com\/index.php?rest_route=\/wp\/v2\/posts\/46\/revisions"}],"wp:attachment":[{"href":"https:\/\/www.toque-musicall.com\/index.php?rest_route=%2Fwp%2Fv2%2Fmedia&parent=46"}],"wp:term":[{"taxonomy":"category","embeddable":true,"href":"https:\/\/www.toque-musicall.com\/index.php?rest_route=%2Fwp%2Fv2%2Fcategories&post=46"},{"taxonomy":"post_tag","embeddable":true,"href":"https:\/\/www.toque-musicall.com\/index.php?rest_route=%2Fwp%2Fv2%2Ftags&post=46"}],"curies":[{"name":"wp","href":"https:\/\/api.w.org\/{rel}","templated":true}]}}