{"id":4603,"date":"2014-11-20T10:15:52","date_gmt":"2014-11-20T12:15:52","guid":{"rendered":"http:\/\/www.toque-musicall.com\/?p=4603"},"modified":"2014-11-20T10:15:52","modified_gmt":"2014-11-20T12:15:52","slug":"marilia-batista-vai-marilia-1989","status":"publish","type":"post","link":"https:\/\/www.toque-musicall.com\/?p=4603","title":{"rendered":"Mar\u00edlia Batista &#8211; Vai Mar\u00edlia (1989)"},"content":{"rendered":"<p><img loading=\"lazy\" decoding=\"async\" class=\"aligncenter\" alt=\"\" src=\"http:\/\/2.bp.blogspot.com\/-nVov3EavCTA\/VG2cIJ06LAI\/AAAAAAAAKqM\/DSzYcJzfnUQ\/s1600\/capap.JPG\" width=\"1000\" height=\"991\" \/><img loading=\"lazy\" decoding=\"async\" class=\"aligncenter\" alt=\"\" src=\"http:\/\/1.bp.blogspot.com\/-D6gyCvprVU4\/VG2cP6vY--I\/AAAAAAAAKqU\/0Sh9TefnVlQ\/s1600\/contrap.JPG\" width=\"1000\" height=\"995\" \/>Ol\u00e1 amigos cultos e ocultos! Nesta semana que passou fiquei conhecendo um antigo radialista, o Sr Luiz Pedro Rodrigues. Ele foi cantor, apresentador e diretor de v\u00e1rias r\u00e1dios no Rio de Janeiro, S\u00e3o Paulo e finalmente em Belo Horizonte. Era mais conhecido por Pedro Luiz, uma invers\u00e3o do nome, que segundo ele, para um artista do r\u00e1dio, era &#8216;mais sonoro&#8217;. Ele trabalhou ao lado de grandes nomes da m\u00fasica brasileira. Foi tamb\u00e9m compositor. Para a minha grande surpresa, autor de jingles que eu cantava na minha inf\u00e2ncia, como o do arroz Parana\u00edba, da TV Itacolomi e algumas chamadas da R\u00e1dio Inconfid\u00eancia. Ele conheceu de perto pessoas que fizeram parte desse universo, inclusive do lado do p\u00fablico. Figura da mais interessantes e discursivas, me contou alguns fatos interessantes, mem\u00f3rias e coisas ligadas ao r\u00e1dio. Muitas dessas hist\u00f3rias fazem parte de um de seus livros: &#8220;Show do R\u00e1dio &#8211; Pessoas e Fatos Ligados Ao R\u00e1dio de Minas Gerais&#8221;, lan\u00e7ado pela editora Armaz\u00e9m de Ideias em 2002. Mais uma fonte de informa\u00e7\u00e3o que eu at\u00e9 ent\u00e3o desconhecia. Fiquei amigo do mo\u00e7o e por conta disso, logo vou postar aqui uma sele\u00e7\u00e3o com alguns dos seus trabalhos&#8230; Do nosso encontro tamb\u00e9m surgiu o presente um raro disquinho que eu aqui apresento a voc\u00eas. Um compacto da cantora e compositora Mar\u00edlia Batista que ele mesmo recebeu da artista. Segundo consta, este foi o \u00faltimo trabalho realizado por Mar\u00edlia antes de vir falecer, em 1990. Para os desatentos, Mar\u00edlia Batista foi uma das mais importantes int\u00e9rpretes da obra de Noel Rosa. (Em uma pr\u00f3xima oportunidade postarei aqui as grava\u00e7\u00f5es dela com Noel.)<br \/>\nAo lado do Regional Recordando, de Vadinho do Bandolim, Mar\u00edlia nos traz em um compacto duplo e independente quatro de suas composi\u00e7\u00f5es, entre elas &#8220;Garota Sapeca&#8221;, gravada por Aracy de Almeida. Mesmo para um compacto e gravado de maneira independente, o disquinho \u00e9 encantador, samba e choro com muita qualidade. Ta\u00ed um disquinho que merece fazer parte do nosso acervo. Falou que \u00e9 raro e curioso, \u00e9 aqui mesmo, no Toque Musica<a href=\"http:\/\/depositfiles.org\/files\/cvdltuyeq\" target=\"_blank\">l<\/a> \ud83d\ude09<\/p>\n<div style=\"text-align: center;\">vai mar\u00edlia<\/div>\n<div style=\"text-align: center;\">noite t\u00e3o noite<\/div>\n<div style=\"text-align: center;\">garota sapeca<\/div>\n<div style=\"text-align: center;\">itajub\u00e1<\/div>\n<div><\/div>\n<div>.<\/div>\n","protected":false},"excerpt":{"rendered":"<p>Ol\u00e1 amigos cultos e ocultos! Nesta semana que passou fiquei conhecendo um antigo radialista, o Sr Luiz Pedro Rodrigues. Ele foi cantor, apresentador e diretor de v\u00e1rias r\u00e1dios no Rio de Janeiro, S\u00e3o Paulo e finalmente em Belo Horizonte. Era &hellip; <a href=\"https:\/\/www.toque-musicall.com\/?p=4603\">Continue lendo <span class=\"meta-nav\">&rarr;<\/span><\/a><\/p>\n","protected":false},"author":1,"featured_media":0,"comment_status":"open","ping_status":"closed","sticky":false,"template":"","format":"standard","meta":{"footnotes":""},"categories":[93,765,25],"tags":[],"class_list":["post-4603","post","type-post","status-publish","format-standard","hentry","category-compactos","category-marilia-batista","category-selo-independente"],"_links":{"self":[{"href":"https:\/\/www.toque-musicall.com\/index.php?rest_route=\/wp\/v2\/posts\/4603","targetHints":{"allow":["GET"]}}],"collection":[{"href":"https:\/\/www.toque-musicall.com\/index.php?rest_route=\/wp\/v2\/posts"}],"about":[{"href":"https:\/\/www.toque-musicall.com\/index.php?rest_route=\/wp\/v2\/types\/post"}],"author":[{"embeddable":true,"href":"https:\/\/www.toque-musicall.com\/index.php?rest_route=\/wp\/v2\/users\/1"}],"replies":[{"embeddable":true,"href":"https:\/\/www.toque-musicall.com\/index.php?rest_route=%2Fwp%2Fv2%2Fcomments&post=4603"}],"version-history":[{"count":1,"href":"https:\/\/www.toque-musicall.com\/index.php?rest_route=\/wp\/v2\/posts\/4603\/revisions"}],"predecessor-version":[{"id":4604,"href":"https:\/\/www.toque-musicall.com\/index.php?rest_route=\/wp\/v2\/posts\/4603\/revisions\/4604"}],"wp:attachment":[{"href":"https:\/\/www.toque-musicall.com\/index.php?rest_route=%2Fwp%2Fv2%2Fmedia&parent=4603"}],"wp:term":[{"taxonomy":"category","embeddable":true,"href":"https:\/\/www.toque-musicall.com\/index.php?rest_route=%2Fwp%2Fv2%2Fcategories&post=4603"},{"taxonomy":"post_tag","embeddable":true,"href":"https:\/\/www.toque-musicall.com\/index.php?rest_route=%2Fwp%2Fv2%2Ftags&post=4603"}],"curies":[{"name":"wp","href":"https:\/\/api.w.org\/{rel}","templated":true}]}}