{"id":4605,"date":"2014-11-21T08:10:37","date_gmt":"2014-11-21T10:10:37","guid":{"rendered":"http:\/\/www.toque-musicall.com\/?p=4605"},"modified":"2014-11-24T09:43:53","modified_gmt":"2014-11-24T11:43:53","slug":"nora-ney-meu-cantar-e-tempestade-de-saudade-1987","status":"publish","type":"post","link":"https:\/\/www.toque-musicall.com\/?p=4605","title":{"rendered":"Nora Ney &#8211; Meu Cantar \u00c9 Tempestade De Saudade (1987)"},"content":{"rendered":"<div class=\"wp-media-buttons\" id=\"wp-content-media-buttons\"><a class=\"button insert-media add_media\" id=\"insert-media-button\" title=\"Adicionar media\" href=\"https:\/\/www.toque-musicall.com\/wp-admin\/post-new.php#\" data-editor=\"content\"> <\/a><img loading=\"lazy\" decoding=\"async\" class=\"aligncenter\" alt=\"\" src=\"http:\/\/1.bp.blogspot.com\/-27FekTwtAHo\/VG8HJUtRBeI\/AAAAAAAAKqk\/ZZr95tKlEzk\/s1600\/capap.JPG\" width=\"1000\" height=\"1004\" \/><img loading=\"lazy\" decoding=\"async\" class=\"aligncenter\" alt=\"\" src=\"http:\/\/3.bp.blogspot.com\/-UQDQLQIy_oQ\/VG8HgjbYFcI\/AAAAAAAAKqs\/O5Zd53vncCc\/s1600\/contrap.JPG\" width=\"1000\" height=\"1017\" \/>Ol\u00e1, amigos cultos e ocultos! Mais uma vez marcando presen\u00e7a em nosso Toque Musical, eu trago para voc\u00eas a cantora Nora Ney em seu \u00faltimo lp, gravado em 1987. Produzido por Milton Miranda e Moacyr Machado, com arranjos e reg\u00eancias de Eduardo Assad, o \u00e1lbum nos traz um repert\u00f3rio variado e para mim, inconstante. Pessoalmente, n\u00e3o me agrada muito a sele\u00e7\u00e3o, embora tenhamos aqui um Noel Rosa, em &#8220;\u00daltimo desejo&#8221;, um pot pourri de Lupic\u00ednio Rodrigues e outras cositas mas&#8230; Por\u00e9m, acho que o que me incomoda \u00e9 mesmo \u00e9 a superficialidade musical dos anos 80. \u00d4 d\u00e9cadazinha sem vergonha para a m\u00fasica! Sons sintetizados, sem originalidade&#8230; Uma coisa assim meio que pasteurizada e sem sabor. Me refiro, n\u00e3o especificamente a este disco, mas no geral. O uso excessivo de recursos eletr\u00f4nicos, timbres e toques padronizados deram \u00e0 m\u00fasica dos anos 80 um aspecto artificial e sem sabor. H\u00e1 neste disco um pouco dessa contamina\u00e7\u00e3o. Mas, em se tratando de Nora Ney, a gente n\u00e3o pode deixar de conferi<a href=\"http:\/\/depositfiles.org\/files\/o4b9ut3wj\" target=\"_blank\">r<\/a>&#8230;<\/p>\n<div style=\"text-align: center;\">por incr\u00edvel que pare\u00e7a<\/div>\n<div style=\"text-align: center;\">deixe a chave<\/div>\n<div style=\"text-align: center;\">cal\u00e7adas<\/div>\n<div style=\"text-align: center;\">v\u00f4o sem destino<\/div>\n<div style=\"text-align: center;\">quero que volte<\/div>\n<div style=\"text-align: center;\">pot pourri lupic\u00ednio rodrigues:<\/div>\n<div style=\"text-align: center;\">esses mo\u00e7os \/ nunca \/ vingan\u00e7a<\/div>\n<div style=\"text-align: center;\">tempestade de saudade<\/div>\n<div style=\"text-align: center;\">tanta cidade<\/div>\n<div style=\"text-align: center;\">meu cantar<\/div>\n<div style=\"text-align: center;\">sem medo de amar<\/div>\n<div style=\"text-align: center;\">s\u00f3 saudade<\/div>\n<div style=\"text-align: center;\">\u00faltimo desejo<\/div>\n<div style=\"text-align: center;\"><\/div>\n<div style=\"text-align: center;\">.<\/div>\n<\/div>\n","protected":false},"excerpt":{"rendered":"<p>Ol\u00e1, amigos cultos e ocultos! Mais uma vez marcando presen\u00e7a em nosso Toque Musical, eu trago para voc\u00eas a cantora Nora Ney em seu \u00faltimo lp, gravado em 1987. Produzido por Milton Miranda e Moacyr Machado, com arranjos e reg\u00eancias &hellip; <a href=\"https:\/\/www.toque-musicall.com\/?p=4605\">Continue lendo <span class=\"meta-nav\">&rarr;<\/span><\/a><\/p>\n","protected":false},"author":1,"featured_media":0,"comment_status":"open","ping_status":"closed","sticky":false,"template":"","format":"standard","meta":{"footnotes":""},"categories":[160,589],"tags":[],"class_list":["post-4605","post","type-post","status-publish","format-standard","hentry","category-nora-ney","category-selo-3m"],"_links":{"self":[{"href":"https:\/\/www.toque-musicall.com\/index.php?rest_route=\/wp\/v2\/posts\/4605","targetHints":{"allow":["GET"]}}],"collection":[{"href":"https:\/\/www.toque-musicall.com\/index.php?rest_route=\/wp\/v2\/posts"}],"about":[{"href":"https:\/\/www.toque-musicall.com\/index.php?rest_route=\/wp\/v2\/types\/post"}],"author":[{"embeddable":true,"href":"https:\/\/www.toque-musicall.com\/index.php?rest_route=\/wp\/v2\/users\/1"}],"replies":[{"embeddable":true,"href":"https:\/\/www.toque-musicall.com\/index.php?rest_route=%2Fwp%2Fv2%2Fcomments&post=4605"}],"version-history":[{"count":3,"href":"https:\/\/www.toque-musicall.com\/index.php?rest_route=\/wp\/v2\/posts\/4605\/revisions"}],"predecessor-version":[{"id":4609,"href":"https:\/\/www.toque-musicall.com\/index.php?rest_route=\/wp\/v2\/posts\/4605\/revisions\/4609"}],"wp:attachment":[{"href":"https:\/\/www.toque-musicall.com\/index.php?rest_route=%2Fwp%2Fv2%2Fmedia&parent=4605"}],"wp:term":[{"taxonomy":"category","embeddable":true,"href":"https:\/\/www.toque-musicall.com\/index.php?rest_route=%2Fwp%2Fv2%2Fcategories&post=4605"},{"taxonomy":"post_tag","embeddable":true,"href":"https:\/\/www.toque-musicall.com\/index.php?rest_route=%2Fwp%2Fv2%2Ftags&post=4605"}],"curies":[{"name":"wp","href":"https:\/\/api.w.org\/{rel}","templated":true}]}}