{"id":462,"date":"2011-05-13T21:50:00","date_gmt":"2011-05-13T21:50:00","guid":{"rendered":"http:\/\/www.toque-musicall.com\/?p=462"},"modified":"2011-05-13T21:50:00","modified_gmt":"2011-05-13T21:50:00","slug":"alexandre-salles-homem-de-plastico-1984","status":"publish","type":"post","link":"https:\/\/www.toque-musicall.com\/?p=462","title":{"rendered":"Alexandre Salles &#8211; Homem De Pl\u00e1stico (1984)"},"content":{"rendered":"<div style=\"clear: both; text-align: center;\"><a href=\"http:\/\/1.bp.blogspot.com\/-aCfdqjHsRgM\/Tc2mhvAW_OI\/AAAAAAAAIAw\/5dTF0kycMDM\/s1600\/alexandre+P.JPG\" style=\"margin-left: 1em; margin-right: 1em;\"><img loading=\"lazy\" decoding=\"async\" border=\"0\" height=\"397\" src=\"http:\/\/1.bp.blogspot.com\/-aCfdqjHsRgM\/Tc2mhvAW_OI\/AAAAAAAAIAw\/5dTF0kycMDM\/s400\/alexandre+P.JPG\" width=\"400\" \/><\/a><\/div>\n<div style=\"line-height: 15.75pt; margin-bottom: 7.5pt; margin-left: 0cm; margin-right: 0cm; margin-top: 7.5pt; text-align: left;\"><span style=\"font-family: Verdana; font-size: 9pt;\"><span style=\"color: white;\">Tenho para hoje, sexta independente, \u201cHomem de Pl\u00e1stico\u201d, disco do mineiro Alexandre Salles. Ta\u00ed um disco interessante, com boas m\u00fasicas, bons m\u00fasicos e bem produzindo. Por\u00e9m \u00e9 mais um daqueles discos que a gente tem e escuta, mas esquece de olhar com outros olhos. Ou melhor dizendo, n\u00e3o d\u00e1 a devida aten\u00e7\u00e3o. Pelo menos foi isso que aconteceu comigo em rela\u00e7\u00e3o a ele. Me lembro que nos anos 80 o Alexandre fazia parte da cena musical belorizontina. Estava presente em diversos encontros e festivais pela cidade. Depois que lan\u00e7ou este disco eu nunca mais ouvi falar dele. As informa\u00e7\u00f5es a seu respeito na rede s\u00e3o escassas. O \u00e1lbum traz um repert\u00f3rio autoral e algumas parcerias, com o falecido escritor Roberto Drummond, o poeta Ferreira Gullar e Andr\u00e9 Dequech que tamb\u00e9m assina a dire\u00e7\u00e3o musical. Participam do discos grandes nomes da m\u00fasica mineira, Juarez Moreira, Marco Antonio Guimar\u00e3es, Lincoln Cheib e Nenem. Para embalar essa produ\u00e7\u00e3o, a capa traz uma ilustra\u00e7\u00e3o de Elifas Andreato. Confiram aqui a vers\u00e3o do Toque Musical<\/span><span><span style=\"color: white;\">\u00a0<\/span><\/span><span style=\"color: white;\"><img loading=\"lazy\" decoding=\"async\" alt=\";)\" class=\"wp-smiley\" height=\"15\" src=\"file:\/C%3A\/DOCUME~1\/user\/CONFIG~1\/Temp\/msoclip1\/01\/clip_image001.gif\" v:shapes=\"_x0000_i1025\" width=\"15\" \/><o:p><\/o:p><\/span><\/span><\/div>\n<div style=\"line-height: 15.75pt; margin-bottom: 7.5pt; margin-left: 0cm; margin-right: 0cm; margin-top: 7.5pt; text-align: center;\"><span style=\"font-family: Verdana; font-size: 9pt;\"><span style=\"color: white;\">homem de pl\u00e1stico<o:p><\/o:p><\/span><\/span><\/div>\n<div style=\"line-height: 15.75pt; margin-bottom: 7.5pt; margin-left: 0cm; margin-right: 0cm; margin-top: 7.5pt; text-align: center;\"><span style=\"font-family: Verdana; font-size: 9pt;\"><span style=\"color: white;\">cantiga para n\u00e3o morrer<o:p><\/o:p><\/span><\/span><\/div>\n<div style=\"line-height: 15.75pt; margin-bottom: 7.5pt; margin-left: 0cm; margin-right: 0cm; margin-top: 7.5pt; text-align: center;\"><span style=\"font-family: Verdana; font-size: 9pt;\"><span style=\"color: white;\">a 200 cora\u00e7\u00e3o hora<o:p><\/o:p><\/span><\/span><\/div>\n<div style=\"line-height: 15.75pt; margin-bottom: 7.5pt; margin-left: 0cm; margin-right: 0cm; margin-top: 7.5pt; text-align: center;\"><span style=\"font-family: Verdana; font-size: 9pt;\"><span style=\"color: white;\">isabel<o:p><\/o:p><\/span><\/span><\/div>\n<div style=\"line-height: 15.75pt; margin-bottom: 7.5pt; margin-left: 0cm; margin-right: 0cm; margin-top: 7.5pt; text-align: center;\"><span style=\"font-family: Verdana; font-size: 9pt;\"><span style=\"color: white;\">nana-uiara<o:p><\/o:p><\/span><\/span><\/div>\n<div style=\"line-height: 15.75pt; margin-bottom: 7.5pt; margin-left: 0cm; margin-right: 0cm; margin-top: 7.5pt; text-align: center;\"><span style=\"font-family: Verdana; font-size: 9pt;\"><span style=\"color: white;\">marta<o:p><\/o:p><\/span><\/span><\/div>\n<div style=\"line-height: 15.75pt; margin-bottom: 7.5pt; margin-left: 0cm; margin-right: 0cm; margin-top: 7.5pt; text-align: center;\"><span style=\"font-family: Verdana; font-size: 9pt;\"><span style=\"color: white;\">vou frazer uma cesta no seu cora\u00e7\u00e3o<o:p><\/o:p><\/span><\/span><\/div>\n<div style=\"line-height: 15.75pt; margin-bottom: 7.5pt; margin-left: 0cm; margin-right: 0cm; margin-top: 7.5pt; text-align: center;\"><span style=\"font-family: Verdana; font-size: 9pt;\"><span style=\"color: white;\">cora\u00e7\u00e3o engaiolado<o:p><\/o:p><\/span><\/span><\/div>\n<div style=\"line-height: 15.75pt; margin-bottom: 7.5pt; margin-left: 0cm; margin-right: 0cm; margin-top: 7.5pt; text-align: center;\"><span style=\"font-family: Verdana; font-size: 9pt;\"><span style=\"color: white;\">voc\u00ea n\u00e3o consegue matar este amor<o:p><\/o:p><\/span><\/span><\/div>\n<div style=\"line-height: 15.75pt; margin-bottom: 7.5pt; margin-left: 0cm; margin-right: 0cm; margin-top: 7.5pt; text-align: center;\"><span style=\"font-family: Verdana; font-size: 9pt;\"><span style=\"color: white;\">l\u00e1grimas de estrelas<o:p><\/o:p><\/span><\/span><\/div>\n<div style=\"line-height: 15.75pt; margin-bottom: 7.5pt; margin-left: 0cm; margin-right: 0cm; margin-top: 7.5pt; text-align: center;\"><span style=\"font-family: Verdana; font-size: 9pt;\"><span style=\"color: white;\">hoje tem rei<o:p><\/o:p><\/span><\/span><\/div>\n<p><span style=\"color: white;\"><span style=\"font-family: Verdana; font-size: 9pt;\"><\/span><\/span><br \/><span style=\"color: black; font-family: Verdana; font-size: 9pt;\"><\/p>\n<div style=\"text-align: center;\"><span style=\"color: white;\">ciclo do boi<\/span><\/div>\n<p><\/span><\/p>\n","protected":false},"excerpt":{"rendered":"<p>Tenho para hoje, sexta independente, \u201cHomem de Pl\u00e1stico\u201d, disco do mineiro Alexandre Salles. Ta\u00ed um disco interessante, com boas m\u00fasicas, bons m\u00fasicos e bem produzindo. Por\u00e9m \u00e9 mais um daqueles discos que a gente tem e escuta, mas esquece de &hellip; <a href=\"https:\/\/www.toque-musicall.com\/?p=462\">Continue lendo <span class=\"meta-nav\">&rarr;<\/span><\/a><\/p>\n","protected":false},"author":1,"featured_media":0,"comment_status":"open","ping_status":"closed","sticky":false,"template":"","format":"standard","meta":{"footnotes":""},"categories":[728,25],"tags":[],"class_list":["post-462","post","type-post","status-publish","format-standard","hentry","category-alexandre-salles","category-selo-independente"],"_links":{"self":[{"href":"https:\/\/www.toque-musicall.com\/index.php?rest_route=\/wp\/v2\/posts\/462","targetHints":{"allow":["GET"]}}],"collection":[{"href":"https:\/\/www.toque-musicall.com\/index.php?rest_route=\/wp\/v2\/posts"}],"about":[{"href":"https:\/\/www.toque-musicall.com\/index.php?rest_route=\/wp\/v2\/types\/post"}],"author":[{"embeddable":true,"href":"https:\/\/www.toque-musicall.com\/index.php?rest_route=\/wp\/v2\/users\/1"}],"replies":[{"embeddable":true,"href":"https:\/\/www.toque-musicall.com\/index.php?rest_route=%2Fwp%2Fv2%2Fcomments&post=462"}],"version-history":[{"count":0,"href":"https:\/\/www.toque-musicall.com\/index.php?rest_route=\/wp\/v2\/posts\/462\/revisions"}],"wp:attachment":[{"href":"https:\/\/www.toque-musicall.com\/index.php?rest_route=%2Fwp%2Fv2%2Fmedia&parent=462"}],"wp:term":[{"taxonomy":"category","embeddable":true,"href":"https:\/\/www.toque-musicall.com\/index.php?rest_route=%2Fwp%2Fv2%2Fcategories&post=462"},{"taxonomy":"post_tag","embeddable":true,"href":"https:\/\/www.toque-musicall.com\/index.php?rest_route=%2Fwp%2Fv2%2Ftags&post=462"}],"curies":[{"name":"wp","href":"https:\/\/api.w.org\/{rel}","templated":true}]}}