{"id":4626,"date":"2014-12-02T23:32:28","date_gmt":"2014-12-03T01:32:28","guid":{"rendered":"http:\/\/www.toque-musicall.com\/?p=4626"},"modified":"2014-12-02T23:32:28","modified_gmt":"2014-12-03T01:32:28","slug":"a-musica-de-caxine-selecao-78-rpm-do-toque-musical-vol-127-2014","status":"publish","type":"post","link":"https:\/\/www.toque-musicall.com\/?p=4626","title":{"rendered":"A M\u00fasica De Caxin\u00e9 &#8211; Sele\u00e7\u00e3o 78 RPM Do Toque Musical Vol. 127 (2014)"},"content":{"rendered":"<div>\n<div><\/div>\n<p><img loading=\"lazy\" decoding=\"async\" class=\"aligncenter\" alt=\"\" src=\"http:\/\/3.bp.blogspot.com\/-ZoSSMipkwPA\/VH5lLgBVhYI\/AAAAAAAAKu0\/BJxmKeZsulY\/s1600\/CAPAp.JPG\" width=\"1000\" height=\"1000\" \/><\/div>\n<p><img loading=\"lazy\" decoding=\"async\" class=\"aligncenter\" alt=\"\" src=\"http:\/\/2.bp.blogspot.com\/-Uz36N8ZQRtg\/VH5lUe5my9I\/AAAAAAAAKu8\/jONNwjBkV78\/s1600\/CONTRACAPAp.JPG\" width=\"1000\" height=\"1000\" \/><\/p>\n<div>Esta semana comemoramos o Dia Nacional do Samba, 2 de dezembro. Entrando no clima, a edi\u00e7\u00e3o de n\u00famero 127 do nosso Grand Record Brazil vem com toda a ginga e espontaneidade, apresentando uma amostra do trabalho de um dos maiores compositores do g\u00eanero: Eden Silva, popularmente conhecido como Caxin\u00e9. Poucos s\u00e3o os dados biogr\u00e1ficos a seu respeito. Entretanto, Eden \u201cCaxin\u00e9\u201d Silva foi um verdadeiro g\u00eanio de nossa m\u00fasica popular. Participou da Escola de Samba Depois eu Digo, e tamb\u00e9m fundou a Independentes do Leblon, a Unidos do Humait\u00e1, e a Acad\u00eamicos do Salgueiro (que surgiu da fus\u00e3o da Depois eu Digo com a Azul e Branco, ambas as escolas situadas no Morro da Tijuca). Caxin\u00e9 \u00e9 considerado inclusive um dos maiores compositores que o Salgueiro j\u00e1 teve em todos os tempos, tendo tamb\u00e9m feito bons trabalhos para blocos carnavalescos. Foi eleito Cidad\u00e3o Samba em 1946, e era tamb\u00e9m carnavalesco. Caxin\u00e9\u00a0\u00a0e An\u00edbal da Silva, conhecido como o \u201cseresteiro da Praia do Pinto\u201d (situada no Leblon, Zona Sul carioca)formaram uma dupla de compositores de muito sucesso nos anos 1940\/50, tendo composto quase todos os sambas-enredo da Depois eu Digo na d\u00e9cada de 40. \u201cBrasil, fonte das artes\u201d, que fez em parceria com Djalma \u201cSabi\u00e1\u201d Costa e Nilo Moreira, foi um dos primeiros sambas-enredo a ser gravados comercialmente (inclusive est\u00e1 nesta edi\u00e7\u00e3o).\u00a0\u00a0Caxin\u00e9 faleceu em 1963, deixando v\u00e1rias m\u00fasicas que fazem parte da hist\u00f3ria do samba: sambas-can\u00e7\u00f5es, de terreiro, de enredo&#8230;<\/div>\n<div>Nesta edi\u00e7\u00e3o do GRB, apresentamos dez grava\u00e7\u00f5es que montam um pequeno-grande panorama da obra musical de Caxin\u00e9, sele\u00e7\u00e3o esta idealizada pelo Blog Coisa da Antiga.\u00a0\u00a0Abrindo o programa, temos \u201cTudo \u00e9 ilus\u00e3o\u201d, parceria dele com An\u00edbal da Silva e Tufic Lauar (mais tarde cantor de sucesso com o pseud\u00f4nimo\u00a0\u00a0de Raul Moreno). Destinado ao carnaval de 1945, foi gravado na Odeon por Odete Amaral, \u201ca voz tropical do Brasil\u201d, em 5 de outubro de 44, com lan\u00e7amento ainda em dezembro, sob n\u00famero\u00a0\u00a012519-B, matriz 7676. Voltaria a fazer sucesso vinte anos mais tarde, numa grava\u00e7\u00e3o de Clara Nunes.\u00a0\u00a0A faixa seguinte \u00e9 talvez o trabalho mais famoso de Caxin\u00e9: \u201cRosa Maria\u201d, outra parceria dele com An\u00edbal, at\u00e9 hoje cantado em rodas de samba. Um dos campe\u00f5es do carnaval de 1948, foi imortalizado na RCA Victor por Gilberto Alves em 9 de outubro de 47, com lan\u00e7amento um m\u00eas antes da folia, em janeiro, disco 80-0564-A,matriz S-078792. Caxin\u00e9 e An\u00edbal assinam tamb\u00e9m nossa terceira faixa, \u201cVem me consolar\u201d, samba do carnaval de 1949, interpretado por Z\u00e9 e Zilda, \u201ca dupla da harmonia\u201d.\u00a0\u00a0Grava\u00e7\u00e3o Continental de 13 de outubro de 48, lan\u00e7ada um m\u00eas antes dos festejos momescos, em janeiro, sob n.o 15984-A,matriz 1980. Em seguida, uma homenagem de Caxin\u00e9 e An\u00edbal a outro grande sambista: \u201cPaulo da Portela\u201d,ali\u00e1s, Paulo Benjamin de Oliveira, falecido prematuramente, aos 47 anos, em 31 de janeiro de 1949. Z\u00e9 e Zilda tamb\u00e9m gravaram este samba, na Star (futura Copacabana), disco 151-A. para a folia de 1950. A dupla ainda nos apresenta\u00a0\u00a0outro samba de rara beleza de Caxin\u00e9 e An\u00edbal, aqui em parceria com Noel Rosa de Oliveira, \u201cFalam de mim\u201d, lado B do disco Continental de \u201cVem me consolar\u201d, matriz 1981, e outro sucesso do carnaval de 1949. Completando este trabalho, cinco faixas de um precioso LP de 10 polegadas da Todam\u00e9rica, gravado por integrantes da escola de cora\u00e7\u00e3o de Caxin\u00e9, o Salgueiro, lan\u00e7ado em maio de 1957 e intitulado apenas \u201cSamba!\u201d (LPP-TA-12).\u00a0\u00a0\u201cBrasil, fonte das artes\u201d, j\u00e1 mencionado acima, parceria de Caxin\u00e9 com Djalma \u201cSabi\u00e1\u201d Costa e Nilo Moreira, havia aparecido em 1957, em vers\u00e3o resumida, na voz de Emilinha Borba, que tamb\u00e9m apresentou a m\u00fasica no filme \u201cGarotas e samba\u201d, da Atl\u00e2ntida. Aqui, neste registro de integrantes do Salgueiro, este samba-enredo de 56 \u00e9 apresentado com a letra completa. Caxin\u00e9 e Djalma, agora na companhia de Oldemar Magalh\u00e3es, assinam o samba \u201cNovo dia\u201d, at\u00e9 agora s\u00f3 com esta grava\u00e7\u00e3o. N\u00e3o podia faltar uma \u201cExalta\u00e7\u00e3o ao Salgueiro\u201d, que Caxin\u00e9 assina com seu parceiro mais constante, An\u00edbal da Silva, e mais uma vez Nilo Moreira. E \u2013 por que n\u00e3o? \u2013 uma \u201cExalta\u00e7\u00e3o \u00e0 Tijuca\u201d, em cujo morro o Salgueiro surgiu, novamente com Caxin\u00e9 e Nilo Moreira na parceria, e aqui junto com Lu\u00eds Silva. Para encerrar, uma regrava\u00e7\u00e3o de \u201cTudo \u00e9 ilus\u00e3o\u201d (ou\u00e7a, na faixa 1, o registro original de Odete Amaral). Enfim,\u00a0\u00a0uma homenagem que o Grand Record Brazil presta,com muita justi\u00e7a, a Eden Silva, o Caxin\u00e9, sem d\u00favida um g\u00eanio do samba carioca e brasileir<a href=\"http:\/\/depositfiles.org\/files\/5kcgbyssj\" target=\"_blank\">o<\/a>.<\/div>\n<div><\/div>\n<div>* Texto de Samuel Machado Filho<\/div>\n<div><\/div>\n","protected":false},"excerpt":{"rendered":"<p>Esta semana comemoramos o Dia Nacional do Samba, 2 de dezembro. Entrando no clima, a edi\u00e7\u00e3o de n\u00famero 127 do nosso Grand Record Brazil vem com toda a ginga e espontaneidade, apresentando uma amostra do trabalho de um dos maiores &hellip; <a href=\"https:\/\/www.toque-musicall.com\/?p=4626\">Continue lendo <span class=\"meta-nav\">&rarr;<\/span><\/a><\/p>\n","protected":false},"author":1,"featured_media":0,"comment_status":"open","ping_status":"closed","sticky":false,"template":"","format":"standard","meta":{"footnotes":""},"categories":[2470,11,267,1265,13,2471],"tags":[],"class_list":["post-4626","post","type-post","status-publish","format-standard","hentry","category-academicos-do-salgueiro","category-exclusivos-do-toque-musical","category-gilberto-alves","category-odette-amaral","category-selo-grand-record-brazil","category-ze-e-zilda"],"_links":{"self":[{"href":"https:\/\/www.toque-musicall.com\/index.php?rest_route=\/wp\/v2\/posts\/4626","targetHints":{"allow":["GET"]}}],"collection":[{"href":"https:\/\/www.toque-musicall.com\/index.php?rest_route=\/wp\/v2\/posts"}],"about":[{"href":"https:\/\/www.toque-musicall.com\/index.php?rest_route=\/wp\/v2\/types\/post"}],"author":[{"embeddable":true,"href":"https:\/\/www.toque-musicall.com\/index.php?rest_route=\/wp\/v2\/users\/1"}],"replies":[{"embeddable":true,"href":"https:\/\/www.toque-musicall.com\/index.php?rest_route=%2Fwp%2Fv2%2Fcomments&post=4626"}],"version-history":[{"count":1,"href":"https:\/\/www.toque-musicall.com\/index.php?rest_route=\/wp\/v2\/posts\/4626\/revisions"}],"predecessor-version":[{"id":4629,"href":"https:\/\/www.toque-musicall.com\/index.php?rest_route=\/wp\/v2\/posts\/4626\/revisions\/4629"}],"wp:attachment":[{"href":"https:\/\/www.toque-musicall.com\/index.php?rest_route=%2Fwp%2Fv2%2Fmedia&parent=4626"}],"wp:term":[{"taxonomy":"category","embeddable":true,"href":"https:\/\/www.toque-musicall.com\/index.php?rest_route=%2Fwp%2Fv2%2Fcategories&post=4626"},{"taxonomy":"post_tag","embeddable":true,"href":"https:\/\/www.toque-musicall.com\/index.php?rest_route=%2Fwp%2Fv2%2Ftags&post=4626"}],"curies":[{"name":"wp","href":"https:\/\/api.w.org\/{rel}","templated":true}]}}