{"id":4639,"date":"2014-12-04T22:00:01","date_gmt":"2014-12-05T00:00:01","guid":{"rendered":"http:\/\/www.toque-musicall.com\/?p=4639"},"modified":"2014-12-05T08:00:04","modified_gmt":"2014-12-05T10:00:04","slug":"cartola-70-fala-mangueira-1978","status":"publish","type":"post","link":"https:\/\/www.toque-musicall.com\/?p=4639","title":{"rendered":"Cartola 70 &#8211; Fala Mangueira! (1978)"},"content":{"rendered":"<p><img loading=\"lazy\" decoding=\"async\" class=\"aligncenter\" alt=\"\" src=\"http:\/\/2.bp.blogspot.com\/-qiI7MMwS9Co\/VIDsnG2q5JI\/AAAAAAAAKvU\/AEebdS5JURk\/s1600\/fala%2Bmangueira%2B(6)%2BP.JPG\" width=\"1000\" height=\"993\" \/><img loading=\"lazy\" decoding=\"async\" class=\"aligncenter\" alt=\"\" src=\"http:\/\/1.bp.blogspot.com\/-YmRcyWgFzbM\/VIDsy5X65pI\/AAAAAAAAKvc\/VKTo1Gn0rBQ\/s1600\/fala%2Bmangueira%2Bbp.JPG\" width=\"1000\" height=\"1009\" \/>Boa noite, amigos cultos e ocultos! No batido do samba aqui vamos n\u00f3s com mais um disco bacana. Eu, na verdade estou fazendo uma reprise. H\u00e1 alguns anos atr\u00e1s eu postei aqui o \u00e1lbum, &#8220;Fala Mangueira!&#8221;, originalmente lan\u00e7ado em 1968, pela Odeon. Um verdadeiro cl\u00e1ssico do samba. Disco que n\u00e3o pode faltar em nenhuma boa cole\u00e7\u00e3o. Estamos falando aqui do feliz encontro de Cartola, Carlos Cacha\u00e7a, Clementina de Jesus, Nelson Cavaquinho e Odete Amaral, num disco dedicado \u00e0 Mangueira. Conforme relata o texto de contra capa desta edi\u00e7\u00e3o, foi uma\u00a0ideia de Vianinha (Oduvaldo Vianna Filho) sugerida ao\u00a0Herminio Bello de Carvalho para um musical falando sobre a Mangueira. Espet\u00e1culo este que nunca chegou a acontecer, infelizmente. Mas pelo menos esse encontro se eternizou em disco, neste lp que aqui retorna ap\u00f3s 10 anos numa edi\u00e7\u00e3o comemorativa em homenagem aos 70 anos do Cartola. Por essa raz\u00e3o o disco mudou de nome, mas o material, a grava\u00e7\u00e3o \u00e9 a mesma. Fica aqui esta segunda chance, para manter o pique do samb<a href=\"http:\/\/depositfiles.org\/files\/ftyk32nwi\" target=\"_blank\">a<\/a> \ud83d\ude09<\/p>\n<div style=\"text-align: center;\">enquanto houver mangueira &#8211; odete amaral<\/div>\n<div style=\"text-align: center;\">l\u00e1 vem mangueira &#8211; clementina de jesus<\/div>\n<div style=\"text-align: center;\">mundo de zinco &#8211; zezinho<\/div>\n<div style=\"text-align: center;\">tempos idos &#8211; odete amaral e cartola<\/div>\n<div style=\"text-align: center;\">ao amanhecer &#8211; cartola<\/div>\n<div style=\"text-align: center;\">alvorada no morro &#8211; odete amaral<\/div>\n<div style=\"text-align: center;\">quem me v\u00ea sorrindo &#8211; odete amaral<\/div>\n<div style=\"text-align: center;\">alegria &#8211; clementina de jesus<\/div>\n<div style=\"text-align: center;\">lacrim\u00e1rio &#8211; carlos cacha\u00e7a<\/div>\n<div style=\"text-align: center;\">saudosa mangueira &#8211; clemetnina de jesus<\/div>\n<div style=\"text-align: center;\">sei l\u00e1 mangueira &#8211; odete amaral<\/div>\n<div style=\"text-align: center;\">rei vagabundo &#8211; a magueira me chama, sempre mangueira, folhas ca\u00eddas, eu e as flores<\/div>\n<div style=\"text-align: center;\">nelson cavaquinho e odete amaral<\/div>\n<div style=\"text-align: center;\">sabi\u00e1 da mengueira &#8211; clementina de jesus<\/div>\n<div style=\"text-align: center;\">exalta\u00e7\u00e3o a mangueira &#8211; Zezinho<\/div>\n<div style=\"text-align: center;\">despedida de mangueira &#8211; odete amaral<\/div>\n<div style=\"text-align: center;\"><\/div>\n<div><\/div>\n","protected":false},"excerpt":{"rendered":"<p>Boa noite, amigos cultos e ocultos! No batido do samba aqui vamos n\u00f3s com mais um disco bacana. Eu, na verdade estou fazendo uma reprise. H\u00e1 alguns anos atr\u00e1s eu postei aqui o \u00e1lbum, &#8220;Fala Mangueira!&#8221;, originalmente lan\u00e7ado em 1968, &hellip; <a href=\"https:\/\/www.toque-musicall.com\/?p=4639\">Continue lendo <span class=\"meta-nav\">&rarr;<\/span><\/a><\/p>\n","protected":false},"author":1,"featured_media":0,"comment_status":"open","ping_status":"closed","sticky":false,"template":"","format":"standard","meta":{"footnotes":""},"categories":[1960,1471,531,704,1733,600],"tags":[],"class_list":["post-4639","post","type-post","status-publish","format-standard","hentry","category-carlos-cachaca","category-cartola","category-clementina-de-jesus","category-nelson-cavaquinho","category-odete-amaral","category-selo-funarte"],"_links":{"self":[{"href":"https:\/\/www.toque-musicall.com\/index.php?rest_route=\/wp\/v2\/posts\/4639","targetHints":{"allow":["GET"]}}],"collection":[{"href":"https:\/\/www.toque-musicall.com\/index.php?rest_route=\/wp\/v2\/posts"}],"about":[{"href":"https:\/\/www.toque-musicall.com\/index.php?rest_route=\/wp\/v2\/types\/post"}],"author":[{"embeddable":true,"href":"https:\/\/www.toque-musicall.com\/index.php?rest_route=\/wp\/v2\/users\/1"}],"replies":[{"embeddable":true,"href":"https:\/\/www.toque-musicall.com\/index.php?rest_route=%2Fwp%2Fv2%2Fcomments&post=4639"}],"version-history":[{"count":3,"href":"https:\/\/www.toque-musicall.com\/index.php?rest_route=\/wp\/v2\/posts\/4639\/revisions"}],"predecessor-version":[{"id":4643,"href":"https:\/\/www.toque-musicall.com\/index.php?rest_route=\/wp\/v2\/posts\/4639\/revisions\/4643"}],"wp:attachment":[{"href":"https:\/\/www.toque-musicall.com\/index.php?rest_route=%2Fwp%2Fv2%2Fmedia&parent=4639"}],"wp:term":[{"taxonomy":"category","embeddable":true,"href":"https:\/\/www.toque-musicall.com\/index.php?rest_route=%2Fwp%2Fv2%2Fcategories&post=4639"},{"taxonomy":"post_tag","embeddable":true,"href":"https:\/\/www.toque-musicall.com\/index.php?rest_route=%2Fwp%2Fv2%2Ftags&post=4639"}],"curies":[{"name":"wp","href":"https:\/\/api.w.org\/{rel}","templated":true}]}}