{"id":4645,"date":"2014-12-06T18:16:41","date_gmt":"2014-12-06T20:16:41","guid":{"rendered":"http:\/\/www.toque-musicall.com\/?p=4645"},"modified":"2014-12-07T09:10:50","modified_gmt":"2014-12-07T11:10:50","slug":"paulo-vanzolini-por-ele-mesmo-1981","status":"publish","type":"post","link":"https:\/\/www.toque-musicall.com\/?p=4645","title":{"rendered":"Paulo Vanzolini &#8211; Por Ele Mesmo (1981)"},"content":{"rendered":"<p><img loading=\"lazy\" decoding=\"async\" class=\"aligncenter\" alt=\"\" src=\"http:\/\/3.bp.blogspot.com\/-UPUDh7iEoB0\/VIQZS24VFRI\/AAAAAAAAKvs\/PMH_XbPo3aw\/s1600\/capp.JPG\" width=\"1000\" height=\"1019\" \/><img loading=\"lazy\" decoding=\"async\" class=\"aligncenter\" alt=\"\" src=\"http:\/\/3.bp.blogspot.com\/-cOX_gs8vAak\/VIQZbjY965I\/AAAAAAAAKv0\/py6Kh9BePOU\/s1600\/contra%2Bp.JPG\" width=\"1000\" height=\"1022\" \/><br \/>\nOl\u00e1 amigos cultos e ocultos! Seguindo no samba, eu hoje trago um disco que para ca\u00e7adores e garimpeiros musicais j\u00e1 n\u00e3o \u00e9 nenhuma novidade e nem raridade. Mas tem, para mim, uma import\u00e2ncia que eu fa\u00e7o quest\u00e3o de manifestar atrav\u00e9s desta postagem. Paulo Vanzolini \u00e9 um dos meus compositores prediletos. Sua m\u00fasica tem uma caracter\u00edstica pr\u00f3pria e suas letras s\u00e3o verdadeiras cr\u00f4nicas com come\u00e7o, meio e fim. Gosto disso. Gosto tamb\u00e9m do seu humor e da sua maneira de descrever as rela\u00e7\u00f5es. Me faz lembrar outro grande compositor, o Billy Blanco.<br \/>\nNeste \u00e1lbum, lan\u00e7ado pelo Est\u00fadio Eldorado, no in\u00edcio dos anos 80, temos ent\u00e3o o autor, pela primeira vez, interpretando a si mesmo. Vanzolini era antes de tudo um compositor e seu sucesso vem atrav\u00e9s de seus int\u00e9rpretes e claro, de suas muitas can\u00e7\u00f5es que ficaram para sempre marcadas em nossa mem\u00f3ria. Aqui ele interpreta treze impec\u00e1veis composi\u00e7\u00f5es, m\u00fasicas de diversos momentos, acompanhado por um time de m\u00fasicos, como Adalto Santos, Edson Alves, Heraldo do Monte, Bol\u00e3o e outros, que entendem o seu recado. O disco \u00e9 realmente uma bela produ\u00e7\u00e3o. S\u00f3 peca pelo fato de ser um \u00e1lbum de um disco s\u00f3. Merecia mais. Isso por\u00e9m viria a acontecer no lan\u00e7amento em 2003 do box, &#8220;Acerto de contas&#8221;, com quatro cds tran\u00e7ando toda a sua produ\u00e7\u00e3o conhecida, editado pela Biscoito Fin<a href=\"http:\/\/depositfiles.org\/files\/5jd9qikm0\" target=\"_blank\">o<\/a>.<\/p>\n<div style=\"text-align: center;\">bandeira de guerra<\/div>\n<div style=\"text-align: center;\">tempo e espa\u00e7o<\/div>\n<div style=\"text-align: center;\">raiz<\/div>\n<div style=\"text-align: center;\">samba erudito<\/div>\n<div style=\"text-align: center;\">amor de trapo e farrapo<\/div>\n<div style=\"text-align: center;\">alberto<\/div>\n<div style=\"text-align: center;\">falta de mim<\/div>\n<div style=\"text-align: center;\">o rato roeu a roupa do rei de roma<\/div>\n<div style=\"text-align: center;\">cravo branco<\/div>\n<div style=\"text-align: center;\">vida \u00e9 tua<\/div>\n<div style=\"text-align: center;\">capoeira do arnaldo<\/div>\n<div style=\"text-align: center;\">samba do suic\u00eddio<\/div>\n<div style=\"text-align: center;\">samba abstrato<\/div>\n<div style=\"text-align: center;\">.<\/div>\n","protected":false},"excerpt":{"rendered":"<p>Ol\u00e1 amigos cultos e ocultos! Seguindo no samba, eu hoje trago um disco que para ca\u00e7adores e garimpeiros musicais j\u00e1 n\u00e3o \u00e9 nenhuma novidade e nem raridade. Mas tem, para mim, uma import\u00e2ncia que eu fa\u00e7o quest\u00e3o de manifestar atrav\u00e9s &hellip; <a href=\"https:\/\/www.toque-musicall.com\/?p=4645\">Continue lendo <span class=\"meta-nav\">&rarr;<\/span><\/a><\/p>\n","protected":false},"author":1,"featured_media":0,"comment_status":"open","ping_status":"closed","sticky":false,"template":"","format":"standard","meta":{"footnotes":""},"categories":[1539,1264],"tags":[],"class_list":["post-4645","post","type-post","status-publish","format-standard","hentry","category-paulo-vanzolini","category-selo-estudio-eldorado"],"_links":{"self":[{"href":"https:\/\/www.toque-musicall.com\/index.php?rest_route=\/wp\/v2\/posts\/4645","targetHints":{"allow":["GET"]}}],"collection":[{"href":"https:\/\/www.toque-musicall.com\/index.php?rest_route=\/wp\/v2\/posts"}],"about":[{"href":"https:\/\/www.toque-musicall.com\/index.php?rest_route=\/wp\/v2\/types\/post"}],"author":[{"embeddable":true,"href":"https:\/\/www.toque-musicall.com\/index.php?rest_route=\/wp\/v2\/users\/1"}],"replies":[{"embeddable":true,"href":"https:\/\/www.toque-musicall.com\/index.php?rest_route=%2Fwp%2Fv2%2Fcomments&post=4645"}],"version-history":[{"count":2,"href":"https:\/\/www.toque-musicall.com\/index.php?rest_route=\/wp\/v2\/posts\/4645\/revisions"}],"predecessor-version":[{"id":4647,"href":"https:\/\/www.toque-musicall.com\/index.php?rest_route=\/wp\/v2\/posts\/4645\/revisions\/4647"}],"wp:attachment":[{"href":"https:\/\/www.toque-musicall.com\/index.php?rest_route=%2Fwp%2Fv2%2Fmedia&parent=4645"}],"wp:term":[{"taxonomy":"category","embeddable":true,"href":"https:\/\/www.toque-musicall.com\/index.php?rest_route=%2Fwp%2Fv2%2Fcategories&post=4645"},{"taxonomy":"post_tag","embeddable":true,"href":"https:\/\/www.toque-musicall.com\/index.php?rest_route=%2Fwp%2Fv2%2Ftags&post=4645"}],"curies":[{"name":"wp","href":"https:\/\/api.w.org\/{rel}","templated":true}]}}