{"id":4648,"date":"2014-12-07T11:09:29","date_gmt":"2014-12-07T13:09:29","guid":{"rendered":"http:\/\/www.toque-musicall.com\/?p=4648"},"modified":"2014-12-07T11:09:29","modified_gmt":"2014-12-07T13:09:29","slug":"joel-de-castro-interpreta-os-poetas-da-portela-1991","status":"publish","type":"post","link":"https:\/\/www.toque-musicall.com\/?p=4648","title":{"rendered":"Joel De Castro &#8211; Interpreta Os Poetas Da Portela (1991)"},"content":{"rendered":"<p><img loading=\"lazy\" decoding=\"async\" class=\"aligncenter\" alt=\"\" src=\"http:\/\/3.bp.blogspot.com\/-bUspPu5jK-U\/VIRKeaJOunI\/AAAAAAAAKwE\/Qk1HoEiwNX4\/s1600\/capap.JPG\" width=\"1000\" height=\"1004\" \/><img loading=\"lazy\" decoding=\"async\" class=\"aligncenter\" alt=\"\" src=\"http:\/\/3.bp.blogspot.com\/-fUV8ku4wFtA\/VIRKkS7t0NI\/AAAAAAAAKwM\/OBRQSA6oKrs\/s1600\/contrap.JPG\" width=\"1000\" height=\"1001\" \/>Bom dia, amigos cultos e ocultos! Continuando na cad\u00eancia do samba, vamos desta vez com um \u00e1lbum dedicado aos poetas da Portela. Um disco diferente motivado em mostrar alguns dos mais importantes compositores desta Escola. Para interpretar os dez sambas escolhidos, chamaram o cantor e sambista Joel de Castro, uma artista com uma voz muito boa e uma interpreta\u00e7\u00e3o fina, capaz de dar ainda mais brilho a essas m\u00fasicas. O \u00e1lbum n\u00e3o traz data de lan\u00e7amento, mas creio que \u00e9 de 1991, conforme dedicat\u00f3ria. Curiosamente, tamb\u00e9m n\u00e3o achei qualquer informa\u00e7\u00e3o sobre o nosso int\u00e9rprete, mas sei que ele \u00e9 daqui das Minas Gerais. Como me disse o radialista Luiz Pedro, da antiga R\u00e1dio Capital, que foi quem me doou este disco, mineiros e cariocas t\u00eam uma sintonia muito fina, os dois estados que se completam. H\u00e1, sem d\u00favida, uma rela\u00e7\u00e3o muito boa \u00a0dos cariocas com os mineiros e isso \u00e9 fat<a href=\"http:\/\/depositfiles.org\/files\/hdylcvezf\" target=\"_blank\">o<\/a>!<\/p>\n<div style=\"text-align: center;\">cidade mulher<\/div>\n<div style=\"text-align: center;\">verdade<\/div>\n<div style=\"text-align: center;\">bailado da repulsa<\/div>\n<div style=\"text-align: center;\">o tempo<\/div>\n<div style=\"text-align: center;\">a primavera<\/div>\n<div style=\"text-align: center;\">melodia divinal<\/div>\n<div style=\"text-align: center;\">fila da tristeza<\/div>\n<div style=\"text-align: center;\">o bom mandri\u00e3o<\/div>\n<div style=\"text-align: center;\">sempre s\u00f3<\/div>\n<div style=\"text-align: center;\">remorso<\/div>\n<div style=\"text-align: center;\"><\/div>\n<div style=\"text-align: center;\">.<\/div>\n","protected":false},"excerpt":{"rendered":"<p>Bom dia, amigos cultos e ocultos! Continuando na cad\u00eancia do samba, vamos desta vez com um \u00e1lbum dedicado aos poetas da Portela. Um disco diferente motivado em mostrar alguns dos mais importantes compositores desta Escola. Para interpretar os dez sambas &hellip; <a href=\"https:\/\/www.toque-musicall.com\/?p=4648\">Continue lendo <span class=\"meta-nav\">&rarr;<\/span><\/a><\/p>\n","protected":false},"author":1,"featured_media":0,"comment_status":"open","ping_status":"closed","sticky":false,"template":"","format":"standard","meta":{"footnotes":""},"categories":[2473],"tags":[],"class_list":["post-4648","post","type-post","status-publish","format-standard","hentry","category-selo-esfinge"],"_links":{"self":[{"href":"https:\/\/www.toque-musicall.com\/index.php?rest_route=\/wp\/v2\/posts\/4648","targetHints":{"allow":["GET"]}}],"collection":[{"href":"https:\/\/www.toque-musicall.com\/index.php?rest_route=\/wp\/v2\/posts"}],"about":[{"href":"https:\/\/www.toque-musicall.com\/index.php?rest_route=\/wp\/v2\/types\/post"}],"author":[{"embeddable":true,"href":"https:\/\/www.toque-musicall.com\/index.php?rest_route=\/wp\/v2\/users\/1"}],"replies":[{"embeddable":true,"href":"https:\/\/www.toque-musicall.com\/index.php?rest_route=%2Fwp%2Fv2%2Fcomments&post=4648"}],"version-history":[{"count":1,"href":"https:\/\/www.toque-musicall.com\/index.php?rest_route=\/wp\/v2\/posts\/4648\/revisions"}],"predecessor-version":[{"id":4649,"href":"https:\/\/www.toque-musicall.com\/index.php?rest_route=\/wp\/v2\/posts\/4648\/revisions\/4649"}],"wp:attachment":[{"href":"https:\/\/www.toque-musicall.com\/index.php?rest_route=%2Fwp%2Fv2%2Fmedia&parent=4648"}],"wp:term":[{"taxonomy":"category","embeddable":true,"href":"https:\/\/www.toque-musicall.com\/index.php?rest_route=%2Fwp%2Fv2%2Fcategories&post=4648"},{"taxonomy":"post_tag","embeddable":true,"href":"https:\/\/www.toque-musicall.com\/index.php?rest_route=%2Fwp%2Fv2%2Ftags&post=4648"}],"curies":[{"name":"wp","href":"https:\/\/api.w.org\/{rel}","templated":true}]}}