{"id":4650,"date":"2014-12-08T22:37:08","date_gmt":"2014-12-09T00:37:08","guid":{"rendered":"http:\/\/www.toque-musicall.com\/?p=4650"},"modified":"2014-12-08T22:37:08","modified_gmt":"2014-12-09T00:37:08","slug":"bahiano-selecao-78-rpm-do-toque-musical-vol-128-2014","status":"publish","type":"post","link":"https:\/\/www.toque-musicall.com\/?p=4650","title":{"rendered":"Bahiano &#8211; Sele\u00e7\u00e3o 78 RPM Do Toque Musical Vol. 128 (2014)"},"content":{"rendered":"<p><img loading=\"lazy\" decoding=\"async\" class=\"aligncenter\" alt=\"\" src=\"http:\/\/3.bp.blogspot.com\/-ZW6t5IdnWL4\/VIY_2WEQPpI\/AAAAAAAAKws\/nmyEKT5fNHQ\/s1600\/CAPAp.JPG\" width=\"1000\" height=\"1000\" \/><img loading=\"lazy\" decoding=\"async\" class=\"aligncenter\" alt=\"\" src=\"http:\/\/4.bp.blogspot.com\/-PWQO1BBotjQ\/VIY_8olGy5I\/AAAAAAAAKw0\/LfF_PsEbgBo\/s1600\/CONTRACAPAp.JPG\" width=\"1000\" height=\"1000\" \/>O Grand Record Brazil chega \u00e0 sua edi\u00e7\u00e3o de n\u00famero 128 trazendo um aut\u00eantico pioneiro da grava\u00e7\u00e3o de discos no Brasil: o Bahiano.<\/p>\n<div>Batizado com o nome de Manuel Pedro dos Santos, nosso focalizado era mesmo baiano, nascido em 5 de dezembro de 1870 na cidade de Santo Amaro da Purifica\u00e7\u00e3o, que, muito mais tarde, por coincid\u00eancia, seria o ber\u00e7o natal dos irm\u00e3os Caetano Veloso e Maria Beth\u00e2nia. Um dos mais populares int\u00e9rpretes brasileiros do in\u00edcio do s\u00e9culo XX, Bahiano integrou o primeiro grupo de cantores profissionais da Casa Edison, fundada em 1900 pelo tcheco Fred Figner, ao lado de Cadete, M\u00e1rio Pinheiro e Eduardo das Neves.\u00a0 Nesse tempo, em que a grava\u00e7\u00e3o de discos era pelo processo mec\u00e2nico, o artista tinha que cantar na boca de uma enorme corneta: o microfone!\u00a0 E o t\u00e9cnico de grava\u00e7\u00e3o empurrava o cantor para perto da tal corneta nas notas graves e o puxava para mais longe nas agudas. E ainda, na hora do coro, todos se amontoavam junto do microfone! Duro, n\u00e3o?<\/div>\n<div>Bem, o fato \u00e9 que a Casa Edison lan\u00e7ou seu primeiro suplemento de discos fonogr\u00e1ficos, substituindo os cilindros, exatamente no dia 5 de agosto de 1902. E o primeiro deles foi justamente com o nosso Bahiano,\u00a0 o lundu \u201cIsto \u00e9 bom\u201d, de Xisto Bahia (que evidentemente abre este volume), pontap\u00e9 inicial para in\u00fameros outros sucessos,\u00a0 alguns deles aqui reunidos, que manteriam sua popularidade at\u00e9 1924, quando, espontaneamente, aposentou-se do disco. \u00a0Como can\u00e7onetista, Bahiano atuou no teatrinho do Passeio P\u00fablico e no Circo Spinelli, chegando a aparecer em\u00a0 filmes de curta-metragem, como \u201cO cometa\u201d e \u201cA seresta caipora\u201d, ambos de 1910. Em sua discografia predominam as modinhas e lundus, que conhecia muito bem, mas hoje ele \u00e9 principalmente lembrado pela grava\u00e7\u00e3o de \u201cPelo telefone\u201d, de Donga e Mauro de Almeida, considerado o primeiro samba \u201ccem por cento\u201d levado a disco (tamb\u00e9m neste volume). Foi casado com Almerinda Pedro dos Santos, que faleceu em 1937. No mesmo ano, comp\u00f4s, em homenagem a ela, a valsa \u201cDores \u00edntimas\u201d, jamais gravada. Bahiano n\u00e3o se adaptou ao processo el\u00e9trico de grava\u00e7\u00e3o, pois j\u00e1 era considerado um artista da chamada \u201cvelha guarda\u201d, al\u00e9m do qu\u00ea alguns de seus companheiros j\u00e1 haviam falecido (M\u00e1rio Pinheiro, Eduardo das Neves) ou se aposentaram precocemente (caso de Cadete). Ainda assim, continuou funcion\u00e1rio da Casa Edison, uma compensa\u00e7\u00e3o que Fred Figner lhe deu pelos servi\u00e7os prestados nos primeiros tempos da companhia, pois era a \u201ccara\u201d da mesma. E l\u00e1 continuaria trabalhando at\u00e9 falecer, em\u00a0 15 de julho de 1944, aos 73 anos.<\/div>\n<p>&nbsp;<\/p>\n<div>Nesta edi\u00e7\u00e3o do GRB, temos 19 precios\u00edssimos fonogramas do pioneiro Bahiano, verdadeiros documentos da heroica era das 76 rota\u00e7\u00f5es por minuto (sim, 76, as 78 rpm viriam muito depois), todas evidentemente da Casa Edison, selos Zon-O-Phone e Odeon.\u00a0 Abrindo-a, temos justamente \u201cIsto \u00e9 bom\u201d, lundu de Xisto Bahia tamb\u00e9m conhecido como \u201cIai\u00e1, vanc\u00ea qu\u00e9 morr\u00ea?\u201d, lan\u00e7ado em agosto de 1902 com o selo Zon-O-Phone, sob n\u00famero 10001, justamente o disco pioneiro de nossa fonografia, depois relan\u00e7ado com o n\u00famero X-1031. Note-se o improviso que Bahiano faz entre as estrofes, numa lembran\u00e7a de Xisto Bahia, falecido oito anos antes.\u00a0 A faixa seguinte \u00e9 a embolada \u201cA espingarda\u201d,de autoria de Jararaca (Jos\u00e9 Luiz Rodrigues Calazans), lan\u00e7ada pela Casa Edison com o selo Odeon sob n\u00famero 122102, em 1922. A marchinha \u201cAi, amor\u201d, de Freire J\u00fanior, \u00e9 do carnaval de 1921, lan\u00e7ada pela Odeon\/Casa Edison com o n\u00famero 121974. Em seguida,a can\u00e7oneta \u201cO angu do bar\u00e3o\u201d, de Ernesto de Souza, data de 1903, e \u00e9 do disco Zon-O-Phone\u00a0 X-670, reeditado depois com o n\u00famero X-1046. Nossa quinta faixa \u00e9 a marchinha \u201cA baratinha\u201d, de autoria do portugu\u00eas M\u00e1rio S\u00e3o Jo\u00e3o Rabelo, sucesso do carnaval de 1917, \u00e9poca em que j\u00e1 se delineava uma produ\u00e7\u00e3o musical exclusivamente para os festejos momescos.\u00a0 Bahiano a lan\u00e7ou pela Odeon\/Casa Edison sob n\u00famero 121320. A can\u00e7oneta \u201cA pombinha da Lulu\u201d, de Costa Silva, \u00e9 grava\u00e7\u00e3o de 1913, disco Odeon 120148, matriz XR-1692. A marchinha \u201cAi, Filomena\u201d, adapta\u00e7\u00e3o de uma can\u00e7\u00e3o italiana feita por J. Carvalho de Bulh\u00f5es, com letra ironizando o ent\u00e3o presidente da Rep\u00fablica, marechal Hermes da Fonseca, o \u201cseu Dudu\u201d. foi sucesso no carnaval de 1916, em disco Odeon 120988. O cateret\u00ea \u201cEu s\u00f3 quero \u00e9 belisc\u00e1\u201d, de Eduardo Souto, data de 1922 (Odeon 122127).\u00a0 De letra bastante apimentada, a can\u00e7oneta \u201cO taco\u201d, de autor desconhecido, data de 1913, e a Odeon\/Casa Edison a lan\u00e7ou na voz do nosso Bahiano sob n\u00famero 108531, matriz XR-1127. Como se v\u00ea,as plateias n\u00e3o eram assim t\u00e3o puritanas como pensamos hoje&#8230; Outra can\u00e7oneta de autor desconhecido \u00e9 \u201cOs mosquitos\u201d, grava\u00e7\u00e3o tamb\u00e9m de 1913, do Odeon 108716. Nessa \u00e9poca, o Rio de Janeiro,\u00b4ent\u00e3o capital do Brasil, enfrentava s\u00e9ria epidemia de febre amarela, combatida com energia pelo m\u00e9dico sanitarista Oswaldo Cruz. \u201cPra exposi\u00e7\u00e3o\u201d, de autor desconhecido, \u00e9 de 1903, disco Zon-O-Phone X-697.\u00a0 A modinha \u201cQuem eu sou?\u201d, igualmente de autor ignorado,saiu em fevereiro de 1914, e \u00e9 do disco Odeon 120917. A faixa seguinte \u00e9 um verdadeiro cl\u00e1ssico da MPB: o tango-fado \u201cLuar de Paquet\u00e1\u201d, de Freire J\u00fanior e Hermes Fontes, sem d\u00favida a mais belas das composi\u00e7\u00f5es musicais que a famosa ilha do litoral do Rio de Janeiro inspirou.\u00a0 Bahiano a imortalizou no Odeon 122064,em 1922, e neste registro original ele canta a letra completa, o que jamais aconteceria nas grava\u00e7\u00f5es posteriores de outros int\u00e9rpretes. O lundu \u201cOs colarinhos\u201d, de autor desconhecido, data de 1913 (Odeon 108530, matriz XR-1126). Em seguida, um verdadeiro cl\u00e1ssico: nada mais nada menos que \u201cPelo telefone\u201d, de Donga e Mauro de Almeida, primeira composi\u00e7\u00e3o denominada samba a obter sucesso. Samba que, evidentemente, mudaria muito com o passar do tempo. O Peru de que fala a letra \u00e9 o pr\u00f3prio Mauro de Almeida, que, como cronista carnavalesco, assinava com o pseud\u00f4nimo de Peru dos P\u00e9s Frios. Foi retumbante sucesso no carnaval de 1917, e Bahiano o imortalizou em disco no Odeon 121322. \u201cRegente de orquestra\u201d, de autor desconhecido,\u00a0 disco Zon-O-Phone X-649, talvez seja de 1903. A serenata \u201cS\u00e3o Paulo futuro (Os cavaleiros do luar)\u201d \u00e9 de 1916, disco Odeon 120991, composi\u00e7\u00e3o de Marcelo Tupinamb\u00e1 (Fernando \u00c1lvares Lobo,Tiet\u00ea, SP, 29\/5\/1889-S\u00e3o Paulo, 4\/7\/1953). A s\u00e1tira pol\u00edtica volta a bater ponto em \u201cAi, seu M\u00e9\u201d, marchinha do carnaval de 1922, de autoria de Freire J\u00fanior (que se escondeu sob o pseud\u00f4nimo de Canalha das Ruas) e Luiz Nunes Sampaio,o Careca. \u00c9 um ataque ao ent\u00e3o presidenci\u00e1vel Artur Bernardes,o\u201dseu M\u00e9\u201d de que fala a m\u00fasica, e advers\u00e1rio de Nilo Pe\u00e7anha. Freire J\u00fanior chegou a ser preso e a marchinha foi proibida pela censura da \u00e9poca, acusada de subvers\u00e3o, mas ainda assim estourou nessa folia. Bahiano a gravou no Odeon 122115, e, apesar do sucesso, Artur Bernardes venceu a elei\u00e7\u00e3o presidencial , pondo mesmo o p\u00e9 no Pal\u00e1cio das \u00c1guias,o do Catete, ent\u00e3o sede do governo federal.\u00a0 \u201cO genro e a sogra\u201d \u00e9 um dueto de Bahiano com a Senhorita Consuelo, de quem nada se sabe, em grava\u00e7\u00e3o Zon-O-Phone provavelmente de 1904, disco X-763. Por fim, encerrando esta sele\u00e7\u00e3o hist\u00f3rica, temos o desafio \u201cCabala eleitoral\u201d, que tamb\u00e9m o t\u00edtulo de \u201cCabo eleitoral\u201d, dueto de Bahiano com Cadete, grava\u00e7\u00e3o\u00a0 de 1912, disco Odeon 120035. Todas essas grava\u00e7\u00f5es mec\u00e2nicas, \u00e9 bom que se frise, eram precedidas de um an\u00fancio vocal, informando o t\u00edtulo, o int\u00e9rprete e sempre terminando com \u201cCasa Edison, Rio de Janeiro\u201d. Possivelmente\u00a0 esse an\u00fancio, em geral feito pelo chefe de est\u00fadio Nozinho,\u00a0 servia para facilitar a compreens\u00e3o\u00a0 dos analfabetos, por sinal m\u00e9todo bem pr\u00e1tico&#8230; \u00a0Enfim, \u00e9 com muita alegria que oferecemos mais esta edi\u00e7\u00e3o do GRB, dedicada ao pioneiro Bahiano, e que por certo ir\u00e1 figurar nos arquivos de muitos de nossos amigos cultos, ocultos e associados, por se tratar de documento musical e hist\u00f3rico imprescind\u00edv<a href=\"http:\/\/depositfiles.org\/files\/duwk7l0mm\" target=\"_blank\">el<\/a>.<\/div>\n<div><\/div>\n<div>* Texto de Samuel Machado Filho<\/div>\n<p>&nbsp;<\/p>\n","protected":false},"excerpt":{"rendered":"<p>O Grand Record Brazil chega \u00e0 sua edi\u00e7\u00e3o de n\u00famero 128 trazendo um aut\u00eantico pioneiro da grava\u00e7\u00e3o de discos no Brasil: o Bahiano. Batizado com o nome de Manuel Pedro dos Santos, nosso focalizado era mesmo baiano, nascido em 5 &hellip; <a href=\"https:\/\/www.toque-musicall.com\/?p=4650\">Continue lendo <span class=\"meta-nav\">&rarr;<\/span><\/a><\/p>\n","protected":false},"author":1,"featured_media":0,"comment_status":"open","ping_status":"closed","sticky":false,"template":"","format":"standard","meta":{"footnotes":""},"categories":[2474,11,13],"tags":[],"class_list":["post-4650","post","type-post","status-publish","format-standard","hentry","category-bahiano","category-exclusivos-do-toque-musical","category-selo-grand-record-brazil"],"_links":{"self":[{"href":"https:\/\/www.toque-musicall.com\/index.php?rest_route=\/wp\/v2\/posts\/4650","targetHints":{"allow":["GET"]}}],"collection":[{"href":"https:\/\/www.toque-musicall.com\/index.php?rest_route=\/wp\/v2\/posts"}],"about":[{"href":"https:\/\/www.toque-musicall.com\/index.php?rest_route=\/wp\/v2\/types\/post"}],"author":[{"embeddable":true,"href":"https:\/\/www.toque-musicall.com\/index.php?rest_route=\/wp\/v2\/users\/1"}],"replies":[{"embeddable":true,"href":"https:\/\/www.toque-musicall.com\/index.php?rest_route=%2Fwp%2Fv2%2Fcomments&post=4650"}],"version-history":[{"count":1,"href":"https:\/\/www.toque-musicall.com\/index.php?rest_route=\/wp\/v2\/posts\/4650\/revisions"}],"predecessor-version":[{"id":4651,"href":"https:\/\/www.toque-musicall.com\/index.php?rest_route=\/wp\/v2\/posts\/4650\/revisions\/4651"}],"wp:attachment":[{"href":"https:\/\/www.toque-musicall.com\/index.php?rest_route=%2Fwp%2Fv2%2Fmedia&parent=4650"}],"wp:term":[{"taxonomy":"category","embeddable":true,"href":"https:\/\/www.toque-musicall.com\/index.php?rest_route=%2Fwp%2Fv2%2Fcategories&post=4650"},{"taxonomy":"post_tag","embeddable":true,"href":"https:\/\/www.toque-musicall.com\/index.php?rest_route=%2Fwp%2Fv2%2Ftags&post=4650"}],"curies":[{"name":"wp","href":"https:\/\/api.w.org\/{rel}","templated":true}]}}