{"id":466,"date":"2011-05-09T11:37:00","date_gmt":"2011-05-09T11:37:00","guid":{"rendered":"http:\/\/www.toque-musicall.com\/?p=466"},"modified":"2011-05-09T11:37:00","modified_gmt":"2011-05-09T11:37:00","slug":"trio-surdina-boleros-famosos-vol-2-1955","status":"publish","type":"post","link":"https:\/\/www.toque-musicall.com\/?p=466","title":{"rendered":"Trio Surdina &#8211; Boleros Famosos Vol. 2 (1955)"},"content":{"rendered":"<div style=\"clear: both; text-align: center;\"><a href=\"http:\/\/1.bp.blogspot.com\/-aiH-JDvna9M\/Tce8spzrt3I\/AAAAAAAAIAE\/TyPM-q8xD5g\/s1600\/trio+surdina+P.JPG\" style=\"margin-left: 1em; margin-right: 1em;\"><img loading=\"lazy\" decoding=\"async\" border=\"0\" height=\"395\" src=\"http:\/\/1.bp.blogspot.com\/-aiH-JDvna9M\/Tce8spzrt3I\/AAAAAAAAIAE\/TyPM-q8xD5g\/s400\/trio+surdina+P.JPG\" width=\"400\" \/><\/a><\/div>\n<p>Bom dia a todos! Aqui vamos n\u00f3s para mais uma jornada fonomusical da semana, trazendo sempre (que poss\u00edvel) aquele disquinho ou grava\u00e7\u00e3o esquecida, que faz a alegria de muitos cultos e ocultos visitantes.<br \/>Tenho aqui um disco do Trio Surdina. Esta \u00e9 a primeira vez que eu estou postando um disco inteiro desse conjunto genial. Praticamente, quase todos os discos lan\u00e7ados por esse trio j\u00e1 foram resgatados em blogs musicais. Procurei ent\u00e3o trazer aquilo que ainda n\u00e3o est\u00e1 nas &#8216;bocas&#8217; (e nem nos ouvidos). &#8220;Boleros Famosos&#8221;, me parece, ainda estava em falta. Ali\u00e1s, continua pela metade, pois eu s\u00f3 tenho o volume 2. O volume 1, lan\u00e7ado tamb\u00e9m em 1955, eu nunca vi nem a capa. Os discos do Trio Surdina, nesta fase, trazem outra forma\u00e7\u00e3o. Inicialmente era Garoto, Faf\u00e1 Lemos e Chiquinho do Acordeon. Em 1954 o trio se desfez e o produtor Nilo S\u00e9rgio, dono da Musidisc, resolveu manter o nome do grupo com outros integrantes. Sabendo do sucesso do trio, Nilo S\u00e9rgio procurou n\u00e3o apenas manter o estilo do grupo, mas tamb\u00e9m ocultou por um tempo quem eram os m\u00fasicos da nova forma\u00e7\u00e3o. Para aqueles que acompanhavam a trajet\u00f3ria do Trio Surdina, a mudan\u00e7a foi evidente. O estilo individual de cada instrumentista, por mais pr\u00f3ximo que fosse a semelhan\u00e7a com o anterior, n\u00e3o era a mesma coisa. A segunda forma\u00e7\u00e3o do Trio Surdina, tamb\u00e9m excelente, seria com Nestor Campos (viol\u00e3o), Auro Pedro Thomaz, o &#8216;Ga\u00facho&#8217; (acordeon) e Al Quincas (violino). Por certo, o Trio Surdina se manteve fiel a proposta inicial e continuou gravando, este e outras excelentes bolachas.<br \/>O \u00e1lbum &#8220;Boleros Famosos &#8211; Vol. 2&#8221; \u00e9 uma continua\u00e7\u00e3o do primeiro disco. Acredito que os dois lps fazem parte da mesma fase de grava\u00e7\u00e3o e que na \u00e9poca gerou dois volumes. N\u00e3o preciso nem entrar em detalhes quanto ao repert\u00f3rio. S\u00f3 sei que nessa forma\u00e7\u00e3o de violino, viol\u00e3o e acordeon, o bolero ganha uma outra roupagem. Mais suave, mais surdina&#8230;<br \/>Para conhecer a hist\u00f3ria do Trio Surdina, na \u00edntegra, vale dar uma conferida <a href=\"http:\/\/jorgecarvalhodemello.blogspot.com\/\">no site do pesquisador Jorge de Carvalho Mello.<\/a><\/p>\n<div style=\"text-align: center;\">sin ti<\/div>\n<div style=\"text-align: center;\">oraci\u00f3n caribe<\/div>\n<div style=\"text-align: center;\">babal\u00fa<\/div>\n<div style=\"text-align: center;\">para que sufras<\/div>\n<div style=\"text-align: center;\">amor secreto<\/div>\n<div style=\"text-align: center;\">contigo en la distancia<\/div>\n<div style=\"text-align: center;\">verdad amarga<\/div>\n<div style=\"text-align: center;\">una aventura mas<\/div>\n<div style=\"text-align: center;\"><\/div>\n<div style=\"text-align: center;\"><\/div>\n","protected":false},"excerpt":{"rendered":"<p>Bom dia a todos! Aqui vamos n\u00f3s para mais uma jornada fonomusical da semana, trazendo sempre (que poss\u00edvel) aquele disquinho ou grava\u00e7\u00e3o esquecida, que faz a alegria de muitos cultos e ocultos visitantes.Tenho aqui um disco do Trio Surdina. Esta &hellip; <a href=\"https:\/\/www.toque-musicall.com\/?p=466\">Continue lendo <span class=\"meta-nav\">&rarr;<\/span><\/a><\/p>\n","protected":false},"author":1,"featured_media":0,"comment_status":"open","ping_status":"closed","sticky":false,"template":"","format":"standard","meta":{"footnotes":""},"categories":[35,737],"tags":[],"class_list":["post-466","post","type-post","status-publish","format-standard","hentry","category-selo-musidisc","category-trio-surdina"],"_links":{"self":[{"href":"https:\/\/www.toque-musicall.com\/index.php?rest_route=\/wp\/v2\/posts\/466","targetHints":{"allow":["GET"]}}],"collection":[{"href":"https:\/\/www.toque-musicall.com\/index.php?rest_route=\/wp\/v2\/posts"}],"about":[{"href":"https:\/\/www.toque-musicall.com\/index.php?rest_route=\/wp\/v2\/types\/post"}],"author":[{"embeddable":true,"href":"https:\/\/www.toque-musicall.com\/index.php?rest_route=\/wp\/v2\/users\/1"}],"replies":[{"embeddable":true,"href":"https:\/\/www.toque-musicall.com\/index.php?rest_route=%2Fwp%2Fv2%2Fcomments&post=466"}],"version-history":[{"count":0,"href":"https:\/\/www.toque-musicall.com\/index.php?rest_route=\/wp\/v2\/posts\/466\/revisions"}],"wp:attachment":[{"href":"https:\/\/www.toque-musicall.com\/index.php?rest_route=%2Fwp%2Fv2%2Fmedia&parent=466"}],"wp:term":[{"taxonomy":"category","embeddable":true,"href":"https:\/\/www.toque-musicall.com\/index.php?rest_route=%2Fwp%2Fv2%2Fcategories&post=466"},{"taxonomy":"post_tag","embeddable":true,"href":"https:\/\/www.toque-musicall.com\/index.php?rest_route=%2Fwp%2Fv2%2Ftags&post=466"}],"curies":[{"name":"wp","href":"https:\/\/api.w.org\/{rel}","templated":true}]}}