{"id":467,"date":"2011-05-08T22:41:00","date_gmt":"2011-05-08T22:41:00","guid":{"rendered":"http:\/\/www.toque-musicall.com\/?p=467"},"modified":"2011-05-08T22:41:00","modified_gmt":"2011-05-08T22:41:00","slug":"o-som-da-luizinha-coletanea-para-o-dia-das-maes-2011","status":"publish","type":"post","link":"https:\/\/www.toque-musicall.com\/?p=467","title":{"rendered":"O Som Da Luizinha &#8211; Colet\u00e2nea Para O Dia Das M\u00e3es (2011)"},"content":{"rendered":"<div style=\"clear: both; text-align: center;\"><a href=\"http:\/\/1.bp.blogspot.com\/-Mj4zBYfp3fM\/TccMqovczoI\/AAAAAAAAH_8\/ysL2Yx2TSCA\/s1600\/luiza+P.JPG\" style=\"margin-left: 1em; margin-right: 1em;\"><img loading=\"lazy\" decoding=\"async\" border=\"0\" height=\"400\" src=\"http:\/\/1.bp.blogspot.com\/-Mj4zBYfp3fM\/TccMqovczoI\/AAAAAAAAH_8\/ysL2Yx2TSCA\/s400\/luiza+P.JPG\" width=\"395\" \/><\/a><\/div>\n<p>Boa noite, meus prezados amigos cultos e ocultos! Acordei hoje pela manh\u00e3 e nem me lembrei que \u00e9 o Dia das M\u00e3es. Pode parecer uma falha, mas depois que a minha morreu, esse dia se tornou igual aos outros. Por certo, n\u00e3o tem como eu, hoje, n\u00e3o lembrar da minha minha. Quem tem a sua, na maioria est\u00e1 passando o domingo com ela. A minha passa comigo a semana toda. Em diversos momentos ouvindo m\u00fasica, me lembro dela e estamos juntos. Acredito que muito da minha aten\u00e7\u00e3o pela m\u00fasica, que n\u00e3o \u00e9 da minha gera\u00e7\u00e3o, foi motivada pela minha m\u00e3e, uma figura \u00edmpar. Seu gosto era t\u00e3o variado quanto o meu. Ouvia de tudo \ud83d\ude42<br \/>Me lembrando ent\u00e3o das m\u00e3es, da minha m\u00e3e, fui passando o dia selecionando e ouvindo algumas m\u00fasicas que sempre estiveram presentes em sua vida e na minha com ela. Foi um bom momento para relembrar, trazer de volta coisas boas do passado. Pensei que teria um domingo melanc\u00f3lico, mas a m\u00fasica me tirou a tristeza. Foi bom ficar por conta de ouvir e preparar esta sele\u00e7\u00e3o musical. Segue assim a minha homenagem ao Dia das M\u00e3es. \u00c0 minha m\u00e3e e a todas&#8230;<\/p>\n<div style=\"text-align: center;\">meu lim\u00e3o , meu limoeiro &#8211; wilson simonal<\/div>\n<div style=\"text-align: center;\">hino ao amor &#8211; dalva de oliveira<\/div>\n<div style=\"text-align: center;\">marina &#8211; roberto silva<\/div>\n<div style=\"text-align: center;\">serenata do adeus &#8211; eleizete cardoso<\/div>\n<div style=\"text-align: center;\">forr\u00f3 em limoeiro &#8211; jackson do pandeiro<\/div>\n<div style=\"text-align: center;\">maracangalha &#8211; dorival caymmi<\/div>\n<div style=\"text-align: center;\">peguei um ita no norte &#8211; conjnto de orlando pereira<\/div>\n<div style=\"text-align: center;\">sabor a mim &#8211; dalva de oliveira<\/div>\n<div style=\"text-align: center;\">deixa isso pr\u00e1 l\u00e1 &#8211; jair rodrigues<\/div>\n<div style=\"text-align: center;\">fiz a cama na varanda &#8211; dil\u00fa mello<\/div>\n<div style=\"text-align: center;\">iai\u00e1 (linda flor) &#8211; aracy cortes<\/div>\n<div style=\"text-align: center;\">quero que v\u00e1 tudo pro inferno &#8211; roberto carlos<\/div>\n<div style=\"text-align: center;\">sebastiana &#8211; jackson do pandeiro<\/div>\n<div style=\"text-align: center;\">voc\u00ea abusou &#8211; maria creuza<\/div>\n<div style=\"text-align: center;\">carcar\u00e1 &#8211; nara le\u00e3o<\/div>\n<div style=\"text-align: center;\">nervos de a\u00e7o &#8211; d\u00e9o<\/div>\n<div style=\"text-align: center;\">namoradinha de um amigo meu &#8211; roberto carlos<\/div>\n<div style=\"text-align: center;\">maracangalha &#8211; ary barroso<\/div>\n<div style=\"text-align: center;\">a banda &#8211; nara le\u00e3o<\/div>\n<div style=\"text-align: center;\">a noite do meu bem &#8211; dolores duran<\/div>\n<div style=\"text-align: center;\">tici tico no fub\u00e1 &#8211; orquestra colbaz<\/div>\n<div style=\"text-align: center;\">o que que a baiana tem &#8211; dorival caymmi<\/div>\n<div style=\"text-align: center;\">mam\u00e3e passou a\u00e7ucar em mim &#8211; wilson simonal<\/div>\n<div style=\"text-align: center;\">geni e o zepelin &#8211; chico buarque<\/div>\n<div style=\"text-align: center;\">mulher rendeira &#8211; volta s\u00eaca<\/div>\n<div style=\"text-align: center;\">acorda maria bonita &#8211; volta s\u00eaca<\/div>\n<div style=\"text-align: center;\">mam\u00e3e eu quero &#8211; wilson simonal<\/div>\n<div style=\"text-align: center;\">minha m\u00e3e luiza*<\/div>\n<div style=\"text-align: center;\"><\/div>\n","protected":false},"excerpt":{"rendered":"<p>Boa noite, meus prezados amigos cultos e ocultos! Acordei hoje pela manh\u00e3 e nem me lembrei que \u00e9 o Dia das M\u00e3es. Pode parecer uma falha, mas depois que a minha morreu, esse dia se tornou igual aos outros. Por &hellip; <a href=\"https:\/\/www.toque-musicall.com\/?p=467\">Continue lendo <span class=\"meta-nav\">&rarr;<\/span><\/a><\/p>\n","protected":false},"author":1,"featured_media":0,"comment_status":"open","ping_status":"closed","sticky":false,"template":"","format":"standard","meta":{"footnotes":""},"categories":[738],"tags":[],"class_list":["post-467","post","type-post","status-publish","format-standard","hentry","category-coletanea-o-som-da-luizinha"],"_links":{"self":[{"href":"https:\/\/www.toque-musicall.com\/index.php?rest_route=\/wp\/v2\/posts\/467","targetHints":{"allow":["GET"]}}],"collection":[{"href":"https:\/\/www.toque-musicall.com\/index.php?rest_route=\/wp\/v2\/posts"}],"about":[{"href":"https:\/\/www.toque-musicall.com\/index.php?rest_route=\/wp\/v2\/types\/post"}],"author":[{"embeddable":true,"href":"https:\/\/www.toque-musicall.com\/index.php?rest_route=\/wp\/v2\/users\/1"}],"replies":[{"embeddable":true,"href":"https:\/\/www.toque-musicall.com\/index.php?rest_route=%2Fwp%2Fv2%2Fcomments&post=467"}],"version-history":[{"count":0,"href":"https:\/\/www.toque-musicall.com\/index.php?rest_route=\/wp\/v2\/posts\/467\/revisions"}],"wp:attachment":[{"href":"https:\/\/www.toque-musicall.com\/index.php?rest_route=%2Fwp%2Fv2%2Fmedia&parent=467"}],"wp:term":[{"taxonomy":"category","embeddable":true,"href":"https:\/\/www.toque-musicall.com\/index.php?rest_route=%2Fwp%2Fv2%2Fcategories&post=467"},{"taxonomy":"post_tag","embeddable":true,"href":"https:\/\/www.toque-musicall.com\/index.php?rest_route=%2Fwp%2Fv2%2Ftags&post=467"}],"curies":[{"name":"wp","href":"https:\/\/api.w.org\/{rel}","templated":true}]}}