{"id":4673,"date":"2014-12-22T11:48:54","date_gmt":"2014-12-22T13:48:54","guid":{"rendered":"http:\/\/www.toque-musicall.com\/?p=4673"},"modified":"2014-12-22T11:48:54","modified_gmt":"2014-12-22T13:48:54","slug":"temas-natalinos-selecao-78-rpm-do-toque-musical-vol-130-2014","status":"publish","type":"post","link":"https:\/\/www.toque-musicall.com\/?p=4673","title":{"rendered":"Temas Natalinos &#8211; Sele\u00e7\u00e3o 78 RPM Do Toque Musical Vol. 130 (2014)"},"content":{"rendered":"<p><img loading=\"lazy\" decoding=\"async\" class=\"aligncenter\" alt=\"\" src=\"http:\/\/2.bp.blogspot.com\/-LoT_FjdFlAo\/VJgGi5AiyJI\/AAAAAAAAK2M\/PBsVLhEyKjs\/s1600\/CAPAp.JPG\" width=\"1000\" height=\"1000\" \/><img loading=\"lazy\" decoding=\"async\" class=\"aligncenter\" alt=\"\" src=\"http:\/\/2.bp.blogspot.com\/-6avBTO6MDsU\/VJgGnCBGdjI\/AAAAAAAAK2U\/-HKRB04BFRo\/s1600\/CONTRACAPAp.JPG\" width=\"1000\" height=\"1000\" \/>Ent\u00e3o \u00e9 Natal&#8230; Aquela ocasi\u00e3o em que a gente arma a \u00e1rvore, o pres\u00e9pio, re\u00fane a fam\u00edlia, troca presentes, degusta a ceia&#8230; e, por que n\u00e3o, tamb\u00e9m canta can\u00e7\u00f5es t\u00edpicas da festa m\u00e1xima da cristandade. Assim sendo, o Grand Record Brazil, em sua edi\u00e7\u00e3o de n\u00famero 130,\u00a0 presenteia os amigos cultos, ocultos e associados do TM com mais esta compila\u00e7\u00e3o de m\u00fasicas natalinas. S\u00e3o, no total, dez grava\u00e7\u00f5es.<\/p>\n<div>Abrindo esta sele\u00e7\u00e3o natalina muit\u00edssimo especial, temos o ga\u00facho (de Rio Grande) Alcides Gerardi (1918-1978), criador de sucessos do porte de \u201cAntonico\u201d, \u201cCabecinha no ombro\u201d , \u201cMarise\u201d e \u201cChora, Pierr\u00f4\u201d, entre outros, \u00a0interpretando aqui a valsa \u201cNatal de saudade\u201d,da dupla Raul Sampaio-Ivo Santos. Saiu pela Columbia em dezembro de 1957, sob n\u00famero CB-10386-A, matriz CBO-1220, entrando tamb\u00e9m no LP coletivo \u201cNosso Natal\u201d. Um ano mais tarde, houve uma reedi\u00e7\u00e3o em 78 rpm com o n\u00famero CB-11093-B. \u00c2ngela Maria, a grande Sapoti, interpreta o samba-can\u00e7\u00e3o \u201cOutros Natais\u201d, de autoria de Cl\u00e1udio Luiz Pinto,impregnado de forte cr\u00edtica social em sua letra. A Copacabana o lan\u00e7ou em dezembro de 1954, sob n\u00famero 5351-A, matriz M-1006, sendo mais tarde faixa de encerramento do LP de 10 polegadas \u201cSucessos de \u00c2ngela Maria\u201d, primeiro de uma s\u00e9rie de tr\u00eas.\u00a0 Jo\u00e3o Dias, que o pr\u00f3prio Francisco Alves escolheria para ser seu sucessor, por ter timbre de voz parecido com o dele, vem com duas faixas, ambas extra\u00eddas do disco Odeon\u00a0 13592, gravado em 30 de novembro de 1953, com acompanhamento orquestral de Osvaldo Borba,\u00a0 e lan\u00e7ado (detalhe intrigante) em janeiro de 54. O lado A,matriz 9987, \u00e9 \u201cA doce can\u00e7\u00e3o de Natal\u201d, de autoria de Sivan Castelo Neto (psud\u00f4nimo de Ulysses Lelot Filho), na qual Jo\u00e3o Dias canta ao lado de Edith Falc\u00e3o e do ent\u00e3o menino Altir Gon\u00e7alves.\u00a0 O lado B, matriz 9988, que Jo\u00e3o Dias canta em dueto com Edith Falc\u00e3o, \u00e9 a conhecida valsa \u201cO velhinho\u201d, de autoria de Ot\u00e1vio Babo Filho, primo do compositor Lamartine Babo, correspondente \u00e0 \u00faltima faixa desta sele\u00e7\u00e3o. Relan\u00e7adas mais tarde em LPs e compactos, essas grava\u00e7\u00f5es de Jo\u00e3o Dias permaneceram no cat\u00e1logo da Odeon por v\u00e1rios anos. Na faixa 4, voc\u00ea tem\u00a0 o grande Jo\u00e3o Gilberto interpretando o delicado samba em estilo bossa nova \u201cPresente de Natal\u201d,de autoria de Nelcy Noronha, uma das faixas de maior destaque de seu terceiro LP-solo, sem t\u00edtulo, editado pela Odeon em outubro de 1961. Formado por Edda Cardoso, Lolita Koch Freire e Yeda Tavares Gomes da Silva, o Trio Madrigal comparece aqui com as duas m\u00fasicas do disco Todam\u00e9rica TA-5359, ambas c\u00e2nticos, gravado em 15 de setembro de 1953 e lan\u00e7ado em novembro do mesmo ano. Abrindo-o,\u00a0 a matriz TA-542 apresenta \u201cOh! Vinde crian\u00e7as (Ihr Kinderlein, kommet)\u201d, do compositor alem\u00e3o\u00a0 Johann Abraham Peter Schulz, sobre versos de seu conterr\u00e2neo\u00a0 Christophe von Schmid, sendo a letra brasileira de Frei Paulo Avelino Assis. No lado B, matriz TA-543, vem \u201cNoite de luz\u201d, outra adapta\u00e7\u00e3o de Frei Paulo. Laranjinha e Zequinha, dupla do sertanejo-raiz,\u00a0 vem aqui com as duas m\u00fasicas do 78 Odeon n\u00famero 13553, gravado em 31 de agosto de 1953 e lan\u00e7ado em dezembro do mesmo ano. \u00a0No lado A, matriz 9852, o valseado \u201cNatal no sert\u00e3o\u201d, de Reinaldo Santos e Vicente Lia, e, no lado B, matriz 9862, a valsa \u201cAno novo\u201d, de\u00a0 Francisco Lacerda e Jos\u00e9 Maffei. Filha ca\u00e7ula do compositor Herv\u00ea Cordovil, e por tabela irm\u00e3 de Norman e Ronnie Cord, Maria Regina Cordovil, ent\u00e3o com apenas quatro anos de idade, apresenta as duas faixas do 78 RCA Victor 80-2398, gravado em 28 de setembro de 1961, com acompanhamento orquestral de Francisco Moraes, e lan\u00e7ado em outubro do mesmo ano. Primeiro temos o lado B, matriz M2CAB-1479, \u201cCarta a Papai Noel\u201d, de autoria do paiz\u00e3o Herv\u00ea e certamente seu maior sucesso. Depois vem o lado A, matriz M2CAB-1478, o cl\u00e1ssico \u201cSinos de Bel\u00e9m\u00a0 (Jingle bells)\u201d, do norte-americano James S. Pierpont em vers\u00e3o de Evaldo Ruy. Curiosamente, esta can\u00e7\u00e3o foi composta em 1857 sem qualquer inten\u00e7\u00e3o natalina, com o t\u00edtulo de \u201cOne\u00a0 horse open sleigh\u201d. Foi traduzida para in\u00fameros idiomas. Ambas as faixas tamb\u00e9m sa\u00edram no LP \u201cA menor cantora do mundo\u201d, por sinal o slogan de Maria Regina. O niteroiense Orlando Correia, que se destacou gravando sucessos do porte de \u201cMeu sonho \u00e9 voc\u00ea\u201d, \u201cSistema nervoso\u201d e \u201cSerenata suburbana\u201d, interpreta aqui o samba-can\u00e7\u00e3o \u201cNatal sem voc\u00ea\u201d, de Bruno Gomes e Jorge de Castro, com a participa\u00e7\u00e3o do Trio Madrigal. Foi gravado na Todam\u00e9rica em 15 de setembro de 1953 (a mesma sess\u00e3o em que o Trio Madrigal registrou outras duas faixas deste volume) e lan\u00e7ado em novembro do mesmo ano, disco TA-5358-A, matriz TA-544. Enfim, \u00e9 um presente que o GRB\u00a0 oferece aos amigos cultos, cultos e associados do TM, com os mais sinceros votos de um maravilhoso Natal e um 2015 repleto de alegrias e realiza\u00e7\u00f5es positivas. E nunca \u00e9 demais lembrar do verdadeiro dono desta festa. Feliz anivers\u00e1rio, Jesu<a href=\"http:\/\/depositfiles.org\/files\/m0v96m03k\" target=\"_blank\">s<\/a>!<\/p>\n<p>* Texto de Samuel Machado Filho<\/p><\/div>\n","protected":false},"excerpt":{"rendered":"<p>Ent\u00e3o \u00e9 Natal&#8230; Aquela ocasi\u00e3o em que a gente arma a \u00e1rvore, o pres\u00e9pio, re\u00fane a fam\u00edlia, troca presentes, degusta a ceia&#8230; e, por que n\u00e3o, tamb\u00e9m canta can\u00e7\u00f5es t\u00edpicas da festa m\u00e1xima da cristandade. Assim sendo, o Grand Record &hellip; <a href=\"https:\/\/www.toque-musicall.com\/?p=4673\">Continue lendo <span class=\"meta-nav\">&rarr;<\/span><\/a><\/p>\n","protected":false},"author":1,"featured_media":0,"comment_status":"open","ping_status":"closed","sticky":false,"template":"","format":"standard","meta":{"footnotes":""},"categories":[114,199,11,1459,1242,303,13,209],"tags":[],"class_list":["post-4673","post","type-post","status-publish","format-standard","hentry","category-alcides-gerardi","category-angela-maria","category-exclusivos-do-toque-musical","category-joao-dias","category-orlando-correa","category-orlando-correia","category-selo-grand-record-brazil","category-trio-madrigal"],"_links":{"self":[{"href":"https:\/\/www.toque-musicall.com\/index.php?rest_route=\/wp\/v2\/posts\/4673","targetHints":{"allow":["GET"]}}],"collection":[{"href":"https:\/\/www.toque-musicall.com\/index.php?rest_route=\/wp\/v2\/posts"}],"about":[{"href":"https:\/\/www.toque-musicall.com\/index.php?rest_route=\/wp\/v2\/types\/post"}],"author":[{"embeddable":true,"href":"https:\/\/www.toque-musicall.com\/index.php?rest_route=\/wp\/v2\/users\/1"}],"replies":[{"embeddable":true,"href":"https:\/\/www.toque-musicall.com\/index.php?rest_route=%2Fwp%2Fv2%2Fcomments&post=4673"}],"version-history":[{"count":1,"href":"https:\/\/www.toque-musicall.com\/index.php?rest_route=\/wp\/v2\/posts\/4673\/revisions"}],"predecessor-version":[{"id":4674,"href":"https:\/\/www.toque-musicall.com\/index.php?rest_route=\/wp\/v2\/posts\/4673\/revisions\/4674"}],"wp:attachment":[{"href":"https:\/\/www.toque-musicall.com\/index.php?rest_route=%2Fwp%2Fv2%2Fmedia&parent=4673"}],"wp:term":[{"taxonomy":"category","embeddable":true,"href":"https:\/\/www.toque-musicall.com\/index.php?rest_route=%2Fwp%2Fv2%2Fcategories&post=4673"},{"taxonomy":"post_tag","embeddable":true,"href":"https:\/\/www.toque-musicall.com\/index.php?rest_route=%2Fwp%2Fv2%2Ftags&post=4673"}],"curies":[{"name":"wp","href":"https:\/\/api.w.org\/{rel}","templated":true}]}}