{"id":468,"date":"2011-05-07T12:11:00","date_gmt":"2011-05-07T12:11:00","guid":{"rendered":"http:\/\/www.toque-musicall.com\/?p=468"},"modified":"2012-12-10T06:29:38","modified_gmt":"2012-12-10T08:29:38","slug":"a-musica-de-dalto-claudio-rabello-2011","status":"publish","type":"post","link":"https:\/\/www.toque-musicall.com\/?p=468","title":{"rendered":"Can\u00e7\u00f5es De Dalto &#038; Cl\u00e1udio Rabello (2011)"},"content":{"rendered":"<div style=\"clear: both; text-align: center;\"><a style=\"margin-left: 1em; margin-right: 1em;\" href=\"http:\/\/1.bp.blogspot.com\/-_8oJtl448rM\/TcUtc6KbhkI\/AAAAAAAAH_0\/tIpEwDb_9Dc\/s1600\/dalto+P.JPG\"><img loading=\"lazy\" decoding=\"async\" src=\"http:\/\/1.bp.blogspot.com\/-_8oJtl448rM\/TcUtc6KbhkI\/AAAAAAAAH_0\/tIpEwDb_9Dc\/s400\/dalto+P.JPG\" alt=\"\" width=\"400\" height=\"393\" border=\"0\" \/><\/a><\/div>\n<p>Bom dia, amigos cultos e ocultos! Porque hoje \u00e9 s\u00e1bado, vamos de colet\u00e2neas. Sei que j\u00e1 tem muita gente por aqui que gosta uma boa sele\u00e7\u00e3o musical, seja ela variada, mista ou mesmo uma antologia de algum artista. Eu tamb\u00e9m adoro, pois sempre encontro alguma m\u00fasica\/grava\u00e7\u00e3o rara, ou ainda aquela que faltava. Sem falar no fato de que uma sele\u00e7\u00e3o, presume-se, traz sempre o melhor.<br \/>\nHoje vamos com uma sele\u00e7\u00e3o musical reunindo as can\u00e7\u00f5es de Dalto e seu mais tradicional parceiro, Cl\u00e1udio Rabello. Esta colet\u00e2nea foi enviada pelo amigo Tito, autor do estreante blog <a href=\"http:\/\/www.sucodesulcos.blogspot.com\/\">Sucos de Sulcos<\/a>. Ele coletou 24 m\u00fasicas, interpretadas por diversos artistas da MPB, praticamente quase todas foram sucessos nas r\u00e1dios.<br \/>\nPara tal colet\u00e2nea eu criei essa capinha, aproveitando uma imagem de &#8216;desktop&#8217; que tinha no meu computador. Fiz umas adapta\u00e7\u00f5es e captei pela antenas da barata, escondida atr\u00e1s do televisor, a imagem do Dalto (muito estranho!). Ta\u00ed a postagem do dia&#8230; porque hoje \u00e9 s\u00e1bado! \ud83d\ude09<\/p>\n<div style=\"text-align: center;\">cabine classe a &#8211; os lobos<\/div>\n<div style=\"text-align: center;\">pasta dental sabor chicletes &#8211; os lobos<\/div>\n<div style=\"text-align: center;\">fanny &#8211; os lobos<\/div>\n<div style=\"text-align: center;\">leila ly &#8211; dalto<\/div>\n<div style=\"text-align: center;\">flash back &#8211; dalto<\/div>\n<div style=\"text-align: center;\">a garota do sorriso de marshmellow &#8211; trio ternura<\/div>\n<div style=\"text-align: center;\">uma sombra na estrada &#8211; trio ternura<\/div>\n<div style=\"text-align: center;\">relax &#8211; dalto<\/div>\n<div style=\"text-align: center;\">bem te vi &#8211; renato terra<\/div>\n<div style=\"text-align: center;\">o dia seguinte &#8211; dalto<\/div>\n<div style=\"text-align: center;\">le\u00e3o ferido &#8211; biafra<\/div>\n<div style=\"text-align: center;\">espelhos d&#8217;agua &#8211; beto guedes<\/div>\n<div style=\"text-align: center;\">calor humano &#8211; beto guedes e dalto<\/div>\n<div style=\"text-align: center;\">me queira bem &#8211; dalto<\/div>\n<div style=\"text-align: center;\">amoroso &#8211; tunai<\/div>\n<div style=\"text-align: center;\">pessoa &#8211; marina lima<\/div>\n<div style=\"text-align: center;\">v\u00e9u nos olhos &#8211; marina lima e dalto<\/div>\n<div style=\"text-align: center;\">n\u00e3o me deixe mal &#8211; zizi possi<\/div>\n<div style=\"text-align: center;\">fecha a porta &#8211; erasmo carlos<\/div>\n<div style=\"text-align: center;\">vinho antigo &#8211; biafra<\/div>\n<div style=\"text-align: center;\">quero &#8211; the fevers<\/div>\n<div style=\"text-align: center;\">muito estranho &#8211; dalto<\/div>\n<div style=\"text-align: center;\">quase n\u00e3o d\u00e1 para ser feliz &#8211; dalto<\/div>\n<div style=\"text-align: center;\"><\/div>\n<div style=\"text-align: center;\"><\/div>\n","protected":false},"excerpt":{"rendered":"<p>Bom dia, amigos cultos e ocultos! Porque hoje \u00e9 s\u00e1bado, vamos de colet\u00e2neas. Sei que j\u00e1 tem muita gente por aqui que gosta uma boa sele\u00e7\u00e3o musical, seja ela variada, mista ou mesmo uma antologia de algum artista. Eu tamb\u00e9m &hellip; <a href=\"https:\/\/www.toque-musicall.com\/?p=468\">Continue lendo <span class=\"meta-nav\">&rarr;<\/span><\/a><\/p>\n","protected":false},"author":1,"featured_media":0,"comment_status":"open","ping_status":"closed","sticky":false,"template":"","format":"standard","meta":{"footnotes":""},"categories":[180,740,739],"tags":[],"class_list":["post-468","post","type-post","status-publish","format-standard","hentry","category-bootleg","category-coletanea-a-musica-de-dalto-e-claudio-rabello","category-dalto"],"_links":{"self":[{"href":"https:\/\/www.toque-musicall.com\/index.php?rest_route=\/wp\/v2\/posts\/468","targetHints":{"allow":["GET"]}}],"collection":[{"href":"https:\/\/www.toque-musicall.com\/index.php?rest_route=\/wp\/v2\/posts"}],"about":[{"href":"https:\/\/www.toque-musicall.com\/index.php?rest_route=\/wp\/v2\/types\/post"}],"author":[{"embeddable":true,"href":"https:\/\/www.toque-musicall.com\/index.php?rest_route=\/wp\/v2\/users\/1"}],"replies":[{"embeddable":true,"href":"https:\/\/www.toque-musicall.com\/index.php?rest_route=%2Fwp%2Fv2%2Fcomments&post=468"}],"version-history":[{"count":2,"href":"https:\/\/www.toque-musicall.com\/index.php?rest_route=\/wp\/v2\/posts\/468\/revisions"}],"predecessor-version":[{"id":2764,"href":"https:\/\/www.toque-musicall.com\/index.php?rest_route=\/wp\/v2\/posts\/468\/revisions\/2764"}],"wp:attachment":[{"href":"https:\/\/www.toque-musicall.com\/index.php?rest_route=%2Fwp%2Fv2%2Fmedia&parent=468"}],"wp:term":[{"taxonomy":"category","embeddable":true,"href":"https:\/\/www.toque-musicall.com\/index.php?rest_route=%2Fwp%2Fv2%2Fcategories&post=468"},{"taxonomy":"post_tag","embeddable":true,"href":"https:\/\/www.toque-musicall.com\/index.php?rest_route=%2Fwp%2Fv2%2Ftags&post=468"}],"curies":[{"name":"wp","href":"https:\/\/api.w.org\/{rel}","templated":true}]}}