{"id":4689,"date":"2014-12-26T21:08:03","date_gmt":"2014-12-26T23:08:03","guid":{"rendered":"http:\/\/www.toque-musicall.com\/?p=4689"},"modified":"2014-12-26T23:07:13","modified_gmt":"2014-12-27T01:07:13","slug":"sergio-ricardo-arrebentacao-1970","status":"publish","type":"post","link":"https:\/\/www.toque-musicall.com\/?p=4689","title":{"rendered":"Sergio Ricardo &#8211; Arrebenta\u00e7\u00e3o (1970)"},"content":{"rendered":"<p><img loading=\"lazy\" decoding=\"async\" class=\"aligncenter\" alt=\"\" src=\"http:\/\/4.bp.blogspot.com\/-ISSA1-xFESE\/VJ3Zcb3ht6I\/AAAAAAAAK3k\/QdONOMzg0Kk\/s1600\/capaxp.JPG\" width=\"1000\" height=\"1009\" \/><img loading=\"lazy\" decoding=\"async\" class=\"aligncenter\" alt=\"\" src=\"http:\/\/1.bp.blogspot.com\/-zx-XcC3tTsE\/VJ3ZhWUj2FI\/AAAAAAAAK3s\/-plaD95EG6M\/s1600\/contraxp.JPG\" width=\"1000\" height=\"1011\" \/><img loading=\"lazy\" decoding=\"async\" class=\"aligncenter\" alt=\"\" src=\"http:\/\/3.bp.blogspot.com\/-PYtryHGaQyA\/VJ3ZqBw2pHI\/AAAAAAAAK30\/gmZWV1gL_Jk\/s1600\/int.JPG\" width=\"1600\" height=\"803\" \/>Ol\u00e1 amigos cultos e ocultos! Espero que tenham passado um bom Natal. Agora vamos para as festan\u00e7as de fogos de fim de ano. Como n\u00e3o choveu por aqui no Natal, com certeza o &#8216;reveillon&#8217; vai ser molhado. Eu, para n\u00e3o variar, vou ficando mesmo por aqui. Sem muito assanho \ud83d\ude42 Enquanto esperamos, deixa eu ir fechando as portas com &#8216;chaves de ouro&#8217;. V\u00e3o aqui alguns disquinhos especiais. Digamos que foi o Papai Noel quem os deixou aqui para eu passar para voc\u00eas \ud83d\ude09<br \/>\nAqui temos &#8220;Arrebenta\u00e7\u00e3o&#8221;, mais um bel\u00edssimo trabalho de S\u00e9rgio Ricardo. Lan\u00e7ado pelo selo Equipe em 1970. Um \u00e1lbum ao n\u00edvel do artista, capa dupla e vinil, originalmente, de 140 gramas. Na ficha t\u00e9cnica, impressa no interior da capa, temos uma produ\u00e7\u00e3o que contradiz as informa\u00e7\u00f5es sobre este disco, no site do artista. Acredito que o &#8216;webmaster&#8217;quem cuida do site do Sergio Ricardo trocou as bolas e como ningu\u00e9m percebeu, ficou. Avisa ao mo\u00e7o l\u00e1 que &#8220;Arrebenta\u00e7\u00e3o&#8221; foi produzido por Oswaldo Cadaxo; os arranjos e dire\u00e7\u00e3o musical foi de Theo de Barros e reg\u00eancias do maestro Henrique Nuremberg. A capa, tamb\u00e9m ao contr\u00e1rio do que diz a home page, n\u00e3o \u00e9 do Cesar Vilella e sim do Luiz Pessanha. Quanto ao conte\u00fado musical, este \u00e9 todo autoral e no qual eu destaco minhas prefer\u00eancias: todo! De cabo a rabo! Um disca\u00e7o que n\u00e3o poderia faltar nas fileiras do Toque Musical. Corram j\u00e1 para o GT<a href=\"http:\/\/depositfiles.org\/files\/kbd4jl91q\" target=\"_blank\">M<\/a> \ud83d\ude09<\/p>\n<div style=\"text-align: center;\">arrebenta\u00e7\u00e3o<\/div>\n<div style=\"text-align: center;\">labirinto<\/div>\n<div style=\"text-align: center;\">jogo de dados<\/div>\n<div style=\"text-align: center;\">conversa\u00e7\u00e3o de paz<\/div>\n<div style=\"text-align: center;\">canto do amor armado<\/div>\n<div style=\"text-align: center;\">bezerro de ouro<\/div>\n<div style=\"text-align: center;\">mundo velho sem porteira<\/div>\n<div style=\"text-align: center;\">analfaville<\/div>\n<div style=\"text-align: center;\">juliana rainha do mar<\/div>\n<div style=\"text-align: center;\">esp\u00e9cie espacial<\/div>\n<div style=\"text-align: center;\">aus\u00eancia de voc\u00ea<\/div>\n<div style=\"text-align: center;\"><\/div>\n<div style=\"text-align: center;\">.<\/div>\n","protected":false},"excerpt":{"rendered":"<p>Ol\u00e1 amigos cultos e ocultos! Espero que tenham passado um bom Natal. Agora vamos para as festan\u00e7as de fogos de fim de ano. Como n\u00e3o choveu por aqui no Natal, com certeza o &#8216;reveillon&#8217; vai ser molhado. Eu, para n\u00e3o &hellip; <a href=\"https:\/\/www.toque-musicall.com\/?p=4689\">Continue lendo <span class=\"meta-nav\">&rarr;<\/span><\/a><\/p>\n","protected":false},"author":1,"featured_media":0,"comment_status":"open","ping_status":"closed","sticky":false,"template":"","format":"standard","meta":{"footnotes":""},"categories":[275,229],"tags":[],"class_list":["post-4689","post","type-post","status-publish","format-standard","hentry","category-selo-equipe","category-sergio-ricardo"],"_links":{"self":[{"href":"https:\/\/www.toque-musicall.com\/index.php?rest_route=\/wp\/v2\/posts\/4689","targetHints":{"allow":["GET"]}}],"collection":[{"href":"https:\/\/www.toque-musicall.com\/index.php?rest_route=\/wp\/v2\/posts"}],"about":[{"href":"https:\/\/www.toque-musicall.com\/index.php?rest_route=\/wp\/v2\/types\/post"}],"author":[{"embeddable":true,"href":"https:\/\/www.toque-musicall.com\/index.php?rest_route=\/wp\/v2\/users\/1"}],"replies":[{"embeddable":true,"href":"https:\/\/www.toque-musicall.com\/index.php?rest_route=%2Fwp%2Fv2%2Fcomments&post=4689"}],"version-history":[{"count":2,"href":"https:\/\/www.toque-musicall.com\/index.php?rest_route=\/wp\/v2\/posts\/4689\/revisions"}],"predecessor-version":[{"id":4691,"href":"https:\/\/www.toque-musicall.com\/index.php?rest_route=\/wp\/v2\/posts\/4689\/revisions\/4691"}],"wp:attachment":[{"href":"https:\/\/www.toque-musicall.com\/index.php?rest_route=%2Fwp%2Fv2%2Fmedia&parent=4689"}],"wp:term":[{"taxonomy":"category","embeddable":true,"href":"https:\/\/www.toque-musicall.com\/index.php?rest_route=%2Fwp%2Fv2%2Fcategories&post=4689"},{"taxonomy":"post_tag","embeddable":true,"href":"https:\/\/www.toque-musicall.com\/index.php?rest_route=%2Fwp%2Fv2%2Ftags&post=4689"}],"curies":[{"name":"wp","href":"https:\/\/api.w.org\/{rel}","templated":true}]}}