{"id":4696,"date":"2014-12-29T19:38:58","date_gmt":"2014-12-29T21:38:58","guid":{"rendered":"http:\/\/www.toque-musicall.com\/?p=4696"},"modified":"2014-12-30T19:43:15","modified_gmt":"2014-12-30T21:43:15","slug":"germano-mathias-em-continencia-ao-samba-1958","status":"publish","type":"post","link":"https:\/\/www.toque-musicall.com\/?p=4696","title":{"rendered":"Germano Mathias &#8211; Em Contin\u00eancia Ao Samba (1958)"},"content":{"rendered":"<p><img loading=\"lazy\" decoding=\"async\" class=\"aligncenter\" alt=\"\" src=\"http:\/\/4.bp.blogspot.com\/-72eFRJScb5M\/VKMOBSQZGfI\/AAAAAAAAK4c\/bkl0OFP2JvQ\/s1600\/germaFp.JPG\" width=\"1000\" height=\"998\" \/><img loading=\"lazy\" decoding=\"async\" class=\"aligncenter\" alt=\"\" src=\"http:\/\/1.bp.blogspot.com\/--Gcijn2JJjA\/VKMOJDlYU4I\/AAAAAAAAK4k\/GOHeotpbdiA\/s1600\/germaBp.JPG\" width=\"1600\" height=\"1562\" \/>Ol\u00e1 amigos cultos e ocultos! Ainda temos mais dois dias para queimar at\u00e9 o in\u00edcio do pr\u00f3ximo ano. Vou ent\u00e3o nesta oportunidade trazendo um disco que comprei na minha \u00faltima ida ao Rio de Janeiro. Com grande satisfa\u00e7\u00e3o eu anuncio aqui este lp do sambista Germano Mathias, \u00e1lbum lan\u00e7ado em 1958 pela RGE. \u00c1lbum bancana e traz uma capa deliciosa com o nosso artista bem a vontade em meio a uma roda de samba. Uma foto colorida que \u00e9 um convite irrecus\u00e1vel a uma audi\u00e7\u00e3o. Este foi o seu segundo lp e contou com o acompanhamento de Esmeraldinho e Seu Regional. Boa parte da m\u00fasicas s\u00e3o de autoria do pr\u00f3prio Germano.<br \/>\n<a href=\"http:\/\/3.bp.blogspot.com\/-lbrcjfJGYLM\/VKMXRpkgQFI\/AAAAAAAAK40\/MqmKADsOv5Y\/s1600\/sambexplacito-capa1.jpg\"><img loading=\"lazy\" decoding=\"async\" alt=\"\" src=\"http:\/\/3.bp.blogspot.com\/-lbrcjfJGYLM\/VKMXRpkgQFI\/AAAAAAAAK40\/MqmKADsOv5Y\/s1600\/sambexplacito-capa1.jpg\" width=\"137\" height=\"200\" border=\"0\" \/><\/a>Eu confesso que me sinto um pouco incomodado em apresentar este \u00e1lbum se deixar de citar aqui um livro dos mais interessantes sobre a vida de Germano Mathias, que eu ganhei do pr\u00f3prio autor h\u00e1 uns tr\u00eas anos atr\u00e1s. Por outro lado est\u00e1 sendo uma oportunidade de reafirma-lo, uma recomenda\u00e7\u00e3o liter\u00e1ria musical que eu h\u00e1 tempos estou devendo. Me refiro \u00a0ao &#8220;Sambexpl\u00edcito &#8211; As Vidas Desvairadas de Germano Mathias&#8221;, do escritor e advogado Caio Silveira Ramos. Um livro que \u00e9 bem mais que uma simples biografia. Seu texto, sincopado como o samba de Germano, pega o leitor pelo p\u00e9 e o leva a uma viagem quase sem pausa (por conta do leitor, claro, \u00e9 dif\u00edcil parar de ler).<br \/>\nPara melhor entender este disco e tamb\u00e9m o pr\u00f3prio sambista, eu recomendo a leitura deste livro. Tenho certeza que voc\u00eas ir\u00e3o gostar. Por conta desta postagem, acho que vou passando o ano relendo as aventuras dessa peculiar figura do samba paulista. Quer forma melhor de come\u00e7ar o ano novo? \ud83d\ude42 Boa m\u00fasica e boa leitura \ud83d\ude09<\/p>\n<div style=\"text-align: center;\">guarde a sand\u00e1lia dela<\/div>\n<div style=\"text-align: center;\">tem que ter mulata<\/div>\n<div style=\"text-align: center;\">lata de graxa<\/div>\n<div style=\"text-align: center;\">bra\u00e7o a torcer<\/div>\n<div style=\"text-align: center;\">chavecada na pavuna<\/div>\n<div style=\"text-align: center;\">derrocada do salgueiro<\/div>\n<div style=\"text-align: center;\">audi\u00eancia ao prefeito<\/div>\n<div style=\"text-align: center;\">figur\u00e3o<\/div>\n<div style=\"text-align: center;\">maria antonieta<\/div>\n<div style=\"text-align: center;\">feiti\u00e7o fracassado<\/div>\n<div style=\"text-align: center;\">pedra dura<\/div>\n<div style=\"text-align: center;\">o mandamento do amor<\/div>\n<div style=\"text-align: center;\"><\/div>\n<div style=\"text-align: center;\">.<\/div>\n","protected":false},"excerpt":{"rendered":"<p>Ol\u00e1 amigos cultos e ocultos! Ainda temos mais dois dias para queimar at\u00e9 o in\u00edcio do pr\u00f3ximo ano. Vou ent\u00e3o nesta oportunidade trazendo um disco que comprei na minha \u00faltima ida ao Rio de Janeiro. Com grande satisfa\u00e7\u00e3o eu anuncio &hellip; <a href=\"https:\/\/www.toque-musicall.com\/?p=4696\">Continue lendo <span class=\"meta-nav\">&rarr;<\/span><\/a><\/p>\n","protected":false},"author":1,"featured_media":0,"comment_status":"open","ping_status":"closed","sticky":false,"template":"","format":"standard","meta":{"footnotes":""},"categories":[272,153],"tags":[],"class_list":["post-4696","post","type-post","status-publish","format-standard","hentry","category-germano-mathias","category-selo-rge"],"_links":{"self":[{"href":"https:\/\/www.toque-musicall.com\/index.php?rest_route=\/wp\/v2\/posts\/4696","targetHints":{"allow":["GET"]}}],"collection":[{"href":"https:\/\/www.toque-musicall.com\/index.php?rest_route=\/wp\/v2\/posts"}],"about":[{"href":"https:\/\/www.toque-musicall.com\/index.php?rest_route=\/wp\/v2\/types\/post"}],"author":[{"embeddable":true,"href":"https:\/\/www.toque-musicall.com\/index.php?rest_route=\/wp\/v2\/users\/1"}],"replies":[{"embeddable":true,"href":"https:\/\/www.toque-musicall.com\/index.php?rest_route=%2Fwp%2Fv2%2Fcomments&post=4696"}],"version-history":[{"count":1,"href":"https:\/\/www.toque-musicall.com\/index.php?rest_route=\/wp\/v2\/posts\/4696\/revisions"}],"predecessor-version":[{"id":4697,"href":"https:\/\/www.toque-musicall.com\/index.php?rest_route=\/wp\/v2\/posts\/4696\/revisions\/4697"}],"wp:attachment":[{"href":"https:\/\/www.toque-musicall.com\/index.php?rest_route=%2Fwp%2Fv2%2Fmedia&parent=4696"}],"wp:term":[{"taxonomy":"category","embeddable":true,"href":"https:\/\/www.toque-musicall.com\/index.php?rest_route=%2Fwp%2Fv2%2Fcategories&post=4696"},{"taxonomy":"post_tag","embeddable":true,"href":"https:\/\/www.toque-musicall.com\/index.php?rest_route=%2Fwp%2Fv2%2Ftags&post=4696"}],"curies":[{"name":"wp","href":"https:\/\/api.w.org\/{rel}","templated":true}]}}