{"id":470,"date":"2011-05-05T13:13:00","date_gmt":"2011-05-05T13:13:00","guid":{"rendered":"http:\/\/www.toque-musicall.com\/?p=470"},"modified":"2011-05-05T13:13:00","modified_gmt":"2011-05-05T13:13:00","slug":"noel-rosa-varios-odeon-1962","status":"publish","type":"post","link":"https:\/\/www.toque-musicall.com\/?p=470","title":{"rendered":"Noel Rosa &#8211; V\u00e1rios Odeon (1962)"},"content":{"rendered":"<div style=\"clear: both; text-align: center;\"><a href=\"http:\/\/4.bp.blogspot.com\/-pH-Dj4aRTvw\/TcKZ8d1lFzI\/AAAAAAAAH_k\/p-Ygjid62O8\/s1600\/noel+rosa+P.JPG\" style=\"margin-left: 1em; margin-right: 1em;\"><img loading=\"lazy\" decoding=\"async\" border=\"0\" height=\"397\" src=\"http:\/\/4.bp.blogspot.com\/-pH-Dj4aRTvw\/TcKZ8d1lFzI\/AAAAAAAAH_k\/p-Ygjid62O8\/s400\/noel+rosa+P.JPG\" width=\"400\" \/><\/a><\/div>\n<p>Ol\u00e1! Hoje, para facilitar a minha vida e alegrar a de todos n\u00f3s, vamos com a m\u00fasica de Noel Rosa. \u00c9 como dizem, quando o doce \u00e9 bom a gente n\u00e3o enjoa. Noel \u00e9 sempre Noel, seja cantado por quem for. E aqui ele vem nas vozes e instrumenta\u00e7\u00e3o de grandes nomes do &#8216;cast&#8217; da Odeon, no in\u00edcio dos anos 60. Este \u00e1lbum, conforme nos indica um dos textos da contracapa, foi lan\u00e7ado pela gravadora no sentido de relembrar o Poeta da Vila, no 25\u00ba ano de sua morte. Foram reunidos neste lp doze das mais badaladas m\u00fasicas criadas por Noel Rosa, um verdadeiro festival de sucessos. Muitas dessas grava\u00e7\u00f5es voc\u00eas tamb\u00e9m poder\u00e3o encontrar em outros discos da gravadora j\u00e1 postados aqui anteriormente. Na contracapa h\u00e1 tamb\u00e9m um texto do S\u00e9rgio Cabral falando um pouco sobre cada uma das faixas, o que facilitou ainda mais o meu trabalho.<br \/>O toque inicial eu j\u00e1 dei, agora voc\u00eas podem ir rolando a bola. \ud83d\ude09<\/p>\n<div style=\"text-align: center;\">feitio de ora\u00e7\u00e3o &#8211; coral de ouro preto<\/div>\n<div style=\"text-align: center;\">mulato bamba &#8211; m\u00e1rio reis<\/div>\n<div style=\"text-align: center;\">fita amarela &#8211; sambistas da guanabara<\/div>\n<div style=\"text-align: center;\">rapaz folgado &#8211; francisco egydio<\/div>\n<div style=\"text-align: center;\">feiti\u00e7o da vila &#8211; c\u00f4ro odeon<\/div>\n<div style=\"text-align: center;\">\u00faltimo desejo &#8211; roberto luna<\/div>\n<div style=\"text-align: center;\">at\u00e9 amanh\u00e3 &#8211; trio irakitan<\/div>\n<div style=\"text-align: center;\">pastorinhas &#8211; a banda do corpo de bombeiros rj<br \/>gago apaixonado &#8211; moreira da silva<\/div>\n<div style=\"text-align: center;\">eu vou pr\u00e1 vila &#8211; astor e orquestra<\/div>\n<div style=\"text-align: center;\">pra esquecer &#8211; solon salles<\/div>\n<div style=\"text-align: center;\">conversa de botequim &#8211; faf\u00e1 lemos<\/div>\n","protected":false},"excerpt":{"rendered":"<p>Ol\u00e1! Hoje, para facilitar a minha vida e alegrar a de todos n\u00f3s, vamos com a m\u00fasica de Noel Rosa. \u00c9 como dizem, quando o doce \u00e9 bom a gente n\u00e3o enjoa. Noel \u00e9 sempre Noel, seja cantado por quem &hellip; <a href=\"https:\/\/www.toque-musicall.com\/?p=470\">Continue lendo <span class=\"meta-nav\">&rarr;<\/span><\/a><\/p>\n","protected":false},"author":1,"featured_media":0,"comment_status":"open","ping_status":"closed","sticky":false,"template":"","format":"standard","meta":{"footnotes":""},"categories":[301,745,743,679,746,678,744,742,86,304,333],"tags":[],"class_list":["post-470","post","type-post","status-publish","format-standard","hentry","category-astor-e-orquestra","category-coral-de-ouro-preto","category-fafa-lemos","category-francisco-egydio","category-moreira-da-silva","category-noel-rosa","category-roberto-luna","category-sambistas-da-guanabara","category-selo-odeon","category-solon-salles","category-trio-irakitan"],"_links":{"self":[{"href":"https:\/\/www.toque-musicall.com\/index.php?rest_route=\/wp\/v2\/posts\/470","targetHints":{"allow":["GET"]}}],"collection":[{"href":"https:\/\/www.toque-musicall.com\/index.php?rest_route=\/wp\/v2\/posts"}],"about":[{"href":"https:\/\/www.toque-musicall.com\/index.php?rest_route=\/wp\/v2\/types\/post"}],"author":[{"embeddable":true,"href":"https:\/\/www.toque-musicall.com\/index.php?rest_route=\/wp\/v2\/users\/1"}],"replies":[{"embeddable":true,"href":"https:\/\/www.toque-musicall.com\/index.php?rest_route=%2Fwp%2Fv2%2Fcomments&post=470"}],"version-history":[{"count":0,"href":"https:\/\/www.toque-musicall.com\/index.php?rest_route=\/wp\/v2\/posts\/470\/revisions"}],"wp:attachment":[{"href":"https:\/\/www.toque-musicall.com\/index.php?rest_route=%2Fwp%2Fv2%2Fmedia&parent=470"}],"wp:term":[{"taxonomy":"category","embeddable":true,"href":"https:\/\/www.toque-musicall.com\/index.php?rest_route=%2Fwp%2Fv2%2Fcategories&post=470"},{"taxonomy":"post_tag","embeddable":true,"href":"https:\/\/www.toque-musicall.com\/index.php?rest_route=%2Fwp%2Fv2%2Ftags&post=470"}],"curies":[{"name":"wp","href":"https:\/\/api.w.org\/{rel}","templated":true}]}}