{"id":4704,"date":"2015-01-03T21:39:28","date_gmt":"2015-01-03T23:39:28","guid":{"rendered":"http:\/\/www.toque-musicall.com\/?p=4704"},"modified":"2015-01-03T21:39:28","modified_gmt":"2015-01-03T23:39:28","slug":"os-autenticos-1970","status":"publish","type":"post","link":"https:\/\/www.toque-musicall.com\/?p=4704","title":{"rendered":"Os Aut\u00eanticos (1970)"},"content":{"rendered":"<p><img loading=\"lazy\" decoding=\"async\" class=\"aligncenter\" alt=\"\" src=\"http:\/\/4.bp.blogspot.com\/-2XIvG2gvkf8\/VKhstNIIO-I\/AAAAAAAAK6E\/31bdzljTEX4\/s1600\/capap.JPG\" width=\"1000\" height=\"993\" \/><img loading=\"lazy\" decoding=\"async\" class=\"aligncenter\" alt=\"\" src=\"http:\/\/1.bp.blogspot.com\/-9vx_W_nsv0E\/VKhszk4xCzI\/AAAAAAAAK6M\/-ZrQyF0i3QQ\/s1600\/contrap.JPG\" width=\"1000\" height=\"990\" \/>Boa noite, amigos cultos e ocultos! O calor por aqui est\u00e1 de suar em bicas, pqp! Hoje, s\u00f3 mesmo saindo para tomar umas geladas. Loirinhas, me esperem! Daqui a pouco eu estou indo&#8230;<br \/>\nAntes por\u00e9m, deixo aqui a postagem do dia. Para esquentar mais, segue aqui este grupo de samba carioca e sobre o qual eu n\u00e3o achei muita coisa al\u00e9m do pequeno texto de apresenta\u00e7\u00e3o da contracapa. Ao que tudo indica este foi o disco de estr\u00e9ia. N\u00e3o sei se chegaram \u00a0a gravar outros, mas merecia, pois o grupo \u00e9 mesmo bem aut\u00eantico, seguindo a linha dos Originais do Samba. O repert\u00f3rio e os arranjos s\u00e3o de primeira, como convinha aos sambas daquela \u00e9poca. Composi\u00e7\u00f5es pr\u00f3prias e tamb\u00e9m de outros autores, entre esses Paulinho da Viola com \u00a0seu cl\u00e1ssico &#8220;Foi um rio que passou em minha vid<a href=\"http:\/\/depositfiles.org\/files\/06nekxh7n\" target=\"_blank\">a<\/a>&#8220;.<\/p>\n<div style=\"text-align: center;\">domingo de carnaval no salgueiro<\/div>\n<div style=\"text-align: center;\">asfalto colorido<\/div>\n<div style=\"text-align: center;\">viver<\/div>\n<div style=\"text-align: center;\">nem de brincadeira<\/div>\n<div style=\"text-align: center;\">porta-bandeira<\/div>\n<div style=\"text-align: center;\">samba que eu gosto<\/div>\n<div style=\"text-align: center;\">tentando esquecer<\/div>\n<div style=\"text-align: center;\">terra de caruaru<\/div>\n<div style=\"text-align: center;\">foi um rio que passou em minha vida<\/div>\n<div style=\"text-align: center;\">eu e a primavera<\/div>\n<div style=\"text-align: center;\">diz a dora que eu n\u00e3o vou<\/div>\n<div style=\"text-align: center;\">a peteca<\/div>\n<div style=\"text-align: center;\"><\/div>\n<div style=\"text-align: center;\">.<\/div>\n","protected":false},"excerpt":{"rendered":"<p>Boa noite, amigos cultos e ocultos! O calor por aqui est\u00e1 de suar em bicas, pqp! Hoje, s\u00f3 mesmo saindo para tomar umas geladas. Loirinhas, me esperem! Daqui a pouco eu estou indo&#8230; Antes por\u00e9m, deixo aqui a postagem do &hellip; <a href=\"https:\/\/www.toque-musicall.com\/?p=4704\">Continue lendo <span class=\"meta-nav\">&rarr;<\/span><\/a><\/p>\n","protected":false},"author":1,"featured_media":0,"comment_status":"open","ping_status":"closed","sticky":false,"template":"","format":"standard","meta":{"footnotes":""},"categories":[2486,439],"tags":[],"class_list":["post-4704","post","type-post","status-publish","format-standard","hentry","category-os-autenticos","category-selo-fermata"],"_links":{"self":[{"href":"https:\/\/www.toque-musicall.com\/index.php?rest_route=\/wp\/v2\/posts\/4704","targetHints":{"allow":["GET"]}}],"collection":[{"href":"https:\/\/www.toque-musicall.com\/index.php?rest_route=\/wp\/v2\/posts"}],"about":[{"href":"https:\/\/www.toque-musicall.com\/index.php?rest_route=\/wp\/v2\/types\/post"}],"author":[{"embeddable":true,"href":"https:\/\/www.toque-musicall.com\/index.php?rest_route=\/wp\/v2\/users\/1"}],"replies":[{"embeddable":true,"href":"https:\/\/www.toque-musicall.com\/index.php?rest_route=%2Fwp%2Fv2%2Fcomments&post=4704"}],"version-history":[{"count":1,"href":"https:\/\/www.toque-musicall.com\/index.php?rest_route=\/wp\/v2\/posts\/4704\/revisions"}],"predecessor-version":[{"id":4705,"href":"https:\/\/www.toque-musicall.com\/index.php?rest_route=\/wp\/v2\/posts\/4704\/revisions\/4705"}],"wp:attachment":[{"href":"https:\/\/www.toque-musicall.com\/index.php?rest_route=%2Fwp%2Fv2%2Fmedia&parent=4704"}],"wp:term":[{"taxonomy":"category","embeddable":true,"href":"https:\/\/www.toque-musicall.com\/index.php?rest_route=%2Fwp%2Fv2%2Fcategories&post=4704"},{"taxonomy":"post_tag","embeddable":true,"href":"https:\/\/www.toque-musicall.com\/index.php?rest_route=%2Fwp%2Fv2%2Ftags&post=4704"}],"curies":[{"name":"wp","href":"https:\/\/api.w.org\/{rel}","templated":true}]}}