{"id":4706,"date":"2015-01-04T22:38:29","date_gmt":"2015-01-05T00:38:29","guid":{"rendered":"http:\/\/www.toque-musicall.com\/?p=4706"},"modified":"2015-01-05T00:42:13","modified_gmt":"2015-01-05T02:42:13","slug":"victor-rafael-quando-a-noite-acontece-1963","status":"publish","type":"post","link":"https:\/\/www.toque-musicall.com\/?p=4706","title":{"rendered":"Victor Rafael &#8211; Quando A Noite Acontece (1963)"},"content":{"rendered":"<p><img loading=\"lazy\" decoding=\"async\" class=\"aligncenter\" alt=\"\" src=\"http:\/\/3.bp.blogspot.com\/-34gKgKb3tjA\/VKnJzZDr-qI\/AAAAAAAAK60\/cnGafCb81Xo\/s1600\/capaP.JPG\" width=\"1000\" height=\"1000\" \/><img loading=\"lazy\" decoding=\"async\" class=\"aligncenter\" alt=\"\" src=\"http:\/\/3.bp.blogspot.com\/-D-LD_0WHSnw\/VKnJ84yYCWI\/AAAAAAAAK68\/yqJ4QWU0BSs\/s1600\/contrap.JPG\" width=\"1000\" height=\"1004\" \/>Boa noite, amigos cultos e ocultos! Aqui estamos neste doming\u00e3o, quente como um forno e para refrescar, s\u00f3 no suco \ud83d\ude42 e bem gelado!<br \/>\nTrago hoje para voc\u00eas um raro e muito interessante \u00e1lbum, lan\u00e7ado pela Chantecler em 1963. Esta gravadora\/selo sempre foi mais focada na m\u00fasica sertaneja e regional, mas tamb\u00e9m investiu na m\u00fasica popular urbana e em artistas muitas vezes pouco conhecidos do grande p\u00fablico. \u00c9 o caso do cantor e compositor Victor Rafael, um artista da noite paulista. No in\u00edcio dos anos 60 ele cantava na boate Delval, em S\u00e3o Paulo. Esta boate era famosa e tinha at\u00e9 o seu pr\u00f3prio conjunto. O cantor Caco Velho chegou a ser diretor art\u00edstico da casa e por l\u00e1 passaram muitos nomes famosos. Victor Rafael era contratado da boate e neste que foi o seu disco de estr\u00e9ia ele vem acompanhado pelo org\u00e3o do maestro Aloysio Figueiredo e o conjunto da boate Delval. Um time de m\u00fasicos realmente muito bons. O repert\u00f3rio tamb\u00e9m n\u00e3o fica por menos. Traz sambas de Dorival Caymmi, Jo\u00e3o Roberto Kelly, Nelson Cavaquinho, Paulo Pires e tamb\u00e9m composi\u00e7\u00f5es pr\u00f3prias em parcerias. Eu definiria o Victor Rafael como um misto de Ataulfo Alves e Agostinho dos Santos. Infelizmente n\u00e3o h\u00e1 na rede nenhuma informa\u00e7\u00e3o sobre este artista al\u00e9m do seu pr\u00f3prio disc<a href=\"http:\/\/depositfiles.org\/files\/qic6p539v\" target=\"_blank\">o<\/a>.<\/p>\n<div style=\"text-align: center;\">quando a noite acontece<\/div>\n<div style=\"text-align: center;\">bem n\u00e3o faz<\/div>\n<div style=\"text-align: center;\">quando voc\u00ea voltar<\/div>\n<div style=\"text-align: center;\">eu n\u00e3o tenho onde morar<\/div>\n<div style=\"text-align: center;\">primeiro de abril<\/div>\n<div style=\"text-align: center;\">z\u00e9 da concei\u00e7\u00e3o<\/div>\n<div style=\"text-align: center;\">nem sequer uma rosa<\/div>\n<div style=\"text-align: center;\">mairipor\u00e3<\/div>\n<div style=\"text-align: center;\">compreenda<\/div>\n<div style=\"text-align: center;\">pezinho pra frente<\/div>\n<div style=\"text-align: center;\">o melhor do amor<\/div>\n<div style=\"text-align: center;\">preciso de algu\u00e9m<\/div>\n<div style=\"text-align: center;\">\u00a0.<\/div>\n","protected":false},"excerpt":{"rendered":"<p>Boa noite, amigos cultos e ocultos! Aqui estamos neste doming\u00e3o, quente como um forno e para refrescar, s\u00f3 no suco \ud83d\ude42 e bem gelado! Trago hoje para voc\u00eas um raro e muito interessante \u00e1lbum, lan\u00e7ado pela Chantecler em 1963. Esta &hellip; <a href=\"https:\/\/www.toque-musicall.com\/?p=4706\">Continue lendo <span class=\"meta-nav\">&rarr;<\/span><\/a><\/p>\n","protected":false},"author":1,"featured_media":0,"comment_status":"open","ping_status":"closed","sticky":false,"template":"","format":"standard","meta":{"footnotes":""},"categories":[2488,2489,217,2487],"tags":[],"class_list":["post-4706","post","type-post","status-publish","format-standard","hentry","category-aloysio-figueiredo","category-conjunto-delval","category-selo-chantecler","category-victor-rafael"],"_links":{"self":[{"href":"https:\/\/www.toque-musicall.com\/index.php?rest_route=\/wp\/v2\/posts\/4706","targetHints":{"allow":["GET"]}}],"collection":[{"href":"https:\/\/www.toque-musicall.com\/index.php?rest_route=\/wp\/v2\/posts"}],"about":[{"href":"https:\/\/www.toque-musicall.com\/index.php?rest_route=\/wp\/v2\/types\/post"}],"author":[{"embeddable":true,"href":"https:\/\/www.toque-musicall.com\/index.php?rest_route=\/wp\/v2\/users\/1"}],"replies":[{"embeddable":true,"href":"https:\/\/www.toque-musicall.com\/index.php?rest_route=%2Fwp%2Fv2%2Fcomments&post=4706"}],"version-history":[{"count":2,"href":"https:\/\/www.toque-musicall.com\/index.php?rest_route=\/wp\/v2\/posts\/4706\/revisions"}],"predecessor-version":[{"id":4709,"href":"https:\/\/www.toque-musicall.com\/index.php?rest_route=\/wp\/v2\/posts\/4706\/revisions\/4709"}],"wp:attachment":[{"href":"https:\/\/www.toque-musicall.com\/index.php?rest_route=%2Fwp%2Fv2%2Fmedia&parent=4706"}],"wp:term":[{"taxonomy":"category","embeddable":true,"href":"https:\/\/www.toque-musicall.com\/index.php?rest_route=%2Fwp%2Fv2%2Fcategories&post=4706"},{"taxonomy":"post_tag","embeddable":true,"href":"https:\/\/www.toque-musicall.com\/index.php?rest_route=%2Fwp%2Fv2%2Ftags&post=4706"}],"curies":[{"name":"wp","href":"https:\/\/api.w.org\/{rel}","templated":true}]}}