{"id":471,"date":"2011-05-04T17:29:00","date_gmt":"2011-05-04T17:29:00","guid":{"rendered":"http:\/\/www.toque-musicall.com\/?p=471"},"modified":"2011-05-04T17:29:00","modified_gmt":"2011-05-04T17:29:00","slug":"o-brasileiro-de-sempre-1922-antes-e-depois-cancoes-de-camara-197","status":"publish","type":"post","link":"https:\/\/www.toque-musicall.com\/?p=471","title":{"rendered":"O Brasileiro De Sempre &#8211; 1922 Antes E Depois (Can\u00e7\u00f5es De C\u00e2mara) (197?)"},"content":{"rendered":"<div style=\"clear: both; text-align: center;\"><a href=\"http:\/\/3.bp.blogspot.com\/-dhY_67GpRSE\/TcFArE9-wvI\/AAAAAAAAH_U\/AUroTfGiYJs\/s1600\/O+brasileiro+P.JPG\" style=\"margin-left: 1em; margin-right: 1em;\"><img loading=\"lazy\" decoding=\"async\" border=\"0\" height=\"400\" src=\"http:\/\/3.bp.blogspot.com\/-dhY_67GpRSE\/TcFArE9-wvI\/AAAAAAAAH_U\/AUroTfGiYJs\/s400\/O+brasileiro+P.JPG\" width=\"395\" \/><\/a><\/div>\n<p>Ol\u00e1s! Dando sequ\u00eancia ao nosso card\u00e1pio musical variado da semana (ali\u00e1s, dos anos&#8230;), tenho para hoje mais um belo exemplar fonogr\u00e1fico, desses que n\u00e3o se encontra f\u00e1cil por a\u00ed. Hoje eu trago este interessant\u00edssimo lp, lan\u00e7ado pelo selo da Academia Santa Cec\u00edlia de Discos e gravado em colabora\u00e7\u00e3o com o Museu da Imagem e do Som, de S\u00e3o Paulo. &#8220;O Brasileiro de Sempre&#8221;, como o pr\u00f3prio subt\u00edtulo nos informa e tamb\u00e9m no texto de contracapa, \u00e9 um disco de can\u00e7\u00f5es de c\u00e2mara. Ou seja, mais especificamente, a m\u00fasica erudita vocal, pautada no antes e depois da Semana de Arte Moderna de 1922, marco divisor na tomada de consci\u00eancia da &#8216;brasilidade&#8217; na arte e cultura nacional. Encontramos aqui algumas da mais significativas obras compostas em parceria pelos nossos m\u00fasicos eruditos e poetas do in\u00edcio do s\u00e9culo XX.<br \/>Para interpretar essas can\u00e7\u00f5es de c\u00e2mara, dois nomes de peso da m\u00fasica erudita, Selma Asprino e Lenice Prioli. Selma Asprino \u00e9\u00a0pianista, organista e professora, nos dias atuais, me parece, ela ainda integra o corpo docente do Conservat\u00f3rio Dram\u00e1tico e Musical de S\u00e3o Paulo. J\u00e1 Lenice Prioli \u00e9 uma cantora l\u00edrica renomada, tamb\u00e9m professora de canto e interpreta\u00e7\u00e3o vocal.<br \/>Ao contr\u00e1rio de muitos discos do g\u00eanero, que as vezes parecem meio chatos, este nos tira essa m\u00e1 impress\u00e3o. Merece uma conferida&#8230;<\/p>\n<div style=\"text-align: center;\">carlos de campos &#8211; \u00e1gua marinha<\/div>\n<div style=\"text-align: center;\">jo\u00e3o gomes jr &#8211; saudade (poesia de menotti del picchia)<\/div>\n<div style=\"text-align: center;\">felix de otero &#8211; a flor e a fonte (poesia de vicente de carvalho)<\/div>\n<div style=\"text-align: center;\">homero barreto &#8211; can\u00e7\u00e3o (poesia de gon\u00e7alves dias)<\/div>\n<div style=\"text-align: center;\">souza lima &#8211; numa concha (poesia de olavo bilac)<\/div>\n<div style=\"text-align: center;\">francisco braga &#8211; desejo (poesia de gon\u00e7alves dias)<\/div>\n<div style=\"text-align: center;\">sofia helena da veiga oliveira &#8211; murm\u00farios de um regalo (poesia de emilia freitas guimar\u00e3es)<\/div>\n<div style=\"text-align: center;\">osvaldo lacerda &#8211; cantiga (poesia de manuel bandeira)<\/div>\n<div style=\"text-align: center;\">s\u00e9rgio vasconcellos corr\u00eaa &#8211; cantiga (poesia de paulo bonfim)<\/div>\n<div style=\"text-align: center;\">dinor\u00e1 de carvalho &#8211; coqueiro, coqueiro ir\u00e1<\/div>\n<div style=\"text-align: center;\">camargo guarnieri &#8211; onde andar\u00e1 (poesia de paulo bonfim)<\/div>\n<div style=\"text-align: center;\">m\u00e1rio de andrade &#8211; viola quebrada (ambienta\u00e7\u00e3o de villa lobos)<\/div>\n<div style=\"text-align: center;\"><\/div>\n<div style=\"text-align: center;\"><\/div>\n","protected":false},"excerpt":{"rendered":"<p>Ol\u00e1s! Dando sequ\u00eancia ao nosso card\u00e1pio musical variado da semana (ali\u00e1s, dos anos&#8230;), tenho para hoje mais um belo exemplar fonogr\u00e1fico, desses que n\u00e3o se encontra f\u00e1cil por a\u00ed. Hoje eu trago este interessant\u00edssimo lp, lan\u00e7ado pelo selo da Academia &hellip; <a href=\"https:\/\/www.toque-musicall.com\/?p=471\">Continue lendo <span class=\"meta-nav\">&rarr;<\/span><\/a><\/p>\n","protected":false},"author":1,"featured_media":0,"comment_status":"open","ping_status":"closed","sticky":false,"template":"","format":"standard","meta":{"footnotes":""},"categories":[749,748,747],"tags":[],"class_list":["post-471","post","type-post","status-publish","format-standard","hentry","category-lenice-prioli","category-selma-asprino","category-selo-academia-santa-cecilia"],"_links":{"self":[{"href":"https:\/\/www.toque-musicall.com\/index.php?rest_route=\/wp\/v2\/posts\/471","targetHints":{"allow":["GET"]}}],"collection":[{"href":"https:\/\/www.toque-musicall.com\/index.php?rest_route=\/wp\/v2\/posts"}],"about":[{"href":"https:\/\/www.toque-musicall.com\/index.php?rest_route=\/wp\/v2\/types\/post"}],"author":[{"embeddable":true,"href":"https:\/\/www.toque-musicall.com\/index.php?rest_route=\/wp\/v2\/users\/1"}],"replies":[{"embeddable":true,"href":"https:\/\/www.toque-musicall.com\/index.php?rest_route=%2Fwp%2Fv2%2Fcomments&post=471"}],"version-history":[{"count":0,"href":"https:\/\/www.toque-musicall.com\/index.php?rest_route=\/wp\/v2\/posts\/471\/revisions"}],"wp:attachment":[{"href":"https:\/\/www.toque-musicall.com\/index.php?rest_route=%2Fwp%2Fv2%2Fmedia&parent=471"}],"wp:term":[{"taxonomy":"category","embeddable":true,"href":"https:\/\/www.toque-musicall.com\/index.php?rest_route=%2Fwp%2Fv2%2Fcategories&post=471"},{"taxonomy":"post_tag","embeddable":true,"href":"https:\/\/www.toque-musicall.com\/index.php?rest_route=%2Fwp%2Fv2%2Ftags&post=471"}],"curies":[{"name":"wp","href":"https:\/\/api.w.org\/{rel}","templated":true}]}}