{"id":4715,"date":"2015-01-07T20:06:00","date_gmt":"2015-01-07T22:06:00","guid":{"rendered":"http:\/\/www.toque-musicall.com\/?p=4715"},"modified":"2015-01-08T20:09:23","modified_gmt":"2015-01-08T22:09:23","slug":"i-festival-de-favelas-1968","status":"publish","type":"post","link":"https:\/\/www.toque-musicall.com\/?p=4715","title":{"rendered":"I Festival De Favelas (1968)"},"content":{"rendered":"<p><img loading=\"lazy\" decoding=\"async\" class=\"aligncenter\" alt=\"\" src=\"http:\/\/4.bp.blogspot.com\/-e4XhqYvA5E8\/VK7wJE1K0wI\/AAAAAAAAK8c\/vTVgGNZPHx0\/s1600\/capaP.JPG\" width=\"1000\" height=\"1004\" \/><img loading=\"lazy\" decoding=\"async\" class=\"aligncenter\" alt=\"\" src=\"http:\/\/2.bp.blogspot.com\/-6fZRdmRJ4J4\/VK7wUGQ2bKI\/AAAAAAAAK8k\/0fPiUbhm1TI\/s1600\/contrap.JPG\" width=\"1000\" height=\"996\" \/>Boa noite, amigos cultos e ocultos! Sempre atr\u00e1s de curiosas raridades fonogr\u00e1ficas, eu hoje trago para voc\u00eas o lp do &#8220;I Festival de Favelas&#8221;, um disco indispens\u00e1vel em qualquer discoteca de samba metida a bamba.<br \/>\nH\u00e1 quase tr\u00eas meses atr\u00e1s eu postei aqui o que foi o &#8220;V Festival (de M\u00fasicas) de Favela&#8221; e na postagem eu comentei a respeito das edi\u00e7\u00f5es anteriores, inclusive deste lp, que deu origem a s\u00e9rie \ud83d\ude42 Agora ele me chega \u00e0s m\u00e3os, ou melhor, ao prato, atrav\u00e9s do amigo F\u00e1res que atenciosamente me presenteou, juntamente com tantas outras raras bolachas. (Valeu, amig\u00e3o! A turma toda aqui agradece).<br \/>\nTemos ent\u00e3o o &#8220;I Festival de Favelas&#8221;, disco lan\u00e7ado pelo selo Caravelle em 1968. Uma sele\u00e7\u00e3o de 14 m\u00fasicas, certamente as selecionadas. Consta na capa (por sinal, bel\u00edssima) como subt\u00edtulo, que a grava\u00e7\u00e3o \u00e9 ao vivo, o que nos d\u00e1 a impress\u00e3o de um clima de show, com palmas gritos e etc&#8230;, Mas n\u00e3o tem nada disso, o ao vivo quer dizer que tudo foi gravado de uma vez s\u00f3. E isso explica a qualidade um tanto sofr\u00edvel de algumas grava\u00e7\u00f5es sem uma correta mixagem. Mesmo assim, vale ouvir cada umas das faixas deste disco que traz entre seus int\u00e9rpretes nomes como Geovana, Aroldo Santos, Sidney da Concei\u00e7\u00e3o e outros bamba<a href=\"http:\/\/depositfiles.org\/files\/x0n4dbzva\" target=\"_blank\">s<\/a>.<\/p>\n<div style=\"text-align: center;\">constru\u00e7\u00e3o de barra\u00e7\u00e3o &#8211; celso landrini<\/div>\n<div style=\"text-align: center;\">dinheiro h\u00e1 &#8211; irm\u00e3os do samba<\/div>\n<div style=\"text-align: center;\">rosa no morro \u00a0&#8211; geovana<\/div>\n<div style=\"text-align: center;\">santa paci\u00eancia &#8211; irm\u00e3os do samba<\/div>\n<div style=\"text-align: center;\">caminheiro &#8211; paulo samara e conjunto<\/div>\n<div style=\"text-align: center;\">r\u00e9plica &#8211; l\u00eada guida<\/div>\n<div style=\"text-align: center;\">meu caminho &#8211; jair pires<\/div>\n<div style=\"text-align: center;\">o gazeteiro &#8211; aroldo santos<\/div>\n<div style=\"text-align: center;\">favela chora cantando &#8211; celso landrini<\/div>\n<div style=\"text-align: center;\">tempos de crian\u00e7a &#8211; aroldo santos<\/div>\n<div style=\"text-align: center;\">lamento do morro &#8211; irm\u00e3os do samba<\/div>\n<div style=\"text-align: center;\">dado topada &#8211; sidney da concei\u00e7\u00e0o<\/div>\n<div style=\"text-align: center;\">feliz feliz &#8211; heraldo da silva domingues<\/div>\n<div style=\"text-align: center;\">preto velho &#8211; l\u00eada guida<\/div>\n<div style=\"text-align: center;\"><\/div>\n<div style=\"text-align: center;\">.<\/div>\n","protected":false},"excerpt":{"rendered":"<p>Boa noite, amigos cultos e ocultos! Sempre atr\u00e1s de curiosas raridades fonogr\u00e1ficas, eu hoje trago para voc\u00eas o lp do &#8220;I Festival de Favelas&#8221;, um disco indispens\u00e1vel em qualquer discoteca de samba metida a bamba. H\u00e1 quase tr\u00eas meses atr\u00e1s &hellip; <a href=\"https:\/\/www.toque-musicall.com\/?p=4715\">Continue lendo <span class=\"meta-nav\">&rarr;<\/span><\/a><\/p>\n","protected":false},"author":1,"featured_media":0,"comment_status":"open","ping_status":"closed","sticky":false,"template":"","format":"standard","meta":{"footnotes":""},"categories":[278,2491],"tags":[],"class_list":["post-4715","post","type-post","status-publish","format-standard","hentry","category-festivais","category-selo-caravelle"],"_links":{"self":[{"href":"https:\/\/www.toque-musicall.com\/index.php?rest_route=\/wp\/v2\/posts\/4715","targetHints":{"allow":["GET"]}}],"collection":[{"href":"https:\/\/www.toque-musicall.com\/index.php?rest_route=\/wp\/v2\/posts"}],"about":[{"href":"https:\/\/www.toque-musicall.com\/index.php?rest_route=\/wp\/v2\/types\/post"}],"author":[{"embeddable":true,"href":"https:\/\/www.toque-musicall.com\/index.php?rest_route=\/wp\/v2\/users\/1"}],"replies":[{"embeddable":true,"href":"https:\/\/www.toque-musicall.com\/index.php?rest_route=%2Fwp%2Fv2%2Fcomments&post=4715"}],"version-history":[{"count":1,"href":"https:\/\/www.toque-musicall.com\/index.php?rest_route=\/wp\/v2\/posts\/4715\/revisions"}],"predecessor-version":[{"id":4716,"href":"https:\/\/www.toque-musicall.com\/index.php?rest_route=\/wp\/v2\/posts\/4715\/revisions\/4716"}],"wp:attachment":[{"href":"https:\/\/www.toque-musicall.com\/index.php?rest_route=%2Fwp%2Fv2%2Fmedia&parent=4715"}],"wp:term":[{"taxonomy":"category","embeddable":true,"href":"https:\/\/www.toque-musicall.com\/index.php?rest_route=%2Fwp%2Fv2%2Fcategories&post=4715"},{"taxonomy":"post_tag","embeddable":true,"href":"https:\/\/www.toque-musicall.com\/index.php?rest_route=%2Fwp%2Fv2%2Ftags&post=4715"}],"curies":[{"name":"wp","href":"https:\/\/api.w.org\/{rel}","templated":true}]}}