{"id":4717,"date":"2015-01-09T22:08:57","date_gmt":"2015-01-10T00:08:57","guid":{"rendered":"http:\/\/www.toque-musicall.com\/?p=4717"},"modified":"2015-01-09T22:28:59","modified_gmt":"2015-01-10T00:28:59","slug":"toninho-cafe-1978","status":"publish","type":"post","link":"https:\/\/www.toque-musicall.com\/?p=4717","title":{"rendered":"Toninho Caf\u00e9 (1978)"},"content":{"rendered":"<p><img loading=\"lazy\" decoding=\"async\" class=\"aligncenter\" alt=\"\" src=\"http:\/\/3.bp.blogspot.com\/-hVEQyorRRBI\/VLBa52U95OI\/AAAAAAAAK80\/DLcFu5m-SwA\/s1600\/capap.JPG\" width=\"1000\" height=\"985\" \/><img loading=\"lazy\" decoding=\"async\" class=\"aligncenter\" alt=\"\" src=\"http:\/\/4.bp.blogspot.com\/-OT7jWxMCVcg\/VLBa-1KDj6I\/AAAAAAAAK88\/n6MS0PoKeX4\/s1600\/contrap.JPG\" width=\"1000\" height=\"1002\" \/>Boa noite, amigos cultos e ocultos! Hoje, mais que nunca, quero fazer valer aqui a fama de ser o Toque Musical um espa\u00e7o de resgate da m\u00fasica brasileira e seus diversos artistas. Na verdade, eu procuro sempre trazer aqui coisas raras. Preferencialmente \u00e1lbuns e artistas que ainda n\u00e3o tiveram vez na m\u00eddia digital, que ainda se encontram encobertos pela poeira do tempo, ou simplesmente esquecidos mesmo. E olha que se procurarmos, iremos encontrar muita coisa boa! Por conta disso, fa\u00e7o quest\u00e3o de postar hoje um artista\/disco que, creio, pouca gente conhece ou vai se lembrar. Estamos falando de Toninho Caf\u00e9, um nome que, para quem o conheceu nos anos 70 e tamb\u00e9m por este lp, diria: eis aqui um artista de talento, tem futuro! Pois \u00e9, o cara tinha mesmo e isso pode ser conferido neste que foi o seu \u00fanico lp. Trabalho lan\u00e7ado em 1978 pela Continental. A primeira leva dessa edi\u00e7\u00e3o, curiosamente, trazia agregado ao \u00e1lbum uma sacola de pano como capa da capa, com o nome do artista estampado em &#8216;silkscreen&#8217;, folder e encarte. Parece que a gravadora estava mesmo empenhada em promover o artista. Mas esse empenho ficou apenas na produ\u00e7\u00e3o. Por alguma raz\u00e3o o \u00e1lbum n\u00e3o foi bem divulgado e creio que a &#8216;cr\u00edtitica&#8217; tamb\u00e9m n\u00e3o se manifestou. Como tamb\u00e9m nenhuma das suas m\u00fasicas tocou em alguma novela da Globo, Toninho Caf\u00e9 passou batido. Ele chegou a gravar mais um ou dois discos compactos, mas eu mesmo nunca ouvi. Logo depois de ter lan\u00e7ado este lp, sem conseguir muito sucesso, acabou se transferindo para a Fran\u00e7a. Por l\u00e1 ficou fazendo m\u00fasica. Mas contam que tempos depois ele acabou se envolvendo com drogas, esteve preso e da\u00ed ent\u00e3o foi tudo acabando. Suicidou em 2011. Ele era mineiro, de Belo Horizonte, mas mudou-se no in\u00edcio dos anos 70 para o Rio. Foi cantor de boate, participou de uma banda de rock (Massa Experi\u00eancia) e foi tamb\u00e9m parceiro do Arnaud Rodrigues. Seu estilo e at\u00e9 a sua voz lembram um pouco o Milton Nascimento. Acho que tem a ver com essa coisa do mineiro, uai&#8230;<br \/>\nBom, deixemos de papo, vamos ao Caf\u00e9, pois este \u00e9 rar<a href=\"http:\/\/depositfiles.org\/files\/26mntuknq\" target=\"_blank\">o<\/a>!<\/p>\n<div style=\"text-align: center;\">espadas cruzadas<\/div>\n<div style=\"text-align: center;\">ao s\u00e3o francisco<\/div>\n<div style=\"text-align: center;\">estrela do silencio<\/div>\n<div style=\"text-align: center;\">chap\u00e9u de palha, viola e navalha<\/div>\n<div style=\"text-align: center;\">memorando<\/div>\n<div style=\"text-align: center;\">bruxuleio<\/div>\n<div style=\"text-align: center;\">vit\u00f3ria r\u00e9gia<\/div>\n<div style=\"text-align: center;\">fogo branco<\/div>\n<div style=\"text-align: center;\">suite jo\u00e3o de barro obra e gra\u00e7a<\/div>\n<div style=\"text-align: center;\">macho e f\u00eamea<\/div>\n<div style=\"text-align: center;\">asas e bandeiras<\/div>\n<div style=\"text-align: center;\">o fim<\/div>\n<div style=\"text-align: center;\"><\/div>\n<div style=\"text-align: center;\">.<\/div>\n","protected":false},"excerpt":{"rendered":"<p>Boa noite, amigos cultos e ocultos! Hoje, mais que nunca, quero fazer valer aqui a fama de ser o Toque Musical um espa\u00e7o de resgate da m\u00fasica brasileira e seus diversos artistas. Na verdade, eu procuro sempre trazer aqui coisas &hellip; <a href=\"https:\/\/www.toque-musicall.com\/?p=4717\">Continue lendo <span class=\"meta-nav\">&rarr;<\/span><\/a><\/p>\n","protected":false},"author":1,"featured_media":0,"comment_status":"open","ping_status":"closed","sticky":false,"template":"","format":"standard","meta":{"footnotes":""},"categories":[40,2492],"tags":[],"class_list":["post-4717","post","type-post","status-publish","format-standard","hentry","category-selo-continental","category-toninho-cafe"],"_links":{"self":[{"href":"https:\/\/www.toque-musicall.com\/index.php?rest_route=\/wp\/v2\/posts\/4717","targetHints":{"allow":["GET"]}}],"collection":[{"href":"https:\/\/www.toque-musicall.com\/index.php?rest_route=\/wp\/v2\/posts"}],"about":[{"href":"https:\/\/www.toque-musicall.com\/index.php?rest_route=\/wp\/v2\/types\/post"}],"author":[{"embeddable":true,"href":"https:\/\/www.toque-musicall.com\/index.php?rest_route=\/wp\/v2\/users\/1"}],"replies":[{"embeddable":true,"href":"https:\/\/www.toque-musicall.com\/index.php?rest_route=%2Fwp%2Fv2%2Fcomments&post=4717"}],"version-history":[{"count":2,"href":"https:\/\/www.toque-musicall.com\/index.php?rest_route=\/wp\/v2\/posts\/4717\/revisions"}],"predecessor-version":[{"id":4719,"href":"https:\/\/www.toque-musicall.com\/index.php?rest_route=\/wp\/v2\/posts\/4717\/revisions\/4719"}],"wp:attachment":[{"href":"https:\/\/www.toque-musicall.com\/index.php?rest_route=%2Fwp%2Fv2%2Fmedia&parent=4717"}],"wp:term":[{"taxonomy":"category","embeddable":true,"href":"https:\/\/www.toque-musicall.com\/index.php?rest_route=%2Fwp%2Fv2%2Fcategories&post=4717"},{"taxonomy":"post_tag","embeddable":true,"href":"https:\/\/www.toque-musicall.com\/index.php?rest_route=%2Fwp%2Fv2%2Ftags&post=4717"}],"curies":[{"name":"wp","href":"https:\/\/api.w.org\/{rel}","templated":true}]}}