{"id":4720,"date":"2015-01-11T19:55:13","date_gmt":"2015-01-11T21:55:13","guid":{"rendered":"http:\/\/www.toque-musicall.com\/?p=4720"},"modified":"2015-01-11T19:55:13","modified_gmt":"2015-01-11T21:55:13","slug":"ary-barroso-internacional-1964","status":"publish","type":"post","link":"https:\/\/www.toque-musicall.com\/?p=4720","title":{"rendered":"Ary Barroso Internacional (1964)"},"content":{"rendered":"<p><img loading=\"lazy\" decoding=\"async\" class=\"aligncenter\" alt=\"\" src=\"http:\/\/3.bp.blogspot.com\/-khU245Bc4-8\/VLLi5t3_HCI\/AAAAAAAAK9Q\/BMO5V8apKTc\/s1600\/capap.JPG\" width=\"1000\" height=\"1006\" \/><img loading=\"lazy\" decoding=\"async\" class=\"aligncenter\" alt=\"\" src=\"http:\/\/3.bp.blogspot.com\/-CSQc9Wq-oek\/VLLjBLWDEfI\/AAAAAAAAK9Y\/6aw9Vl_C8e8\/s1600\/contracapap.JPG\" width=\"1000\" height=\"1004\" \/>Boa tarde, prezados amigos cultos e ocultos! Devido a uma viagem, estou sendo obrigado a recorrer aos meus &#8216;discos de gaveta&#8217;, aqueles que est\u00e3o sempre prontos, seja no &#8216;hd&#8221; ou no pen drive. Sempre levo comigo, quando viajo, alguns arquivos para cobrir as emerg\u00eancias. Dessa forma, levo hoje para voc\u00eas uma colet\u00e2nea pr\u00e1 l\u00e1 de bacana. Estamos falando aqui de Ary Barroso, em um \u00e1lbum lan\u00e7ado pela Musidisc possivelmente no ano de sua morte, 1964. N\u00e3o h\u00e1 no lp qualquer informa\u00e7\u00e3o da data, mas pelo texto na contracapa, tudo leva a crer que se trata de uma homenagem p\u00f3stuma. A Musidisc reuniu alguns de seus maiores sucessos internacionais, extra\u00eddos de outros discos e artistas da gravadora. Alguns, inclusive, at\u00e9 j\u00e1 apresentados aqui no Toque Musical. De qualquer maneira, trata-se de uma colet\u00e2nea da Musidisc, o que \u00e9 sin\u00f4nimo de qualidade. Mais ainda sendo o motivo principal a m\u00fasica de Ary Barroso. Confira<a href=\"http:\/\/depositfiles.org\/files\/8vjdcylkd\" target=\"_blank\">m<\/a>!<\/p>\n<div style=\"text-align: center;\">aquarela do brasil &#8211; ed lincoln e seu conjunto<\/div>\n<div style=\"text-align: center;\">aquarela do brasil &#8211; don pablo de havana<\/div>\n<div style=\"text-align: center;\">risque &#8211; orquestra rom\u00e2nticos de cuba<\/div>\n<div style=\"text-align: center;\">morena boca de ouro &#8211; luiz bittencourt e orquestra<\/div>\n<div style=\"text-align: center;\">rio de janeiro &#8211; bob flemimg<\/div>\n<div style=\"text-align: center;\">bahia (na baixa do sapateiro) &#8211; don pablo de havana<\/div>\n<div style=\"text-align: center;\">bahia (na baixa do sapateiro) &#8211; henry nirenberg e sua orquestra<\/div>\n<div style=\"text-align: center;\">bahia (na baixa do sapateiro) &#8211; os violinos m\u00e1gicos<\/div>\n<div style=\"text-align: center;\">\u00e9 luxo s\u00f3 &#8211; orquestra pan american<\/div>\n<div style=\"text-align: center;\">foi ela &#8211; luiz bittencourt e orquestra<\/div>\n<div style=\"text-align: center;\"><\/div>\n<div style=\"text-align: center;\">.<\/div>\n","protected":false},"excerpt":{"rendered":"<p>Boa tarde, prezados amigos cultos e ocultos! Devido a uma viagem, estou sendo obrigado a recorrer aos meus &#8216;discos de gaveta&#8217;, aqueles que est\u00e3o sempre prontos, seja no &#8216;hd&#8221; ou no pen drive. Sempre levo comigo, quando viajo, alguns arquivos &hellip; <a href=\"https:\/\/www.toque-musicall.com\/?p=4720\">Continue lendo <span class=\"meta-nav\">&rarr;<\/span><\/a><\/p>\n","protected":false},"author":1,"featured_media":0,"comment_status":"open","ping_status":"closed","sticky":false,"template":"","format":"standard","meta":{"footnotes":""},"categories":[1047,1582,2493,1137,2233,884,691,35],"tags":[],"class_list":["post-4720","post","type-post","status-publish","format-standard","hentry","category-ary-barroso","category-bob-flemming","category-don-pablo-de-havana","category-ed-lincoln","category-luiz-bittencourt","category-orquestra-pan-american","category-orquestra-romanticos-de-cuba","category-selo-musidisc"],"_links":{"self":[{"href":"https:\/\/www.toque-musicall.com\/index.php?rest_route=\/wp\/v2\/posts\/4720","targetHints":{"allow":["GET"]}}],"collection":[{"href":"https:\/\/www.toque-musicall.com\/index.php?rest_route=\/wp\/v2\/posts"}],"about":[{"href":"https:\/\/www.toque-musicall.com\/index.php?rest_route=\/wp\/v2\/types\/post"}],"author":[{"embeddable":true,"href":"https:\/\/www.toque-musicall.com\/index.php?rest_route=\/wp\/v2\/users\/1"}],"replies":[{"embeddable":true,"href":"https:\/\/www.toque-musicall.com\/index.php?rest_route=%2Fwp%2Fv2%2Fcomments&post=4720"}],"version-history":[{"count":1,"href":"https:\/\/www.toque-musicall.com\/index.php?rest_route=\/wp\/v2\/posts\/4720\/revisions"}],"predecessor-version":[{"id":4721,"href":"https:\/\/www.toque-musicall.com\/index.php?rest_route=\/wp\/v2\/posts\/4720\/revisions\/4721"}],"wp:attachment":[{"href":"https:\/\/www.toque-musicall.com\/index.php?rest_route=%2Fwp%2Fv2%2Fmedia&parent=4720"}],"wp:term":[{"taxonomy":"category","embeddable":true,"href":"https:\/\/www.toque-musicall.com\/index.php?rest_route=%2Fwp%2Fv2%2Fcategories&post=4720"},{"taxonomy":"post_tag","embeddable":true,"href":"https:\/\/www.toque-musicall.com\/index.php?rest_route=%2Fwp%2Fv2%2Ftags&post=4720"}],"curies":[{"name":"wp","href":"https:\/\/api.w.org\/{rel}","templated":true}]}}