{"id":4722,"date":"2015-01-13T23:55:33","date_gmt":"2015-01-14T01:55:33","guid":{"rendered":"http:\/\/www.toque-musicall.com\/?p=4722"},"modified":"2015-01-13T23:58:15","modified_gmt":"2015-01-14T01:58:15","slug":"adoniran-barbosa-selecao-78-rpm-do-toque-musical-vol-131-2015","status":"publish","type":"post","link":"https:\/\/www.toque-musicall.com\/?p=4722","title":{"rendered":"Adoniran Barbosa &#8211; Sele\u00e7\u00e3o 78 RPM Do Toque Musical Vol. 131 (2015)"},"content":{"rendered":"<p><img loading=\"lazy\" decoding=\"async\" class=\"aligncenter\" alt=\"\" src=\"http:\/\/4.bp.blogspot.com\/-T_S6Z9W5jEU\/VLXKxcwl45I\/AAAAAAAAK98\/V03WqfREDDM\/s1600\/CAPAp.JPG\" width=\"1000\" height=\"1000\" \/><img loading=\"lazy\" decoding=\"async\" class=\"aligncenter\" alt=\"\" src=\"http:\/\/3.bp.blogspot.com\/-_0Jke1gamoI\/VLXK1vsBnvI\/AAAAAAAAK-E\/zjF5-CSYrpc\/s1600\/CONTRACAPAp.JPG\" width=\"1000\" height=\"1000\" \/><\/p>\n<div>E eis aqui a primeira edi\u00e7\u00e3o de 2015 do nosso Grand Record Brazil, o \u201cbra\u00e7o de cera\u201d do Toque Musical, cronologicamente a de n\u00famero 131. E o GRB come\u00e7a este ano com o p\u00e9 direto,homenageando um de nossos mais expressivos compositores, aut\u00eantico representante do samba paulista: nada mais nada menos que Adoniran Barbosa.<\/div>\n<div>Nosso ilustre focalizado recebeu na pia batismal o nome de Jo\u00e3o Rubinato. Nasceu em Valinhos (SP), no dia 6 de agosto de 1910. Filho de imigrantes italianos, abandonou os estudos ainda no curso prim\u00e1rio para trabalhar,\u00a0 tendo sido tecel\u00e3o, balconista, pintor de paredes e at\u00e9 gar\u00e7om. Ele achava que Jo\u00e3o Rubinato n\u00e3o era nome de cantor de samba, e resolveu adotar o nome art\u00edstico com o qual ficaria para a posteridade, Adoniran Barbosa, com o Adoniran emprestado de um amigo e o sobrenome em homenagem a outro grande sambista, Luiz Barbosa.\u00a0 No in\u00edcio dos anos 1930, Adoniran passou a frequentar os programas de calouros da R\u00e1dio Cruzeiro do Sul de S\u00e3o Paulo. Foi v\u00e1rias vezes reprovado por causa da voz fanha, mas, em 1933, obteve o primeiro lugar no programa de Jorge Amaral, interpretando \u201cFilosofia\u201d, de Noel Rosa e Andr\u00e9 Filho. Em 1935, fez sua primeira m\u00fasica, em parceria com o maestro e compositor J. Aymber\u00ea, a marchinha \u201cDona Boa\u201d, sucesso do carnaval daquele ano (foi inclusive a melhor marchinha dessa folia em S\u00e3o Paulo) e inclu\u00edda nesta sele\u00e7\u00e3o. Em 1941, Adoniran transfere-se da R\u00e1dio Cruzeiro do Sul para a Record (ent\u00e3o \u201ca maior\u201d), a convite de Ot\u00e1vio Gabus Mendes. Ali come\u00e7ou sua carreira de ator, participando da s\u00e9rie radioteatral \u201cSer\u00f5es domingueiros\u201d, e criando seus primeiros personagens, sempre c\u00f4micos, caso do malandro Z\u00e9 Cunversa e do gal\u00e3 de cinema franc\u00eas Jean Rubinet. Na Record, Adoniran conheceu o produtor Oswaldo Molles, respons\u00e1vel pela cria\u00e7\u00e3o e pelo texto dos principais personagens interpretados por ele. Ambos trabalharam juntos por 26 anos, e o maior sucesso da parceria foi o programa \u201cHist\u00f3rias das malocas\u201d, em que Adoniran interpretava o Charutinho. O programa ficou em cartaz at\u00e9 1965 e chegou at\u00e9 a ser apresentado na televis\u00e3o. Adoniran e Osvaldo Molles tamb\u00e9m foram parceiros em muitos sambas, entre eles os cl\u00e1ssicos \u201cTiro ao \u00e1lvaro\u201de \u201cPafun\u00e7a\u201d. \u00a0No cinema, sua primeira apari\u00e7\u00e3o foi no filme \u201cPif-paf\u201d, da Cin\u00e9dia, em 1945,e Adoniran atuou ainda em \u201cCa\u00eddos do c\u00e9u\u201d (1946), \u201cO cangaceiro\u201d (1953), \u201cCandinho\u201d (1954), \u201cA carrocinha\u201d (1955), estes dois ao lado de Mazzaropi, e \u201cA pens\u00e3o da dona Estela\u201d (1956). \u00a0Em 1952, a carreira de Adoniran Barbosa como compositor ganhou impulso quando os Dem\u00f4nios da Garoa foram premiados no carnaval daquele ano \u00a0com o samba \u201cMalvina\u201d. Em 1953, eles repetiram a dose, com outro samba,\u201cJoga a chave\u201d, de Adoniran e Oswaldo Fran\u00e7a. Come\u00e7ou a\u00ed mais uma parceria de anos na vida do mestre Adoniran, com os Dem\u00f4nios imortalizando v\u00e1rios de seus sambas, verdadeiras cr\u00f4nicas da vida paulistana,\u00a0 tais como \u201cSaudosa maloca\u201d, \u201cO samba do Arnesto\u201d (ambos gravados antes sem sucesso pelo pr\u00f3prio Adoniran), \u201cAs mariposa\u201d, \u201cSamba italiano\u201d, \u201cIracema\u201d\u00a0 e, claro, \u201cTrem das onze\u201d, que foi at\u00e9 premiado no carnaval carioca de 1965 e foi escolhida, em 2000, como a m\u00fasica que melhor representa a cidade de S\u00e3o Paulo, em concurso promovido pela TV Globo.\u00a0 Adoniran tamb\u00e9m \u00e9 autor da melodia do samba-can\u00e7\u00e3o \u201cBom dia, tristeza\u201d, com letra de Vin\u00edcius de Moraes. Na televis\u00e3o, ainda atuou nos humor\u00edsticos \u201cPapai sabe nada\u201d e \u201cCear\u00e1 contra 007\u201d, ambos da Record, e nas novelas \u201cMulheres de areia\u201d e \u201cOs inocentes\u201d, ambas da Tupi. Gravou seu primeiro LP apenas em 1974, e viriam em seguida mais dois, em 1975 e 1980, este \u00faltimo com a participa\u00e7\u00e3o de grandes nomes da MPB de ent\u00e3o, tais como Clara Nunes, Elis Regina,\u00a0 Djavan, Clementina de Jesus e o grupo MPB-4, em comemora\u00e7\u00e3o a seus 70 anos de vida. Adoniran Barbosa morreu no dia 23 de novembro de 1980, aos 72 anos, em S\u00e3o Paulo.<\/div>\n<p>Nesta edi\u00e7\u00e3o do GRB, um pouco do precios\u00edssimo legado de Adoniran Barbosa, em dezesseis faixas extra\u00eddas de discos 78 rpm. Abrindo esta sele\u00e7\u00e3o, o samba \u201cAgora pode chorar\u201d, de Adoniran em parceria com Jos\u00e9 Nicolini, do carnaval de 1936, que o pr\u00f3prio autor interpreta em grava\u00e7\u00e3o lan\u00e7ada pela Columbia em cima dos festejos momescos, em fevereiro, disco 8171-B,matriz 3215. Na faixa seguinte, os Dem\u00f4nios da Garoa interpretam o antol\u00f3gico samba \u201cAs mariposa\u201d, de Adoniran sem parceiro, que gravaram na Odeon em primeiro de agosto de 1955, sendo lan\u00e7ado em outubro do mesmo ano, disco 13904-B, matriz 10697. D\u00e9o, \u201co ditador de sucessos\u201d, aqui comparece com o samba \u201cChega\u201d, de Adoniran em parceria com Jos\u00e9 Marc\u00edlio. Saiu no terceiro disco do\u00a0 cantor, o Columbia 8212-B, em julho de 1936, matriz 3312, e o acompanhamento \u00e9 do regional do flautista At\u00edlio Grany. \u201cConselho de mulher\u201d, parceria de Adoniran com Oswaldo Moles e Jo\u00e3o Belarmino dos Santos, \u00e9 interpretado por ele mesmo, em grava\u00e7\u00e3o Continental de 23 de julho de 1952, s\u00f3 lan\u00e7ada em mar\u00e7o-abril de 53, disco 16707-B, matriz 11414. A pr\u00f3xima faixa \u00e9 justamente a primeira composi\u00e7\u00e3o de Adoniran Barbosa, a marchinha \u201cDona Boa\u201d, parceria com J, Aymber\u00ea, retumbante sucesso no carnaval paulistano de 1935. Raul Torres, um dos expoentes m\u00e1ximos da m\u00fasica sertaneja de raiz, a gravou pela Columbia, que lan\u00e7ou o registro em disco sob n\u00famero 8129-A, matriz 3122. \u201cIracema\u201d , de Adoniran sozinho, \u00e9 outro cl\u00e1ssico samba seu que os Dem\u00f4nios da Garoa imortalizaram,em grava\u00e7\u00e3o Odeon de 11 de janeiro de 1956, lan\u00e7ada em mar\u00e7o do mesmo ano, disco 14001-A, matriz 10944. Eles ainda nos brindam justamente com o samba \u201cMalvina\u201d, outro s\u00f3 de Adoniran, sucesso do carnaval de 1952, lan\u00e7ado pelo ef\u00eamero selo Elite Special em janeiro desse ano, disco N-1065-A, matriz MIB-1081. E os Dem\u00f4nios ainda interpretam aqui \u201cNo Morro da Casa Verde\u201d, em grava\u00e7\u00e3o Odeon de 5 de maio de 1959, lan\u00e7ada em junho do mesmo ano, disco 14472-A, matriz 50133, tamb\u00e9m integrando o LP \u201cPafun\u00e7a\u201d. Em seguida, temos uma faceta do Adoniran int\u00e9rprete,\u00a0 com a marcha-rancho \u201cOs mimoso colibri\u201d, de Herv\u00ea Cordovil e Oswaldo Molles, grava\u00e7\u00e3o Continental de 27 de julho de 1951, lan\u00e7ada entre outubro e dezembro do mesmo ano, disco 16468-A, matriz 11334, visando por certo o carnaval de 52. \u201cQuem bate sou eu\u201d, samba de Adoniran e Artur Bernardo, \u00e9 grava\u00e7\u00e3o Odeon dos Dem\u00f4nios da Garoa, feita em 5 de julho de1956 e lan\u00e7ada em novembro do mesmo ano, disco 14115-B, matriz 11251. Temos em seguida dois indiscut\u00edveis cl\u00e1ssicos do samba, nas grava\u00e7\u00f5es originais de Adoniran pela Continental, mas que s\u00f3 foram sucesso mais tarde com os Dem\u00f4nios da Garoa. Primeiro, \u201cO samba do Arnesto\u201d, parceria com Alocin (Nicola ao contr\u00e1rio), que Adoniran gravou em 23 de julho de 1952, mas s\u00f3 saiu em mar\u00e7o-abril de 53, disco 16707-A, matriz 11415. \u201cSaudade da maloca\u201d, de Adoniran e mais ningu\u00e9m, \u00e9 o t\u00edtulo original do cl\u00e1ssico \u201cSaudosa maloca\u201d, gravado pelo autor em 27 de julho de 1951 e lan\u00e7ado entre outubro e dezembro do mesmo ano sob n\u00famero 16468-B, matriz 11335. Ambos os sambas receberam v\u00e1rias regrava\u00e7\u00f5es, e curiosamente, estes registros originais do autor seriam relan\u00e7ados pela Continental em 1955, sob n\u00famero\u00a0 17173,com \u201cSaudosa maloca\u201d no lado A e o \u201cArnesto\u201d no verso. A seguir, uma rara incurs\u00e3o de Adoniran no g\u00eanero caipira ou sertanejo de raiz, o cateret\u00ea \u201cT\u00f4 com a cara torta\u201d, parceria com Ivo de Freitas.\u00a0 Raul Torres e Flor\u00eancio o gravaram na Victor em 19 de setembro de 1945, mas o lan\u00e7amento s\u00f3 aconteceria em abril de 46, disco 80-0393-B, matriz S-078343. \u201cUm amor que j\u00e1 passou\u201d, samba de Adoniran em parceria com Erat\u00f3stenes Fraz\u00e3o,\u00a0 \u00e9 do segundo disco do cantor D\u00e9o, o Columbia 8211-B, lan\u00e7ado em julho de 1936, matriz 3319. Em seguida, voltam os Dem\u00f4nios da Garoa com \u201cUm samba no Bexiga\u201d, de Adoniran sem parceria, grava\u00e7\u00e3o Odeon de 4 de abril de 1956, lan\u00e7ada em junho do mesmo ano, disco 14049-B, matriz 11110. Para encerrar, novo exemplo do Adoniran Barbosa apenas int\u00e9rprete, com o samba \u201cPra que chorar?\u201d, de Peteleco, lan\u00e7ado em janeiro de 1958 pela RGE sob n\u00famero 10081-B, matriz RGO-497, por certo visando o carnaval desse ano. Enfim, \u00e9 o que o GRB tem o prazer de oferecer a voc\u00eas, precioso legado deixado por Adoniran Barbosa, cujas m\u00fasicas eram de fato a cara de S\u00e3o Paulo, e ficar\u00e3o para sempre em nossa mem\u00f3ri<a href=\"http:\/\/depositfiles.org\/files\/npwplctcc\" target=\"_blank\">a<\/a>!<\/p>\n<p>* Texto de Samuel Machado Filho<\/p>\n<p>&nbsp;<\/p>\n<div><\/div>\n","protected":false},"excerpt":{"rendered":"<p>E eis aqui a primeira edi\u00e7\u00e3o de 2015 do nosso Grand Record Brazil, o \u201cbra\u00e7o de cera\u201d do Toque Musical, cronologicamente a de n\u00famero 131. E o GRB come\u00e7a este ano com o p\u00e9 direto,homenageando um de nossos mais expressivos &hellip; <a href=\"https:\/\/www.toque-musicall.com\/?p=4722\">Continue lendo <span class=\"meta-nav\">&rarr;<\/span><\/a><\/p>\n","protected":false},"author":1,"featured_media":0,"comment_status":"open","ping_status":"closed","sticky":false,"template":"","format":"standard","meta":{"footnotes":""},"categories":[1055,11,13],"tags":[],"class_list":["post-4722","post","type-post","status-publish","format-standard","hentry","category-adoniran-barbosa","category-exclusivos-do-toque-musical","category-selo-grand-record-brazil"],"_links":{"self":[{"href":"https:\/\/www.toque-musicall.com\/index.php?rest_route=\/wp\/v2\/posts\/4722","targetHints":{"allow":["GET"]}}],"collection":[{"href":"https:\/\/www.toque-musicall.com\/index.php?rest_route=\/wp\/v2\/posts"}],"about":[{"href":"https:\/\/www.toque-musicall.com\/index.php?rest_route=\/wp\/v2\/types\/post"}],"author":[{"embeddable":true,"href":"https:\/\/www.toque-musicall.com\/index.php?rest_route=\/wp\/v2\/users\/1"}],"replies":[{"embeddable":true,"href":"https:\/\/www.toque-musicall.com\/index.php?rest_route=%2Fwp%2Fv2%2Fcomments&post=4722"}],"version-history":[{"count":2,"href":"https:\/\/www.toque-musicall.com\/index.php?rest_route=\/wp\/v2\/posts\/4722\/revisions"}],"predecessor-version":[{"id":4724,"href":"https:\/\/www.toque-musicall.com\/index.php?rest_route=\/wp\/v2\/posts\/4722\/revisions\/4724"}],"wp:attachment":[{"href":"https:\/\/www.toque-musicall.com\/index.php?rest_route=%2Fwp%2Fv2%2Fmedia&parent=4722"}],"wp:term":[{"taxonomy":"category","embeddable":true,"href":"https:\/\/www.toque-musicall.com\/index.php?rest_route=%2Fwp%2Fv2%2Fcategories&post=4722"},{"taxonomy":"post_tag","embeddable":true,"href":"https:\/\/www.toque-musicall.com\/index.php?rest_route=%2Fwp%2Fv2%2Ftags&post=4722"}],"curies":[{"name":"wp","href":"https:\/\/api.w.org\/{rel}","templated":true}]}}