{"id":4726,"date":"2015-01-14T22:08:43","date_gmt":"2015-01-15T00:08:43","guid":{"rendered":"http:\/\/www.toque-musicall.com\/?p=4726"},"modified":"2015-01-16T07:12:24","modified_gmt":"2015-01-16T09:12:24","slug":"nova-estacao-momentos-magicos-1986","status":"publish","type":"post","link":"https:\/\/www.toque-musicall.com\/?p=4726","title":{"rendered":"Nova Esta\u00e7\u00e3o &#8211; Momentos M\u00e1gicos (1986)"},"content":{"rendered":"<p><img loading=\"lazy\" decoding=\"async\" class=\"aligncenter\" alt=\"\" src=\"http:\/\/3.bp.blogspot.com\/-ZjkyhAF7CYM\/VLcKGswxVsI\/AAAAAAAAK-Y\/RxluRWoqx3Q\/s1600\/nova%2Bfp.JPG\" width=\"1000\" height=\"951\" \/><img loading=\"lazy\" decoding=\"async\" class=\"aligncenter\" alt=\"\" src=\"http:\/\/2.bp.blogspot.com\/-_tu_X3cjgHE\/VLcKO9gRwWI\/AAAAAAAAK-g\/sX_1Lsi1RHI\/s1600\/nova%2BBp.JPG\" width=\"1000\" height=\"951\" \/><img loading=\"lazy\" decoding=\"async\" class=\"aligncenter\" alt=\"\" src=\"http:\/\/2.bp.blogspot.com\/-5JiHPh0BzGs\/VLcKXKD6jvI\/AAAAAAAAK-o\/wgcG6tOpYjU\/s1600\/CAPA%2BfRENTEp.JPG\" width=\"1000\" height=\"1000\" \/><img loading=\"lazy\" decoding=\"async\" class=\"aligncenter\" alt=\"\" src=\"http:\/\/1.bp.blogspot.com\/-uGGIViRvxhw\/VLcKcTY1CrI\/AAAAAAAAK-w\/zL9WsU9fcMU\/s1600\/CONTRAP.JPG\" width=\"1000\" height=\"1000\" \/>Boa noite, amigos cultos e ocultos! N\u00e3o fosse por conta do calor, eu agora j\u00e1 estaria dormindo. Amanh\u00e3 acordo cedo, vou trabalhar. Mas enquanto me refresco e espero o sono, vou tentar manter em dia o compromisso da postagem. At\u00e9 porque, eu tenho aqui um disquinho j\u00e1 pronto e uma boa hist\u00f3ria.<br \/>\nApresento a voc\u00eas a banda mineira Nova Esta\u00e7\u00e3o. Grupo formado na cidade de Caet\u00e9, bem pr\u00f3ximo de BH, l\u00e1 pelos anos 80. Descobri por acaso, atrav\u00e9s do meu m\u00e9dico de acupuntura, Dr. Carlos Eduardo Guimar\u00e3es. Conversando sobre m\u00fasica, discos, ele me falou que antes de seguir a carreira m\u00e9dica havia tocado em uma banda, disse que chegaram at\u00e9 a gravar dois discos. Por incr\u00edvel que pare\u00e7a, n\u00e3o me lembro deles naquela \u00e9poca, embora tivessem atuado muito em Belo Horizonte. Algumas de suas m\u00fasicas chegaram a tocar em r\u00e1dios, inclusive no Rio e Sampa. Mas eram tempos dif\u00edceis, principalmente para uma banda nova \u00a0e com uma proposta musical que ia al\u00e9m do g\u00eanero pop f\u00e1cil. Na verdade, o Nova Esta\u00e7\u00e3o, tem exatamente aquele tempero mineiro, um pouco de rock progressivo e as influ\u00eancias da m\u00fasica do pessoal do Clube da Esquina, de Milton e L\u00f4. N\u00e3o \u00e9 por acaso que no seu disco de estr\u00e9ia, &#8220;M\u00e1gicos Momentos&#8221; eles tenha gravado &#8220;Um girassol da cor do seu cabelo&#8221;, de L\u00f4 e M\u00e1rcio Borges. Por sinal, fizeram um arranjo bem original. Eu fiquei muito curioso depois daquele nosso papo, principalmente porque o Carlos era um dos principais componentes do grupo, al\u00e9m de cantor era tamb\u00e9m compositor. Prometi a ele que iria localizar esses discos, pois pelo que entendi, nem o resto da turma da banda tinha os discos. Impressionante esse povo! E realmente eu acabei localizando atrav\u00e9s da web todos os dois discos. Ou melhor dizendo, as m\u00fasicas dos discos. Mas n\u00e3o me dei por contente e fui atr\u00e1s dos lps. Com muita sorte consegui achar o primeiro \u00e1lbum, o Momentos M\u00e1gicos. A capa estava bem surrada, por\u00e9m o vinil estava perfeito. Decidi ent\u00e3o refazer a capa em seus m\u00ednimos detalhes. O resultado foi surpreendente, um \u00e1lbum novo! Levei de presente o disco para ele, que ficou pra l\u00e1 de agradecido. Infelizmente o segundo \u00e1lbum, o &#8220;Guerra nas Estrelas, eu n\u00e3o achei e nem sei como \u00e9 a capa. Da\u00ed resolvi criar uma outra, at\u00e9 mesmo para que pudesse apresentar aqui o trabalho. Caso em algum dia apare\u00e7a a original a gente troca. Ou quem sabe o Carlos passe a adotar a nova numa vers\u00e3ozinha digital, heim? Este segundo\u00a0 disco tamb\u00e9m \u00e9 muito bom e possui uma produ\u00e7\u00e3o j\u00e1 experimentada e aperfei\u00e7oada. M\u00fasicas autorais de muito bom gosto tanto em poesia quando na composi\u00e7\u00e3o instrumental. Garanto a todos que vale a pena dar uma conferid<a href=\"http:\/\/depositfiles.org\/files\/kocaro1kd\" target=\"_blank\">a<\/a>.<\/p>\n<div style=\"text-align: center;\">gosto de uva<\/div>\n<div style=\"text-align: center;\">loucos momentos<\/div>\n<div style=\"text-align: center;\">ave perdida<\/div>\n<div style=\"text-align: center;\">nova esta\u00e7\u00e3o<\/div>\n<div style=\"text-align: center;\">momentos m\u00e1gicos<\/div>\n<div style=\"text-align: center;\">um girassol da cor do seu cabelo<\/div>\n<div style=\"text-align: center;\">conversando em sil\u00eancio<\/div>\n<div style=\"text-align: center;\">chuva no ar<\/div>\n<div style=\"text-align: center;\">&#8212;&#8212;&#8212;&#8212;&#8212;<\/div>\n<div style=\"text-align: center;\">guerra nas estrelas<\/div>\n<div style=\"text-align: center;\">telefone<\/div>\n<div style=\"text-align: center;\">casa dos sonhos<\/div>\n<div style=\"text-align: center;\">flor de lis<\/div>\n<div style=\"text-align: center;\">kamikaze<\/div>\n<div style=\"text-align: center;\">cristal<\/div>\n<div style=\"text-align: center;\">luar de papel<\/div>\n<div style=\"text-align: center;\"><\/div>\n<div style=\"text-align: center;\">.<\/div>\n<p style=\"text-align: center;\">\n","protected":false},"excerpt":{"rendered":"<p>Boa noite, amigos cultos e ocultos! N\u00e3o fosse por conta do calor, eu agora j\u00e1 estaria dormindo. Amanh\u00e3 acordo cedo, vou trabalhar. Mas enquanto me refresco e espero o sono, vou tentar manter em dia o compromisso da postagem. At\u00e9 &hellip; <a href=\"https:\/\/www.toque-musicall.com\/?p=4726\">Continue lendo <span class=\"meta-nav\">&rarr;<\/span><\/a><\/p>\n","protected":false},"author":1,"featured_media":0,"comment_status":"open","ping_status":"closed","sticky":false,"template":"","format":"standard","meta":{"footnotes":""},"categories":[2494,25],"tags":[],"class_list":["post-4726","post","type-post","status-publish","format-standard","hentry","category-nova-estacao","category-selo-independente"],"_links":{"self":[{"href":"https:\/\/www.toque-musicall.com\/index.php?rest_route=\/wp\/v2\/posts\/4726","targetHints":{"allow":["GET"]}}],"collection":[{"href":"https:\/\/www.toque-musicall.com\/index.php?rest_route=\/wp\/v2\/posts"}],"about":[{"href":"https:\/\/www.toque-musicall.com\/index.php?rest_route=\/wp\/v2\/types\/post"}],"author":[{"embeddable":true,"href":"https:\/\/www.toque-musicall.com\/index.php?rest_route=\/wp\/v2\/users\/1"}],"replies":[{"embeddable":true,"href":"https:\/\/www.toque-musicall.com\/index.php?rest_route=%2Fwp%2Fv2%2Fcomments&post=4726"}],"version-history":[{"count":1,"href":"https:\/\/www.toque-musicall.com\/index.php?rest_route=\/wp\/v2\/posts\/4726\/revisions"}],"predecessor-version":[{"id":4727,"href":"https:\/\/www.toque-musicall.com\/index.php?rest_route=\/wp\/v2\/posts\/4726\/revisions\/4727"}],"wp:attachment":[{"href":"https:\/\/www.toque-musicall.com\/index.php?rest_route=%2Fwp%2Fv2%2Fmedia&parent=4726"}],"wp:term":[{"taxonomy":"category","embeddable":true,"href":"https:\/\/www.toque-musicall.com\/index.php?rest_route=%2Fwp%2Fv2%2Fcategories&post=4726"},{"taxonomy":"post_tag","embeddable":true,"href":"https:\/\/www.toque-musicall.com\/index.php?rest_route=%2Fwp%2Fv2%2Ftags&post=4726"}],"curies":[{"name":"wp","href":"https:\/\/api.w.org\/{rel}","templated":true}]}}