{"id":4738,"date":"2015-01-21T19:48:42","date_gmt":"2015-01-21T21:48:42","guid":{"rendered":"http:\/\/www.toque-musicall.com\/?p=4738"},"modified":"2015-01-21T19:48:42","modified_gmt":"2015-01-21T21:48:42","slug":"silvio-brito-panorama-mundial-1982","status":"publish","type":"post","link":"https:\/\/www.toque-musicall.com\/?p=4738","title":{"rendered":"Silvio Brito &#8211; Panorama Mundial (1982)"},"content":{"rendered":"<p><img loading=\"lazy\" decoding=\"async\" class=\"aligncenter\" alt=\"\" src=\"http:\/\/1.bp.blogspot.com\/-aYtDouczrkM\/VMAY_HJ_9hI\/AAAAAAAALAk\/Ce3Orvt9oz0\/s1600\/capap.JPG\" width=\"1600\" height=\"1585\" \/><img loading=\"lazy\" decoding=\"async\" class=\"aligncenter\" alt=\"\" src=\"http:\/\/4.bp.blogspot.com\/-s_a2ew8hKZQ\/VMAZEvAG4xI\/AAAAAAAALAs\/_oA9ycUjwDc\/s1600\/contrap.JPG\" width=\"1000\" height=\"985\" \/>Um artista personal\u00edssimo, dono de um estilo inconfund\u00edvel. Assim \u00e9 S\u00edlvio Brito, cujo \u00e1lbum de 1982 o Toque Musical oferece hoje a seus amigos cultos, ocultos e associados. Nascido na cidade mineira de Tr\u00eas Pontas (onde, por coincid\u00eancia, o carioca M\u00edlton Nascimento se criou), no dia 10 de fevereiro de 1952, S\u00edlvio Ferreira de Brito mudou-se com a fam\u00edlia para Varginha, outra cidade mineira, seis meses depois de nascido.\u00a0 \u00d3rf\u00e3o de pai aos dois anos, trabalhou na inf\u00e2ncia como engraxate, office-boy e balconista. Aos seis anos de idade, bem cedo, come\u00e7ou a cantar, participando do programa \u201cPetizada alegre\u201d, da R\u00e1dio Clube de Varginha. Gravou seu primeiro disco aos dez anos de idade, em Belo Horizonte, interpretando o cl\u00e1ssico country \u201cJambalaya\u201d,de Hank Williams. Participou de dezenas de programas de r\u00e1dio e televis\u00e3o no Rio de Janeiro e de S\u00e3o Paulo, entre eles os de C\u00e9sar de Alencar, Paulo Gracindo e Manoel Barcellos, na R\u00e1dio Nacional carioca, e, na TV, os de Ayrton Rodrigues (\u201cAlmo\u00e7o com as estrelas\u201d), Jair de Taumaturgo e J\u00falio Rosenberg, apresentando-se por todo o Brasil.\u00a0 Em 1962,foi contratado pela TV Nacional de Bras\u00edlia (hoje TV Brasil), onde apresentou um programa infantil.\u00a0 Comp\u00f4s sua primeira m\u00fasica aos doze anos, quando j\u00e1 tocava trombone e saxofone na banda do col\u00e9gio em que estudava, logo come\u00e7ando a tocar piano e viol\u00e3o nas festas escolares. Nessa \u00e9poca,\u00a0 S\u00edlvio Brito amargou o primeiro desemprego, ao ser demitido da TV Nacional por raz\u00f5es pol\u00edticas. Aos 15 anos, formou seu primeiro conjunto, Os Apaches, que gravou dois LPs interpretando hits da \u00e9poca, tais como \u201cSonho de amor\u201d, \u201cSee you in september\u201d, \u201cE por isso estou aqui\u201d, etc. Ainda adolescente, passou a compor m\u00fasicas gravadas por cantores como Ronnie Von, Ant\u00f4nio Marcos e Vanusa. Depois de oito anos nos Apaches, S\u00edlvio Brito mudou-se para S\u00e3o Paulo, onde come\u00e7ou sua carreira-solo fazendo arranjos para discos cat\u00f3licos na gravadora das Edi\u00e7\u00f5es Paulinas, e em seguida passou-se para a Continental,onde grava, em 1971,um compacto simples com as m\u00fasicas \u201cVou pra nunca mais te ver\u201d (de sua autoria) e \u201cEu amei, eu te amo, eu sempre te amarei\u201d (de Silfrancis e Jean Garfunkel). Aos 21 anos, foi residir em Nova York, onde trabalhou como lavador de pratos em uma lanchonete, mas logo voltou ao Brasil. Em 1974,o Brasil inteiro passou a conhecer S\u00edlvio Brito atrav\u00e9s de seu primeiro grande sucesso: \u201cT\u00e1 todo mundo louco\u201d, cujo in\u00edcio (\u201cEsta m\u00fasica foi feita num momento de decis\u00e3o\u201d&#8230;) \u00e9 uma par\u00f3dia de \u201cOuro de tolo\u201d, ent\u00e3o hit de Raul Seixas (que inclusive o cita carinhosamente em seu livro autobiogr\u00e1fico como o \u00fanico que fazia seu estilo musical). Lan\u00e7ada em compacto simples pela Chantecler (j\u00e1 ent\u00e3o coligada da Continental), a m\u00fasica foi uma coqueluche em todo o Brasil, dando a S\u00edlvio Brito o Trof\u00e9u Buzina do Chacrinha de revela\u00e7\u00e3o do ano.Um ano mais tarde, veio o primeiro LP, \u201cVendendo grilo\u201d, que abre com outro sucesso estrondoso: \u201cEspelho m\u00e1gico\u201d (\u2018Espelho meu, espelho meu \/ Diga se no mundo existe algu\u00e9m \/mais louco do que eu\u201d), na mesma linha \u201clouca e inteligente\u201d que passou a ser sua marca registrada. Quando S\u00edlvio foi fazer show em um hosp\u00edcio, por exemplo, os pacientes cantaram a m\u00fasica em coro junto com ele!\u00a0 Nessa \u00e9poca, apresentou,por pouco tempo, o programa \u201cHallelujah (Aleluia)\u201d, na\u00a0 extinta TV Tupi, ao lado de F\u00e1bio J\u00fanior, ent\u00e3o em princ\u00edpio de carreira.\u00a0 Participou de praticamente todos os programas de audit\u00f3rio da televis\u00e3o brasileira dos anos 1970\/80, sempre recebido com carinho por seus apresentadores.\u00a0 Outros hits conhecidos de S\u00edlvio s\u00e3o \u201cPare o mundo que eu quero descer\u201d (\u201cTem que pagar pra nascer, tem que pagar pra viver, tem que pagar pra morrer\u201d), a can\u00e7\u00e3o sertaneja \u201cCasinha\u201d, de S. Rodrigues, \u201cPor um beijo seu\u201d, \u201cTubo maluco\u201d e \u201cFilho da corrente\u201d.\u00a0 Foi um dos campe\u00f5es do quadro \u201cQual \u00e9 a m\u00fasica?\u201d, do \u201cPrograma S\u00edlvio Santos\u201d, tendo o segundo maior n\u00famero de vit\u00f3rias consecutivas , s\u00f3 perdendo para Ronnie Von. Tamb\u00e9m dedicou-se \u00e0 can\u00e7\u00e3o religiosa de cunho cat\u00f3lico, produzindo e arranjando diversos \u00e1lbuns do Padre Zezinho, seu amigo pessoal. Nessa \u00e1rea, fez sucesso com m\u00fasicas como \u201cTerra dos meus sonhos\u201d, \u201cUma luz\u201d e uma regrava\u00e7\u00e3o de \u201cUtopia\u201d, do Padre Zezinho. Em toda a sua carreira, S\u00edlvio Brito teve tr\u00eas milh\u00f5es e meio de discos vendidos, tendo recebido quatro discos de ouro. Apresentou-se tamb\u00e9m no exterior, em pa\u00edses como EUA, Espanha, It\u00e1lia, Alemanha, Uruguai, Argentina,Egito, Israel\u00a0 e, principalmente, Portugal. \u00a0Gravou mais de 30 discos, a maior parte deles independente da m\u00eddia e de grandes esquemas promocionais. Seus shows sempre atra\u00edram milh\u00f5es de pessoas,e sempre foram considerados os mais completos e emocionantes. Apresentou durante anos o primeiro programa musical da Rede Vida de Televis\u00e3o, \u201cS\u00edlvio Brito Show \u2013 Todas as caras\u201d, e hoje tem, na mesma emissora, o \u201cS\u00edlvio Brito em fam\u00edlia\u201d, onde recebe convidados num ambiente intimista, ao lado da mulher e das filhas,com a participa\u00e7\u00e3o do maestro Maur\u00edlio Marques Kobel. \u00a0Este \u201cPanorama mundial\u201d, que o TM oferece hoje, \u00e9 o quinto \u00e1lbum-solo de S\u00edlvio Brito. Lan\u00e7ado em 1982 pela extinta\u00a0 Copacabana, \u00e9 um trabalho inovador, em que S\u00edlvio se mostra bastante ecl\u00e9tico, expressando seu lado regional, irreverente, rom\u00e2ntico e m\u00edstico.\u00a0 Com produ\u00e7\u00e3o de Jorge Gambier, e arranjos de Waldemiro Lemke, Eduardo Assad e do acordeonista Sivuca, teve at\u00e9 mesmo a participa\u00e7\u00e3o especial de Tonico e Tinoco! Com um repert\u00f3rio impec\u00e1vel (que inclui at\u00e9 mesmo uma can\u00e7\u00e3o infantil, \u201cNatal do Tio Patinhas\u201d), \u00e9 por certo merecedor de toda a aten\u00e7\u00e3o. Vale a pena ouvi<a href=\"http:\/\/depositfiles.org\/files\/b9is6dl2q\" target=\"_blank\">r<\/a>!<\/p>\n<div style=\"text-align: center;\">do jeito queo diabo gosta<\/div>\n<div style=\"text-align: center;\">quem gorverna a dor<\/div>\n<div style=\"text-align: center;\">quando me olho no espelho<\/div>\n<div style=\"text-align: center;\">me toque uma can\u00e7\u00e3o dos beatles<\/div>\n<div style=\"text-align: center;\">tudo azul<\/div>\n<div style=\"text-align: center;\">se voc\u00ea voltasse agora<\/div>\n<div style=\"text-align: center;\">flores de pl\u00e1stico<\/div>\n<div style=\"text-align: center;\">z\u00e9 bento<\/div>\n<div style=\"text-align: center;\">santa catarina<\/div>\n<div style=\"text-align: center;\">terra santa<\/div>\n<div style=\"text-align: center;\">conflitos<\/div>\n<div style=\"text-align: center;\">natal do tio patinhas<\/div>\n<div><\/div>\n<div><\/div>\n<p>&nbsp;<\/p>\n<div>Texto de SAMUEL MACHADO FILHO.<\/div>\n","protected":false},"excerpt":{"rendered":"<p>Um artista personal\u00edssimo, dono de um estilo inconfund\u00edvel. Assim \u00e9 S\u00edlvio Brito, cujo \u00e1lbum de 1982 o Toque Musical oferece hoje a seus amigos cultos, ocultos e associados. Nascido na cidade mineira de Tr\u00eas Pontas (onde, por coincid\u00eancia, o carioca &hellip; <a href=\"https:\/\/www.toque-musicall.com\/?p=4738\">Continue lendo <span class=\"meta-nav\">&rarr;<\/span><\/a><\/p>\n","protected":false},"author":1,"featured_media":0,"comment_status":"open","ping_status":"closed","sticky":false,"template":"","format":"standard","meta":{"footnotes":""},"categories":[152,2497],"tags":[],"class_list":["post-4738","post","type-post","status-publish","format-standard","hentry","category-selo-copacabana","category-silvio-brito"],"_links":{"self":[{"href":"https:\/\/www.toque-musicall.com\/index.php?rest_route=\/wp\/v2\/posts\/4738","targetHints":{"allow":["GET"]}}],"collection":[{"href":"https:\/\/www.toque-musicall.com\/index.php?rest_route=\/wp\/v2\/posts"}],"about":[{"href":"https:\/\/www.toque-musicall.com\/index.php?rest_route=\/wp\/v2\/types\/post"}],"author":[{"embeddable":true,"href":"https:\/\/www.toque-musicall.com\/index.php?rest_route=\/wp\/v2\/users\/1"}],"replies":[{"embeddable":true,"href":"https:\/\/www.toque-musicall.com\/index.php?rest_route=%2Fwp%2Fv2%2Fcomments&post=4738"}],"version-history":[{"count":1,"href":"https:\/\/www.toque-musicall.com\/index.php?rest_route=\/wp\/v2\/posts\/4738\/revisions"}],"predecessor-version":[{"id":4739,"href":"https:\/\/www.toque-musicall.com\/index.php?rest_route=\/wp\/v2\/posts\/4738\/revisions\/4739"}],"wp:attachment":[{"href":"https:\/\/www.toque-musicall.com\/index.php?rest_route=%2Fwp%2Fv2%2Fmedia&parent=4738"}],"wp:term":[{"taxonomy":"category","embeddable":true,"href":"https:\/\/www.toque-musicall.com\/index.php?rest_route=%2Fwp%2Fv2%2Fcategories&post=4738"},{"taxonomy":"post_tag","embeddable":true,"href":"https:\/\/www.toque-musicall.com\/index.php?rest_route=%2Fwp%2Fv2%2Ftags&post=4738"}],"curies":[{"name":"wp","href":"https:\/\/api.w.org\/{rel}","templated":true}]}}