{"id":4740,"date":"2015-01-22T22:12:59","date_gmt":"2015-01-23T00:12:59","guid":{"rendered":"http:\/\/www.toque-musicall.com\/?p=4740"},"modified":"2015-01-22T22:12:59","modified_gmt":"2015-01-23T00:12:59","slug":"pyska-livre-de-coracao-aberto-1976","status":"publish","type":"post","link":"https:\/\/www.toque-musicall.com\/?p=4740","title":{"rendered":"Pyska &#8211; Livre De Cora\u00e7\u00e3o Aberto (1976)"},"content":{"rendered":"<p><img loading=\"lazy\" decoding=\"async\" class=\"aligncenter\" alt=\"\" src=\"http:\/\/1.bp.blogspot.com\/-cPzz2Q5L8IA\/VMGHsvB8XUI\/AAAAAAAALBE\/RdgcQ5ERxmk\/s1600\/Pyska%2B-%2BLivre%2Bde%2Bcora%C3%A7%C3%A3o%2Baberto%2Bp.JPG\" width=\"1000\" height=\"1001\" \/><img loading=\"lazy\" decoding=\"async\" class=\"aligncenter\" alt=\"\" src=\"http:\/\/1.bp.blogspot.com\/-ja275Quz5ro\/VMGHmZksWhI\/AAAAAAAALA8\/4pDWMWKMb4E\/s1600\/Pyska%2B-%2BLivre%2Bde%2Bcora%C3%A7%C3%A3o%2Baberto%2B(1)p.JPG\" width=\"1000\" height=\"998\" \/>Boa noite, amigos cultos e ocultos. Tivemos aqui nas ultimas postagens discos que est\u00e3o h\u00e1 tempos em meus arquivos, como reservas, ou mesmo para cobrir qualquer buraco. Os j\u00e1 famosos &#8216;discos de gaveta&#8217;. Aos poucos eles v\u00e3o aparecendo e para a minha surpresa, muito bem aceitos pela maioria.<br \/>\nDepois do Silvio Brito, me lembrei de um artista, quase na mesma linha popular, o compositor e guitarrista Carlos Roberto Piazzolli, o Pyska. Figura que fez parte da primeira forma\u00e7\u00e3o da banda Casa das M\u00e1quinas. Tocou tamb\u00e9m com artista como Ney Matogrosso, Gal Costa e muitos outros. Nos anos 80 passou a trabalhar com produtor de m\u00fasica sertaneja. Foi arranjador da dupla Leandro e Leonardo e continuou compondo, tendo como parceiro o produtor C\u00e9sar Augusto com quem criou diversos sucessos para o g\u00eanero pop rom\u00e2ntico. Contam que ele era um dos maiores arrecadadores de direito autoral. Fez m\u00fasica para diferentes artistas, mas principalmente para os sertanejos, Morreu no final de 2011, v\u00edtimas de problemas hep\u00e1ticos.<br \/>\nPelo que apurei, este foi seu primeiro e \u00fanico lp solo. Um \u00e1lbum lan\u00e7ado em 1976 pela EMI, muito bem produzido pelo maestro Geraldo Vespar. O trabalho \u00e9 inteiramente autoral e por aqui ele j\u00e1 nos aponta sua tend\u00eancia popular a la Roberto Carlos, mas tamb\u00e9m bem parecida com o Silvio Brito, penso e<a href=\"http:\/\/depositfiles.org\/files\/en0b41nd3\" target=\"_blank\">u<\/a>..<\/p>\n<div style=\"text-align: center;\">um amigo meu est\u00e1 ficando cego<\/div>\n<div style=\"text-align: center;\">que mundo \u00e9 esse<\/div>\n<div style=\"text-align: center;\">s\u00e9culo xx<\/div>\n<div style=\"text-align: center;\">ventos do norte<\/div>\n<div style=\"text-align: center;\">trope\u00e7os<\/div>\n<div style=\"text-align: center;\">livre de cora\u00e7\u00e3o aberto<\/div>\n<div style=\"text-align: center;\">apenas um favor<\/div>\n<div style=\"text-align: center;\">pra falar a verdade<\/div>\n<div style=\"text-align: center;\">seus motivos minhas raz\u00f5es<\/div>\n<div style=\"text-align: center;\">eu artista<\/div>\n<div style=\"text-align: center;\">la\u00e7os<\/div>\n<div style=\"text-align: center;\">pode acreditar<\/div>\n<div style=\"text-align: center;\"><\/div>\n<div style=\"text-align: center;\">.<\/div>\n","protected":false},"excerpt":{"rendered":"<p>Boa noite, amigos cultos e ocultos. Tivemos aqui nas ultimas postagens discos que est\u00e3o h\u00e1 tempos em meus arquivos, como reservas, ou mesmo para cobrir qualquer buraco. Os j\u00e1 famosos &#8216;discos de gaveta&#8217;. Aos poucos eles v\u00e3o aparecendo e para &hellip; <a href=\"https:\/\/www.toque-musicall.com\/?p=4740\">Continue lendo <span class=\"meta-nav\">&rarr;<\/span><\/a><\/p>\n","protected":false},"author":1,"featured_media":0,"comment_status":"open","ping_status":"closed","sticky":false,"template":"","format":"standard","meta":{"footnotes":""},"categories":[2498,244],"tags":[],"class_list":["post-4740","post","type-post","status-publish","format-standard","hentry","category-pyska","category-selo-emi-odeon"],"_links":{"self":[{"href":"https:\/\/www.toque-musicall.com\/index.php?rest_route=\/wp\/v2\/posts\/4740","targetHints":{"allow":["GET"]}}],"collection":[{"href":"https:\/\/www.toque-musicall.com\/index.php?rest_route=\/wp\/v2\/posts"}],"about":[{"href":"https:\/\/www.toque-musicall.com\/index.php?rest_route=\/wp\/v2\/types\/post"}],"author":[{"embeddable":true,"href":"https:\/\/www.toque-musicall.com\/index.php?rest_route=\/wp\/v2\/users\/1"}],"replies":[{"embeddable":true,"href":"https:\/\/www.toque-musicall.com\/index.php?rest_route=%2Fwp%2Fv2%2Fcomments&post=4740"}],"version-history":[{"count":1,"href":"https:\/\/www.toque-musicall.com\/index.php?rest_route=\/wp\/v2\/posts\/4740\/revisions"}],"predecessor-version":[{"id":4741,"href":"https:\/\/www.toque-musicall.com\/index.php?rest_route=\/wp\/v2\/posts\/4740\/revisions\/4741"}],"wp:attachment":[{"href":"https:\/\/www.toque-musicall.com\/index.php?rest_route=%2Fwp%2Fv2%2Fmedia&parent=4740"}],"wp:term":[{"taxonomy":"category","embeddable":true,"href":"https:\/\/www.toque-musicall.com\/index.php?rest_route=%2Fwp%2Fv2%2Fcategories&post=4740"},{"taxonomy":"post_tag","embeddable":true,"href":"https:\/\/www.toque-musicall.com\/index.php?rest_route=%2Fwp%2Fv2%2Ftags&post=4740"}],"curies":[{"name":"wp","href":"https:\/\/api.w.org\/{rel}","templated":true}]}}