{"id":4742,"date":"2015-01-23T08:09:37","date_gmt":"2015-01-23T10:09:37","guid":{"rendered":"http:\/\/www.toque-musicall.com\/?p=4742"},"modified":"2015-01-23T08:09:37","modified_gmt":"2015-01-23T10:09:37","slug":"varios-levanta-a-poeira-1977","status":"publish","type":"post","link":"https:\/\/www.toque-musicall.com\/?p=4742","title":{"rendered":"V\u00e1rios &#8211; Levanta A Poeira (1977)"},"content":{"rendered":"<p><img loading=\"lazy\" decoding=\"async\" class=\"aligncenter\" alt=\"\" src=\"http:\/\/3.bp.blogspot.com\/-ZA8vUoM6eAU\/VMITm2HqW_I\/AAAAAAAALBU\/r62iCpn3itM\/s1600\/capap.JPG\" width=\"1000\" height=\"993\" \/><img loading=\"lazy\" decoding=\"async\" class=\"aligncenter\" alt=\"\" src=\"http:\/\/3.bp.blogspot.com\/-zEX4mVl-Ots\/VMITvBk_aII\/AAAAAAAALBc\/CCmzih9MVzE\/s1600\/contrap.JPG\" width=\"1000\" height=\"998\" \/>Bom dia, amigos cultos e ocultos! Unindo o \u00fatil ao agrad\u00e1vel (ou coisa assim), aqui venho eu trazendo para voc\u00eas a postagem desta sexta feira. Digo isso, poque estou postando hoje um disco de doa\u00e7\u00e3o, feito pelo amigo F\u00e1res, que gentilmente nos ofertou e eu, como prometido, fiquei de digitalizar o lp para ele. Nessas horas, todos saem ganhado. At\u00e9 porque, o disco de hoje \u00e9 uma interessante colet\u00e2nea, com algumas faixas que vale a pena relembrar. &#8220;Levanta a poeira&#8221; foi lan\u00e7ado em 1977, trata-se de uma colet\u00e2nea daquelas tipo &#8216;salada mista&#8217;, onde a gravadora junta um pouco de tudo aquilo que tem de sucesso e faz isso, um mexid\u00e3o. Como podemos ver aqui, temos uma rela\u00e7\u00e3o de m\u00fasicas e artistas bem diferentes entre si, embora todos rezem da mesma missa, a m\u00fasica popular brasileira. Temos Geraldo Vandr\u00e9, Helena de Lima, Toquinho &amp; Vin\u00edcius, Maria Creuza e entre esses, outros nomes como Mutinho, Luiz Carlos, Clovis de Lima, Beto Scala, Diomedes e Mauro Silva, artistas que com seus fonogramas complementam esta curiosa produ\u00e7\u00e3o. Gosto de colet\u00e2neas como esta, confusas e mal trabalhadas. Sempre rola algo que estava me faltando ouvir.<br \/>\nNo mesmo ano de 1977 a Som Livre tamb\u00e9m lan\u00e7ou um disco (de samba) como t\u00edtulo bem parecido, &#8220;Levanta Poeira&#8221;, o qual, tamb\u00e9m j\u00e1 foi postado aqui no Toque Musical. Pensei at\u00e9 que fosse continua\u00e7\u00e3o da sag<a href=\"http:\/\/depositfiles.org\/files\/kczb4m73k\" target=\"_blank\">a<\/a>&#8230;<\/p>\n<div style=\"text-align: center;\">levanta a poeira &#8211; mauro silva e sua banda<\/div>\n<div style=\"text-align: center;\">sabendo usar, n\u00e3o vai faltar &#8211; luiz carlos<\/div>\n<div style=\"text-align: center;\">oi l\u00e1 &#8211; mutinho e toquinho<\/div>\n<div style=\"text-align: center;\">mas que doidice &#8211; maria creuza<\/div>\n<div style=\"text-align: center;\">porta estandarte &#8211; geraldo vandr\u00e9<\/div>\n<div style=\"text-align: center;\">ri &#8211; barrac\u00e3o &#8211; chorou, chorou &#8211; helena de lima<\/div>\n<div style=\"text-align: center;\">recado ao samba &#8211; diomedes<\/div>\n<div style=\"text-align: center;\">meu panam\u00e1 &#8211; mutinho<\/div>\n<div style=\"text-align: center;\">marcha da quarta feira de cinzas &#8211; toquinho e vin\u00edcius<\/div>\n<div style=\"text-align: center;\">rosa flor &#8211; geraldo vandr\u00e9<\/div>\n<div style=\"text-align: center;\">mo\u00e7a do cabelo cacheado &#8211; beto scala<\/div>\n<div style=\"text-align: center;\">volta por cima &#8211; clovis de lima<\/div>\n<div style=\"text-align: center;\"><\/div>\n<div style=\"text-align: center;\">.<\/div>\n","protected":false},"excerpt":{"rendered":"<p>Bom dia, amigos cultos e ocultos! Unindo o \u00fatil ao agrad\u00e1vel (ou coisa assim), aqui venho eu trazendo para voc\u00eas a postagem desta sexta feira. Digo isso, poque estou postando hoje um disco de doa\u00e7\u00e3o, feito pelo amigo F\u00e1res, que &hellip; <a href=\"https:\/\/www.toque-musicall.com\/?p=4742\">Continue lendo <span class=\"meta-nav\">&rarr;<\/span><\/a><\/p>\n","protected":false},"author":1,"featured_media":0,"comment_status":"open","ping_status":"closed","sticky":false,"template":"","format":"standard","meta":{"footnotes":""},"categories":[2503,258,1239,2504,1221,426,153,1120,1119],"tags":[],"class_list":["post-4742","post","type-post","status-publish","format-standard","hentry","category-beto-scala","category-geraldo-vandre","category-helena-de-lima","category-luiz-carlos","category-maria-creusa","category-maria-creuza","category-selo-rge","category-toquinho","category-vinicius-de-moraes"],"_links":{"self":[{"href":"https:\/\/www.toque-musicall.com\/index.php?rest_route=\/wp\/v2\/posts\/4742","targetHints":{"allow":["GET"]}}],"collection":[{"href":"https:\/\/www.toque-musicall.com\/index.php?rest_route=\/wp\/v2\/posts"}],"about":[{"href":"https:\/\/www.toque-musicall.com\/index.php?rest_route=\/wp\/v2\/types\/post"}],"author":[{"embeddable":true,"href":"https:\/\/www.toque-musicall.com\/index.php?rest_route=\/wp\/v2\/users\/1"}],"replies":[{"embeddable":true,"href":"https:\/\/www.toque-musicall.com\/index.php?rest_route=%2Fwp%2Fv2%2Fcomments&post=4742"}],"version-history":[{"count":1,"href":"https:\/\/www.toque-musicall.com\/index.php?rest_route=\/wp\/v2\/posts\/4742\/revisions"}],"predecessor-version":[{"id":4743,"href":"https:\/\/www.toque-musicall.com\/index.php?rest_route=\/wp\/v2\/posts\/4742\/revisions\/4743"}],"wp:attachment":[{"href":"https:\/\/www.toque-musicall.com\/index.php?rest_route=%2Fwp%2Fv2%2Fmedia&parent=4742"}],"wp:term":[{"taxonomy":"category","embeddable":true,"href":"https:\/\/www.toque-musicall.com\/index.php?rest_route=%2Fwp%2Fv2%2Fcategories&post=4742"},{"taxonomy":"post_tag","embeddable":true,"href":"https:\/\/www.toque-musicall.com\/index.php?rest_route=%2Fwp%2Fv2%2Ftags&post=4742"}],"curies":[{"name":"wp","href":"https:\/\/api.w.org\/{rel}","templated":true}]}}