{"id":4754,"date":"2015-01-31T22:49:57","date_gmt":"2015-02-01T00:49:57","guid":{"rendered":"http:\/\/www.toque-musicall.com\/?p=4754"},"modified":"2015-02-01T08:26:03","modified_gmt":"2015-02-01T10:26:03","slug":"os-saudosistas-os-bons-carnavais-de-ontem-1968","status":"publish","type":"post","link":"https:\/\/www.toque-musicall.com\/?p=4754","title":{"rendered":"Os Saudosistas &#8211; Os Bons Carnavais De Ontem (1968)"},"content":{"rendered":"<p><img loading=\"lazy\" decoding=\"async\" class=\"aligncenter\" alt=\"\" src=\"http:\/\/2.bp.blogspot.com\/-AD8gvsC-G6c\/VM35Lny89UI\/AAAAAAAALEQ\/vp-Xr5DbZTc\/s1600\/capap.JPG\" width=\"1000\" height=\"990\" \/><img loading=\"lazy\" decoding=\"async\" class=\"aligncenter\" alt=\"\" src=\"http:\/\/3.bp.blogspot.com\/-A3gakhunyqI\/VM35Qkbit_I\/AAAAAAAALEY\/LR_2ecdJXwc\/s1600\/contrap.JPG\" width=\"1000\" height=\"1012\" \/><\/p>\n<p>Boa noite, amigos cultos e ocultos! Ontem eu finalmente inaugurei a nova p\u00e1gina do Toque Musical no Facebook. Eu j\u00e1 tinha uma com o perfil do Augusto, mas achei melhor fazer uma outra exclusivamente para replicar as postagens do blog. Agora, toda a vez que eu fizer uma postagem aqui, ela tamb\u00e9m ser\u00e1 publicada l\u00e1 no Facebook. Convido os amigos aqui a se ligarem neste novo canal. Curtam e passem a segui-lo. O endere\u00e7o \u00e9 www.facebook.com\/blogtoquemusical.<br \/>\nComo estamos nos aproximando do Carnaval, eu vou logo esquentando os tamborins. Para preparar o esp\u00edrito carnavalesco, nada melhor que revermos antigos carnavais. Recordar antigas marchinhas e come\u00e7ar a cair na folia.<br \/>\nTenho para hoje este lp lan\u00e7ado pela Odeon, atrav\u00e9s de seu selo Imperial. Como de costume, os discos da Imperial nem sempre nos traz informa\u00e7\u00f5es relevantes sobre o trabalho. Muitas vezes at\u00e9, parece que buscam mesmo um certo mist\u00e9rio. &#8220;Os Saudosistas&#8221;, por exemplo, deve ter sido apenas um bom nome criado para dar uma certa identidade ao \u00e1lbum. Mas aqui pouco interessa quem s\u00e3o, o que vale mesmo \u00e9 o conte\u00fado musical. Neste caso, temos um desfile dos mais diferentes cl\u00e1ssicos carnavalescos, em sua maioria das d\u00e9cadas de 30 e 40. Marchinhas e sambas arranjadas em forma de &#8216;pot-pourri&#8217;, dando \u00e0s m\u00fasicas uma din\u00e2mica apropriada, sem pausa para o foli\u00e3o. O disco se divide em seis longas faixas, mas aqui eu preferi desmembrar uma delas, onde h\u00e1 um corte mal feito na edi\u00e7\u00e3o, criei assim sete &#8216;pot-pourris&#8217;. Verificando aqui agora, percebo que este disco eu j\u00e1 havia postado. Por\u00e9m, o original, lan\u00e7ado em 1959, apresenta uma outra capa e com outro nome (Carnaval de Outros Tempos). Seja como for, esta postagem t\u00e1 valendo. Quem foi que disse que os discos aqui n\u00e3o voltam? Confira<a href=\"http:\/\/depositfiles.org\/files\/igxxnlqr6\" target=\"_blank\">m<\/a>!<\/p>\n<div align=\"center\">madureira chorou<\/div>\n<div align=\"center\">rosa maria<\/div>\n<div align=\"center\">se \u00e9 pecado sambar<\/div>\n<div align=\"center\">madalena<\/div>\n<div align=\"center\">tumba l\u00ea l\u00ea<\/div>\n<div align=\"center\">deixa a lua socegada<\/div>\n<div align=\"center\">saca-rolha<\/div>\n<div align=\"center\">china-pau<\/div>\n<div align=\"center\">zum zum<\/div>\n<div align=\"center\">pescador<\/div>\n<div align=\"center\">ai! morena<\/div>\n<div align=\"center\">n\u00e3o me diga adeus<\/div>\n<div align=\"center\">recodar<\/div>\n<div align=\"center\">enlouqueci<\/div>\n<div align=\"center\">vai que depois eu vou<\/div>\n<div align=\"center\">\u00e9 com esse que eu vou<\/div>\n<div align=\"center\">general da banda<\/div>\n<div align=\"center\">touradas de madrid<\/div>\n<div align=\"center\">a mulher do padeiro<\/div>\n<div align=\"center\">clube dos barrigudos<\/div>\n<div align=\"center\">maria rosa<\/div>\n<div align=\"center\">marcha do gago<\/div>\n<div align=\"center\">imp\u00e9rio do samba<\/div>\n<div align=\"center\">fac\u00e3o bateu embaixo<\/div>\n<div align=\"center\">despedida de magueira<\/div>\n<div align=\"center\">promessa<\/div>\n<div align=\"center\">grau 10<\/div>\n<div align=\"center\">eva querida<\/div>\n<div align=\"center\">n\u00f3s os carecas<\/div>\n<div align=\"center\">segura essa mulher<\/div>\n<div align=\"center\">daqui n\u00e3o saio<\/div>\n<div align=\"center\">tomara que chova<\/div>\n<p>&nbsp;<\/p>\n<div align=\"center\"><\/div>\n<div><\/div>\n<p>&nbsp;<\/p>\n<div><\/div>\n","protected":false},"excerpt":{"rendered":"<p>Boa noite, amigos cultos e ocultos! Ontem eu finalmente inaugurei a nova p\u00e1gina do Toque Musical no Facebook. Eu j\u00e1 tinha uma com o perfil do Augusto, mas achei melhor fazer uma outra exclusivamente para replicar as postagens do blog. &hellip; <a href=\"https:\/\/www.toque-musicall.com\/?p=4754\">Continue lendo <span class=\"meta-nav\">&rarr;<\/span><\/a><\/p>\n","protected":false},"author":1,"featured_media":0,"comment_status":"open","ping_status":"closed","sticky":false,"template":"","format":"standard","meta":{"footnotes":""},"categories":[1],"tags":[],"class_list":["post-4754","post","type-post","status-publish","format-standard","hentry","category-sem-categoria"],"_links":{"self":[{"href":"https:\/\/www.toque-musicall.com\/index.php?rest_route=\/wp\/v2\/posts\/4754","targetHints":{"allow":["GET"]}}],"collection":[{"href":"https:\/\/www.toque-musicall.com\/index.php?rest_route=\/wp\/v2\/posts"}],"about":[{"href":"https:\/\/www.toque-musicall.com\/index.php?rest_route=\/wp\/v2\/types\/post"}],"author":[{"embeddable":true,"href":"https:\/\/www.toque-musicall.com\/index.php?rest_route=\/wp\/v2\/users\/1"}],"replies":[{"embeddable":true,"href":"https:\/\/www.toque-musicall.com\/index.php?rest_route=%2Fwp%2Fv2%2Fcomments&post=4754"}],"version-history":[{"count":1,"href":"https:\/\/www.toque-musicall.com\/index.php?rest_route=\/wp\/v2\/posts\/4754\/revisions"}],"predecessor-version":[{"id":4755,"href":"https:\/\/www.toque-musicall.com\/index.php?rest_route=\/wp\/v2\/posts\/4754\/revisions\/4755"}],"wp:attachment":[{"href":"https:\/\/www.toque-musicall.com\/index.php?rest_route=%2Fwp%2Fv2%2Fmedia&parent=4754"}],"wp:term":[{"taxonomy":"category","embeddable":true,"href":"https:\/\/www.toque-musicall.com\/index.php?rest_route=%2Fwp%2Fv2%2Fcategories&post=4754"},{"taxonomy":"post_tag","embeddable":true,"href":"https:\/\/www.toque-musicall.com\/index.php?rest_route=%2Fwp%2Fv2%2Ftags&post=4754"}],"curies":[{"name":"wp","href":"https:\/\/api.w.org\/{rel}","templated":true}]}}