{"id":4757,"date":"2015-02-02T22:42:59","date_gmt":"2015-02-03T00:42:59","guid":{"rendered":"http:\/\/www.toque-musicall.com\/?p=4757"},"modified":"2015-02-03T23:56:45","modified_gmt":"2015-02-04T01:56:45","slug":"feb-2-sambas-enredos-dos-blocos-carnavalesco-do-estado-da-guanabara-75-1-grupo-1975","status":"publish","type":"post","link":"https:\/\/www.toque-musicall.com\/?p=4757","title":{"rendered":"Sambas Enredos Dos Blocos Carnavalesco Do Estado Da Guanabara &#8217;75 &#8211; 1. Grupo (1975)"},"content":{"rendered":"<p><img loading=\"lazy\" decoding=\"async\" class=\"aligncenter\" alt=\"\" src=\"http:\/\/2.bp.blogspot.com\/-em0Oe1GKY0A\/VNAqAvR32dI\/AAAAAAAALEs\/eVgrp4pfo00\/s1600\/capap.JPG\" width=\"1000\" height=\"1012\" \/><img loading=\"lazy\" decoding=\"async\" class=\"aligncenter\" alt=\"\" src=\"http:\/\/2.bp.blogspot.com\/--EWR_BLA-VI\/VNAqFQMRQnI\/AAAAAAAALE0\/pK7SOvgveiw\/s1600\/contrap.JPG\" width=\"1000\" height=\"1030\" \/>Boa noite, amigos cultos e ocultos! Seguindo a tradi\u00e7\u00e3o, fevereiro \u00e9 m\u00eas de Carnaval e por aqui a gente vai dando aqueles pulinhos, trazendo de volta lembran\u00e7as de outras tantas festas. \u00c9 incr\u00edvel como tem discos ligados ao tema. Eu todo ano, nessa \u00e9poca, tenho postado discos de carnaval e parece que eles nunca acabam. Desta vez eu separei uma meia d\u00fazia de t\u00edtulos, os quais eu irei publicando at\u00e9 antes da quarta feira de cinzas.<br \/>\nTemos aqui um interessante lp lan\u00e7ado pela Tapecar. Produ\u00e7\u00e3o da Federa\u00e7\u00e3o (federa\u00e7\u00e3o?) dos Blocos Carnavalescos da Guanabara, apresentado os sambas enredos dos blocos carnavalescos do antigo Estado para 1975. Dizem que samba enredo \u00e9 tudo igual. Talvez em sua ess\u00eancia, assim como o blues americano. Mas h\u00e1 algo de diferente em alguns nessa coisa sempre igua<a href=\"http:\/\/depositfiles.org\/files\/50bbc7ss9\" target=\"_blank\">l<\/a>.<\/p>\n<div style=\"text-align: center;\">festa junina em dia de carnaval &#8211; bafo do bode<\/div>\n<div style=\"text-align: center;\">m\u00e1scaras e plumas &#8211; vai se quiser<\/div>\n<div style=\"text-align: center;\">brasil, cultura e progresso &#8211; unidos do cabral<\/div>\n<div style=\"text-align: center;\">paran\u00e1 e a dan\u00e7a das fitas &#8211; cara de boi<\/div>\n<div style=\"text-align: center;\">o talism\u00e3 sagrado &#8211; do barriga<\/div>\n<div style=\"text-align: center;\">camafeu de oxossi &#8211; unidos da vila kennedy<\/div>\n<div style=\"text-align: center;\">revivendo o cassino da urca &#8211; flor da mina do andara\u00ed<\/div>\n<div style=\"text-align: center;\">sua majestade miss brasil &#8211; quem quiser pode vir<\/div>\n<div style=\"text-align: center;\">pra\u00e7a onze, a boa pra\u00e7a do carnaval &#8211; le\u00e3o de igua\u00e7u<\/div>\n<div style=\"text-align: center;\">o prazer dos prazeres &#8211; mocidade de s\u00e3o mateus<\/div>\n<div style=\"text-align: center;\">o principe do efan &#8211; vila rica<\/div>\n<div style=\"text-align: center;\">o negro de ontem e de hoje &#8211; unidos do cantagalo<\/div>\n<div style=\"text-align: center;\"><\/div>\n<div style=\"text-align: center;\">.<\/div>\n","protected":false},"excerpt":{"rendered":"<p>Boa noite, amigos cultos e ocultos! Seguindo a tradi\u00e7\u00e3o, fevereiro \u00e9 m\u00eas de Carnaval e por aqui a gente vai dando aqueles pulinhos, trazendo de volta lembran\u00e7as de outras tantas festas. \u00c9 incr\u00edvel como tem discos ligados ao tema. Eu &hellip; <a href=\"https:\/\/www.toque-musicall.com\/?p=4757\">Continue lendo <span class=\"meta-nav\">&rarr;<\/span><\/a><\/p>\n","protected":false},"author":1,"featured_media":0,"comment_status":"open","ping_status":"closed","sticky":false,"template":"","format":"standard","meta":{"footnotes":""},"categories":[2508,263,195],"tags":[],"class_list":["post-4757","post","type-post","status-publish","format-standard","hentry","category-blocos-carnavalescos-do-estado-da-guanabara","category-carnaval","category-selo-tapecar"],"_links":{"self":[{"href":"https:\/\/www.toque-musicall.com\/index.php?rest_route=\/wp\/v2\/posts\/4757","targetHints":{"allow":["GET"]}}],"collection":[{"href":"https:\/\/www.toque-musicall.com\/index.php?rest_route=\/wp\/v2\/posts"}],"about":[{"href":"https:\/\/www.toque-musicall.com\/index.php?rest_route=\/wp\/v2\/types\/post"}],"author":[{"embeddable":true,"href":"https:\/\/www.toque-musicall.com\/index.php?rest_route=\/wp\/v2\/users\/1"}],"replies":[{"embeddable":true,"href":"https:\/\/www.toque-musicall.com\/index.php?rest_route=%2Fwp%2Fv2%2Fcomments&post=4757"}],"version-history":[{"count":2,"href":"https:\/\/www.toque-musicall.com\/index.php?rest_route=\/wp\/v2\/posts\/4757\/revisions"}],"predecessor-version":[{"id":4759,"href":"https:\/\/www.toque-musicall.com\/index.php?rest_route=\/wp\/v2\/posts\/4757\/revisions\/4759"}],"wp:attachment":[{"href":"https:\/\/www.toque-musicall.com\/index.php?rest_route=%2Fwp%2Fv2%2Fmedia&parent=4757"}],"wp:term":[{"taxonomy":"category","embeddable":true,"href":"https:\/\/www.toque-musicall.com\/index.php?rest_route=%2Fwp%2Fv2%2Fcategories&post=4757"},{"taxonomy":"post_tag","embeddable":true,"href":"https:\/\/www.toque-musicall.com\/index.php?rest_route=%2Fwp%2Fv2%2Ftags&post=4757"}],"curies":[{"name":"wp","href":"https:\/\/api.w.org\/{rel}","templated":true}]}}