{"id":476,"date":"2011-04-29T11:08:00","date_gmt":"2011-04-29T11:08:00","guid":{"rendered":"http:\/\/www.toque-musicall.com\/?p=476"},"modified":"2011-04-29T11:08:00","modified_gmt":"2011-04-29T11:08:00","slug":"amadeu-cavalcante-estrela-do-cabo-norte-1991","status":"publish","type":"post","link":"https:\/\/www.toque-musicall.com\/?p=476","title":{"rendered":"Amadeu Cavalcante &#8211; Estrela Do Cabo Norte (1991)"},"content":{"rendered":"<div style=\"clear: both; text-align: center;\"><a href=\"http:\/\/2.bp.blogspot.com\/-smFEX0c-naI\/TbqOrwhgsHI\/AAAAAAAAH-o\/dyhfets0L24\/s1600\/amadeu+P.JPG\" style=\"margin-left: 1em; margin-right: 1em;\"><img loading=\"lazy\" decoding=\"async\" border=\"0\" height=\"393\" src=\"http:\/\/2.bp.blogspot.com\/-smFEX0c-naI\/TbqOrwhgsHI\/AAAAAAAAH-o\/dyhfets0L24\/s400\/amadeu+P.JPG\" width=\"400\" \/><\/a><\/div>\n<p>Bom dia, amigos cultos e ocultos! Ontem, por alguma raz\u00e3o que eu desconhe\u00e7o, n\u00e3o foi poss\u00edvel manter o habitual contato medi\u00fanico com meus amigos artistas, l\u00e1 do c\u00e9u. Eles n\u00e3o tiveram como acessar aos coment\u00e1rios do blog para nos trazer o &#8216;toque musical&#8217; do dia. Sinceramente, pensei que fosse mais um ataque de algum furibundo invejoso. Sabem como \u00e9, gato escaldado fica mais esperto&#8230; Felizmente, hoje, parece que tudo voltou ao normal. Bom para todo n\u00f3s \ud83d\ude42<br \/>Hoje, sexta feira, \u00e9 dia de disco\/artista independente. Estou trazendo para voc\u00eas um artista pouco conhecido aqui para as bandas do sul, o amapaense Amadeu Cavalcante. Eu mesmo, s\u00f3 vim a conhec\u00ea-lo h\u00e1 pouco tempo atr\u00e1s, atrav\u00e9s do Quarteto Senzalas, do qual ele \u00e9 um integrante. Amadeu iniciou sua trajet\u00f3ria musical cantando em bares de Macap\u00e1, na d\u00e9cada de 80. Gravou seu primeiro disco, &#8220;Sentinela Nortente&#8221; em 1989, numa parceria com outro compositor da terra, Osmar Junior. O \u00e1lbum &#8220;Estrela do Cabo Norte&#8221;, foi seu segundo disco. Gravado no Rio de Janeiro em 1991, teve desta vez uma produ\u00e7\u00e3o primorosa atrav\u00e9s do selo independente Outros Brasis, de Bel\u00e9m do Par\u00e1. Participam do \u00e1lbum diversos artistas, como os m\u00fasicos Fernando Carvalho, Osmar Junior, Jacques Morelenbaum, Nilson Chaves, Val Milhomem e outros&#8230;<br \/>O repert\u00f3rio de &#8220;Estrela do Cabo do Norte&#8221; \u00e9 formado por composi\u00e7\u00f5es, em sua maioria, do amigo e parceiro Osmar Junior, mas tamb\u00e9m h\u00e1 espa\u00e7o para outras parcerias e composi\u00e7\u00f5es de artistas da regi\u00e3o Norte. As m\u00fasicas s\u00e3o mesmo muito boas, tanto na composi\u00e7\u00e3o como na interpreta\u00e7\u00e3o. M\u00fasica brasileira aut\u00eantica, sem influ\u00eancias estrangeiras e que vai muito al\u00e9m do regional. Um belo disco, podem conferir&#8230;<\/p>\n<div style=\"text-align: center;\">jardim infame<\/div>\n<div style=\"text-align: center;\">da paix\u00e3o<\/div>\n<div style=\"text-align: center;\">mortas paix\u00f5es<\/div>\n<div style=\"text-align: center;\">sama\u00fama<\/div>\n<div style=\"text-align: center;\">dessas lan\u00e7antes<\/div>\n<div style=\"text-align: center;\">de bubuia<\/div>\n<div style=\"text-align: center;\">fruto teu<\/div>\n<div style=\"text-align: center;\">p\u00e9rola<\/div>\n<div style=\"text-align: center;\">estrela do cabo norte<\/div>\n<div style=\"text-align: center;\">dos quintais do brasil<\/div>\n<div style=\"text-align: center;\">abrigo para um violeiro andante<\/div>\n<div style=\"text-align: center;\">caminhos do cora\u00e7\u00e3o<\/div>\n<div style=\"text-align: center;\"><\/div>\n<div style=\"text-align: center;\"><\/div>\n","protected":false},"excerpt":{"rendered":"<p>Bom dia, amigos cultos e ocultos! Ontem, por alguma raz\u00e3o que eu desconhe\u00e7o, n\u00e3o foi poss\u00edvel manter o habitual contato medi\u00fanico com meus amigos artistas, l\u00e1 do c\u00e9u. Eles n\u00e3o tiveram como acessar aos coment\u00e1rios do blog para nos trazer &hellip; <a href=\"https:\/\/www.toque-musicall.com\/?p=476\">Continue lendo <span class=\"meta-nav\">&rarr;<\/span><\/a><\/p>\n","protected":false},"author":1,"featured_media":0,"comment_status":"open","ping_status":"closed","sticky":false,"template":"","format":"standard","meta":{"footnotes":""},"categories":[754,25,755],"tags":[],"class_list":["post-476","post","type-post","status-publish","format-standard","hentry","category-amadeu-cavalcante","category-selo-independente","category-selo-outros-brasis"],"_links":{"self":[{"href":"https:\/\/www.toque-musicall.com\/index.php?rest_route=\/wp\/v2\/posts\/476","targetHints":{"allow":["GET"]}}],"collection":[{"href":"https:\/\/www.toque-musicall.com\/index.php?rest_route=\/wp\/v2\/posts"}],"about":[{"href":"https:\/\/www.toque-musicall.com\/index.php?rest_route=\/wp\/v2\/types\/post"}],"author":[{"embeddable":true,"href":"https:\/\/www.toque-musicall.com\/index.php?rest_route=\/wp\/v2\/users\/1"}],"replies":[{"embeddable":true,"href":"https:\/\/www.toque-musicall.com\/index.php?rest_route=%2Fwp%2Fv2%2Fcomments&post=476"}],"version-history":[{"count":0,"href":"https:\/\/www.toque-musicall.com\/index.php?rest_route=\/wp\/v2\/posts\/476\/revisions"}],"wp:attachment":[{"href":"https:\/\/www.toque-musicall.com\/index.php?rest_route=%2Fwp%2Fv2%2Fmedia&parent=476"}],"wp:term":[{"taxonomy":"category","embeddable":true,"href":"https:\/\/www.toque-musicall.com\/index.php?rest_route=%2Fwp%2Fv2%2Fcategories&post=476"},{"taxonomy":"post_tag","embeddable":true,"href":"https:\/\/www.toque-musicall.com\/index.php?rest_route=%2Fwp%2Fv2%2Ftags&post=476"}],"curies":[{"name":"wp","href":"https:\/\/api.w.org\/{rel}","templated":true}]}}