{"id":477,"date":"2011-04-28T10:49:00","date_gmt":"2011-04-28T10:49:00","guid":{"rendered":"http:\/\/www.toque-musicall.com\/?p=477"},"modified":"2011-04-28T10:49:00","modified_gmt":"2011-04-28T10:49:00","slug":"leo-peracchi-e-suas-cordas-carioca-sambas-e-violinos-1958","status":"publish","type":"post","link":"https:\/\/www.toque-musicall.com\/?p=477","title":{"rendered":"Leo Peracchi E Suas Cordas Carioca &#8211; Sambas E Violinos (1958)"},"content":{"rendered":"<div style=\"clear: both; text-align: center;\"><a href=\"http:\/\/1.bp.blogspot.com\/-q9_P51zOOAc\/Tbk0THzqf_I\/AAAAAAAAH-g\/C7--H24IWfI\/s1600\/leo+P.JPG\" style=\"margin-left: 1em; margin-right: 1em;\"><img loading=\"lazy\" decoding=\"async\" border=\"0\" height=\"400\" src=\"http:\/\/1.bp.blogspot.com\/-q9_P51zOOAc\/Tbk0THzqf_I\/AAAAAAAAH-g\/C7--H24IWfI\/s400\/leo+P.JPG\" width=\"393\" \/><\/a><\/div>\n<div style=\"clear: both; text-align: left;\">Bom dia a todos! Nesta semana eu tenho andado meio travado, trabalhando meio que no autom\u00e1tico. Da\u00ed as postagens v\u00e3o saindo\u00a0muito iguais e\u00a0sem sabor. Desculpem, ando com a cabe\u00e7a em outro mundo. Como j\u00e1 disse, abril \u00e9 um m\u00eas complicado para mim.<\/div>\n<div style=\"clear: both; text-align: left;\">Temos \u00a0hoje e novamente o Maestro Leo Peracchi com suas &#8216;Cordas Cariocas&#8217;, em &#8220;Sambas e Violinos&#8221;. O disco, lan\u00e7ado no final dos anos 50, se caracteriza bem aos moldes de tantos outros lan\u00e7ados nessa \u00e9poca, ou seja, uma orquestra sinf\u00f4nica a servi\u00e7o da m\u00fasica popular, no caso aqui, o samba. Temos no lp as doze conv\u00eancionais faixas, reunindo uma s\u00e9rie de sambas cl\u00e1ssicos, em belos arranjos, onde se destacam (obviamente) os instrumentos de corda. Ao contr\u00e1rio de tantos outros discos orquestrais (na minha modesta opini\u00e3o), este n\u00e3o me soa chato. Talvez por trazer na ess\u00eancia um tipo de m\u00fasica familiar e popular, o samba. Os violinos e outras cordas cariocas d\u00e3o o tom de suavidade. As m\u00fasicas come\u00e7am e terminam como um sopro de brisa, entrando pelas janelas do apartamento, acalmando poss\u00edveis repiques, batuques e batucadas que ecoam dos morros mais pr\u00f3ximos.\u00a0<\/div>\n<div style=\"clear: both; text-align: left;\"><\/div>\n<div style=\"clear: both; text-align: center;\">concei\u00e7\u00e3o<\/div>\n<div style=\"clear: both; text-align: center;\">se voc\u00ea jurar<\/div>\n<div style=\"clear: both; text-align: center;\">saia do meu caminho<\/div>\n<div style=\"clear: both; text-align: center;\">na batucada da vida<\/div>\n<div style=\"clear: both; text-align: center;\">can\u00e7\u00e3o da volta<\/div>\n<div style=\"clear: both; text-align: center;\">falta de consci\u00eancia<\/div>\n<div style=\"clear: both; text-align: center;\">a\u00ed que saudade da am\u00e9lia<\/div>\n<div style=\"clear: both; text-align: center;\">ai yoyo (linda flor)<\/div>\n<div style=\"clear: both; text-align: center;\">agora \u00e9 cinza<\/div>\n<div style=\"clear: both; text-align: center;\">can\u00e7\u00e3o de amor<\/div>\n<div style=\"clear: both; text-align: center;\">sentinela alerta<\/div>\n<div style=\"clear: both; text-align: center;\">maria boa<\/div>\n<div style=\"clear: both; text-align: center;\"><\/div>\n<div style=\"clear: both; text-align: center;\"><\/div>\n","protected":false},"excerpt":{"rendered":"<p>Bom dia a todos! Nesta semana eu tenho andado meio travado, trabalhando meio que no autom\u00e1tico. Da\u00ed as postagens v\u00e3o saindo\u00a0muito iguais e\u00a0sem sabor. Desculpem, ando com a cabe\u00e7a em outro mundo. Como j\u00e1 disse, abril \u00e9 um m\u00eas complicado &hellip; <a href=\"https:\/\/www.toque-musicall.com\/?p=477\">Continue lendo <span class=\"meta-nav\">&rarr;<\/span><\/a><\/p>\n","protected":false},"author":1,"featured_media":0,"comment_status":"open","ping_status":"closed","sticky":false,"template":"","format":"standard","meta":{"footnotes":""},"categories":[450],"tags":[],"class_list":["post-477","post","type-post","status-publish","format-standard","hentry","category-leo-peracchi"],"_links":{"self":[{"href":"https:\/\/www.toque-musicall.com\/index.php?rest_route=\/wp\/v2\/posts\/477","targetHints":{"allow":["GET"]}}],"collection":[{"href":"https:\/\/www.toque-musicall.com\/index.php?rest_route=\/wp\/v2\/posts"}],"about":[{"href":"https:\/\/www.toque-musicall.com\/index.php?rest_route=\/wp\/v2\/types\/post"}],"author":[{"embeddable":true,"href":"https:\/\/www.toque-musicall.com\/index.php?rest_route=\/wp\/v2\/users\/1"}],"replies":[{"embeddable":true,"href":"https:\/\/www.toque-musicall.com\/index.php?rest_route=%2Fwp%2Fv2%2Fcomments&post=477"}],"version-history":[{"count":0,"href":"https:\/\/www.toque-musicall.com\/index.php?rest_route=\/wp\/v2\/posts\/477\/revisions"}],"wp:attachment":[{"href":"https:\/\/www.toque-musicall.com\/index.php?rest_route=%2Fwp%2Fv2%2Fmedia&parent=477"}],"wp:term":[{"taxonomy":"category","embeddable":true,"href":"https:\/\/www.toque-musicall.com\/index.php?rest_route=%2Fwp%2Fv2%2Fcategories&post=477"},{"taxonomy":"post_tag","embeddable":true,"href":"https:\/\/www.toque-musicall.com\/index.php?rest_route=%2Fwp%2Fv2%2Ftags&post=477"}],"curies":[{"name":"wp","href":"https:\/\/api.w.org\/{rel}","templated":true}]}}