{"id":4774,"date":"2015-02-11T16:59:41","date_gmt":"2015-02-11T18:59:41","guid":{"rendered":"http:\/\/www.toque-musicall.com\/?p=4774"},"modified":"2015-02-12T07:05:17","modified_gmt":"2015-02-12T09:05:17","slug":"lindo-lindo-lindo-ninguem-segura-o-carnaval-71-1970","status":"publish","type":"post","link":"https:\/\/www.toque-musicall.com\/?p=4774","title":{"rendered":"Lindo! Lindo! Lindo!&#8230; Ningu\u00e9m Segura O Carnaval 71 (1970)"},"content":{"rendered":"<p><img loading=\"lazy\" decoding=\"async\" class=\"aligncenter\" alt=\"\" src=\"http:\/\/3.bp.blogspot.com\/-lVqY2U0Ozsc\/VNwCT5bUgRI\/AAAAAAAALHY\/COvqGgmg9HQ\/s1600\/capap.JPG\" width=\"1000\" height=\"1009\" \/><img loading=\"lazy\" decoding=\"async\" class=\"aligncenter\" alt=\"\" src=\"http:\/\/4.bp.blogspot.com\/-1R9ZH18pgkA\/VNwCttFnwSI\/AAAAAAAALHg\/6B1BXlOA23U\/s1600\/contrap.JPG\" width=\"1000\" height=\"1011\" \/>Ol\u00e1, prezados amigos cultos e ocultos! Carnaval ta\u00ed&#8230; e a gente aqui j\u00e1 pronto pra cair na folia (ou n\u00e3o?). Seguindo rumo a festa, vamos agora relembrar o Carnaval de 1971. Boa safra essa tamb\u00e9m e para este lp n\u00e3o h\u00e1 o que reclamar. Tem Lana Bitencourt, Gilberto Milfont, Francisco Carlos, Genival Lacerda e outros mais&#8230; Lan\u00e7ado no final de 1970, pelo selo Fontana para anunciar o Carnaval de fevereiro de 71. \u00a0Boas marchas, bons interpretes. Lindo! Lindo! Lind<a href=\"http:\/\/depositfiles.org\/files\/rvgj2nd9c\" target=\"_blank\">o<\/a>!&#8230;<\/p>\n<div style=\"text-align: center;\">fanfarra &#8211; lana bitencourt<\/div>\n<div style=\"text-align: center;\">adeus amor &#8211; gilberto milfont<\/div>\n<div style=\"text-align: center;\">marcha do anjinho &#8211; nadia maria<\/div>\n<div style=\"text-align: center;\">o len\u00e7o e a rosa &#8211; eugenio gonzaga<\/div>\n<div style=\"text-align: center;\">gondoleiro de veneza &#8211; gilberto milfont<\/div>\n<div style=\"text-align: center;\">e n\u00f3s dois a cantar &#8211; lana bitencourt<\/div>\n<div style=\"text-align: center;\">fundiu a cuca &#8211; roberto muniz<\/div>\n<div style=\"text-align: center;\">n\u00e3o quero demanda &#8211; mirian goulart<\/div>\n<div style=\"text-align: center;\">ningu\u00e9m segura mais meu boi &#8211; genival lacerda<\/div>\n<div style=\"text-align: center;\">pra c\u00e1 e pra l\u00e1 &#8211; eugenio gonzaga<\/div>\n<div style=\"text-align: center;\">ser ou n\u00e3o ser &#8211; eddy fontana<\/div>\n<div style=\"text-align: center;\">sempre um amor &#8211; helio chaves<\/div>\n<div style=\"text-align: center;\">maria &#8211; leo vaz<\/div>\n<div style=\"text-align: center;\">passarada &#8211; bolivar<\/div>\n<div style=\"text-align: center;\">rio \u00e9 carnaval &#8211; francisco carlos<\/div>\n<div style=\"text-align: center;\">alegria rapaz &#8211; helio chaves<\/div>\n<div style=\"text-align: center;\"><\/div>\n<div style=\"text-align: center;\">.<\/div>\n","protected":false},"excerpt":{"rendered":"<p>Ol\u00e1, prezados amigos cultos e ocultos! Carnaval ta\u00ed&#8230; e a gente aqui j\u00e1 pronto pra cair na folia (ou n\u00e3o?). Seguindo rumo a festa, vamos agora relembrar o Carnaval de 1971. Boa safra essa tamb\u00e9m e para este lp n\u00e3o &hellip; <a href=\"https:\/\/www.toque-musicall.com\/?p=4774\">Continue lendo <span class=\"meta-nav\">&rarr;<\/span><\/a><\/p>\n","protected":false},"author":1,"featured_media":0,"comment_status":"open","ping_status":"closed","sticky":false,"template":"","format":"standard","meta":{"footnotes":""},"categories":[263,2516,216,1059,120,162],"tags":[],"class_list":["post-4774","post","type-post","status-publish","format-standard","hentry","category-carnaval","category-carnaval-71","category-francisco-carlos","category-genival-lacerda","category-gilberto-milfont","category-lana-bittencourt"],"_links":{"self":[{"href":"https:\/\/www.toque-musicall.com\/index.php?rest_route=\/wp\/v2\/posts\/4774","targetHints":{"allow":["GET"]}}],"collection":[{"href":"https:\/\/www.toque-musicall.com\/index.php?rest_route=\/wp\/v2\/posts"}],"about":[{"href":"https:\/\/www.toque-musicall.com\/index.php?rest_route=\/wp\/v2\/types\/post"}],"author":[{"embeddable":true,"href":"https:\/\/www.toque-musicall.com\/index.php?rest_route=\/wp\/v2\/users\/1"}],"replies":[{"embeddable":true,"href":"https:\/\/www.toque-musicall.com\/index.php?rest_route=%2Fwp%2Fv2%2Fcomments&post=4774"}],"version-history":[{"count":1,"href":"https:\/\/www.toque-musicall.com\/index.php?rest_route=\/wp\/v2\/posts\/4774\/revisions"}],"predecessor-version":[{"id":4775,"href":"https:\/\/www.toque-musicall.com\/index.php?rest_route=\/wp\/v2\/posts\/4774\/revisions\/4775"}],"wp:attachment":[{"href":"https:\/\/www.toque-musicall.com\/index.php?rest_route=%2Fwp%2Fv2%2Fmedia&parent=4774"}],"wp:term":[{"taxonomy":"category","embeddable":true,"href":"https:\/\/www.toque-musicall.com\/index.php?rest_route=%2Fwp%2Fv2%2Fcategories&post=4774"},{"taxonomy":"post_tag","embeddable":true,"href":"https:\/\/www.toque-musicall.com\/index.php?rest_route=%2Fwp%2Fv2%2Ftags&post=4774"}],"curies":[{"name":"wp","href":"https:\/\/api.w.org\/{rel}","templated":true}]}}