{"id":478,"date":"2011-04-28T00:57:00","date_gmt":"2011-04-28T00:57:00","guid":{"rendered":"http:\/\/www.toque-musicall.com\/?p=478"},"modified":"2011-04-28T00:57:00","modified_gmt":"2011-04-28T00:57:00","slug":"marilia-pera-elas-por-ela-1990","status":"publish","type":"post","link":"https:\/\/www.toque-musicall.com\/?p=478","title":{"rendered":"Mar\u00edlia P\u00eara &#8211; Elas Por Ela (1990)"},"content":{"rendered":"<div style=\"clear: both; text-align: center;\"><a href=\"http:\/\/1.bp.blogspot.com\/-Bd-nRCWIc7A\/Tbf6lE8ex1I\/AAAAAAAAH-Q\/H5hfHmNHZlI\/s1600\/marilia+pera+P.JPG\" style=\"margin-left: 1em; margin-right: 1em;\"><img loading=\"lazy\" decoding=\"async\" border=\"0\" height=\"400\" src=\"http:\/\/1.bp.blogspot.com\/-Bd-nRCWIc7A\/Tbf6lE8ex1I\/AAAAAAAAH-Q\/H5hfHmNHZlI\/s400\/marilia+pera+P.JPG\" width=\"400\" \/><\/a><\/div>\n<div style=\"clear: both; text-align: left;\">Boa noite, amigos cultos e ocultos! Sempre correndo, aqui vou eu, aproveitando a brecha&#8230;<\/div>\n<div style=\"clear: both; text-align: left;\">Hoje eu estou trazendo um disco que h\u00e1 muito j\u00e1 devia estar postado aqui. Comprei este \u00e1lbum (duplo!) numa banca de sald\u00e3o, em Sampa, logo que foi lan\u00e7ado. Acho que na \u00e9poca, o vendedor nem percebeu isso e liberou a bolacha por uma bagatela. Mas, assim como veio barato para mim, tamb\u00e9m acabei o vendendo nas mesmas condi\u00e7\u00f5es. S\u00f3 me arrependi de n\u00e3o ter feito uma c\u00f3pia. Por\u00e9m, mais uma vez, ele volta \u00e0s minhas m\u00e3os, gra\u00e7as \u00e0 colabora\u00e7\u00e3o de um amigo.\u00a0<\/div>\n<div style=\"clear: both; text-align: left;\">&#8220;Elas Por Ela&#8221; foi um musical idealizado, dirigido e interpretado por Mar\u00edlia P\u00eara, no in\u00edcio dos anos 90. Fez muito sucesso na \u00e9poca, a ponto de merecer o registro em disco da EMI e depois ainda, inspirar uma nova vers\u00e3o num especial da Rede Globo. Neste trabalho, Mar\u00edlia P\u00eara n\u00e3o interpreta can\u00e7\u00f5es, mas sim os cantores, ou melhor dizendo, as cantoras. Sempre muito afinada, ela encarna algumas de nossas maiores cantoras, em temas consagrados. O espet\u00e1culo \u00e9 bem &#8216;fam\u00edlia&#8217;, inclusive para a Mar\u00edlia que conta com a participa\u00e7\u00e3o de boa parte da sua. Filhos, sobrinha, irm\u00e3o, maridos&#8230; todos empenhados e com muita responsabilidade.<\/div>\n<div style=\"clear: both; text-align: left;\">Eu havia pensado em separar cada uma das m\u00fasicas do \u00e1lbum, mas pregui\u00e7osamente achei melhor manter a sequ\u00eancia linear, conforme nos \u00e9 apresentado, sem pausas. Talvez num outro momento eu fa\u00e7a a separa\u00e7\u00e3o. Por hora, eu quero mesmo \u00e9 chocolate! V\u00e3o da\u00ed que eu vou daqui&#8230; \ud83d\ude09<\/div>\n<div style=\"clear: both; text-align: left;\"><\/div>\n<div style=\"clear: both; text-align: center;\">a louca chegou<\/div>\n<div style=\"clear: both; text-align: center;\">tem francesa no morro<\/div>\n<div style=\"clear: both; text-align: center;\">texto de aracy cortes e j, maia<\/div>\n<div style=\"clear: both; text-align: center;\">linda flor<\/div>\n<div style=\"clear: both; text-align: center;\">pedacinhos do c\u00e9u<\/div>\n<div style=\"clear: both; text-align: center;\">s\u00e9culo do progresso<\/div>\n<div style=\"clear: both; text-align: center;\">camisa amarela<\/div>\n<div style=\"clear: both; text-align: center;\">chica chica bum chica<\/div>\n<div style=\"clear: both; text-align: center;\">mulher exigente<\/div>\n<div style=\"clear: both; text-align: center;\">loura ou morena<\/div>\n<div style=\"clear: both; text-align: center;\">texto de dalva de oliveira<\/div>\n<div style=\"clear: both; text-align: center;\">mensagem<\/div>\n<div style=\"clear: both; text-align: center;\">orgulho<\/div>\n<div style=\"clear: both; text-align: center;\">que ser\u00e1 (abajur lil\u00e1s)<\/div>\n<div style=\"clear: both; text-align: center;\">teus ci\u00fames<\/div>\n<div style=\"clear: both; text-align: center;\">parab\u00e9ns pra voc\u00ea<\/div>\n<div style=\"clear: both; text-align: center;\">aves daninhas<\/div>\n<div style=\"clear: both; text-align: center;\">vingan\u00e7a<\/div>\n<div style=\"clear: both; text-align: center;\">duro nega!<\/div>\n<div style=\"clear: both; text-align: center;\">beija-me<\/div>\n<div style=\"clear: both; text-align: center;\">texto de eneida<\/div>\n<div style=\"clear: both; text-align: center;\">\u00f4 abre alas<\/div>\n<div style=\"clear: both; text-align: center;\">primeira bateria<\/div>\n<div style=\"clear: both; text-align: center;\">o teu cabelo n\u00e3o nega<\/div>\n<div style=\"clear: both; text-align: center;\">funga funga<\/div>\n<div style=\"clear: both; text-align: center;\">p\u00f3 de mico<\/div>\n<div style=\"clear: both; text-align: center;\">evoca\u00e7\u00e3o<\/div>\n<div style=\"clear: both; text-align: center;\">coisinha do pai<\/div>\n<div style=\"clear: both; text-align: center;\">lata d\u00e1gua<\/div>\n<div style=\"clear: both; text-align: center;\">vai com jeito<\/div>\n<div style=\"clear: both; text-align: center;\">perigosa<\/div>\n<div style=\"clear: both; text-align: center;\">a flor e o espinho<\/div>\n<div style=\"clear: both; text-align: center;\">se queres saber<\/div>\n<div style=\"clear: both; text-align: center;\">onde est\u00e1 voc\u00ea<\/div>\n<div style=\"clear: both; text-align: center;\">demais<\/div>\n<div style=\"clear: both; text-align: center;\">morrer de amor<\/div>\n<div style=\"clear: both; text-align: center;\">fim de caso<\/div>\n<div style=\"clear: both; text-align: center;\">vai, vai mesmo<\/div>\n<div style=\"clear: both; text-align: center;\">amendoim torradinho<\/div>\n<div style=\"clear: both; text-align: center;\">casaco marrom<\/div>\n<div style=\"clear: both; text-align: center;\">t\u00fanel do amor<\/div>\n<div style=\"clear: both; text-align: center;\">pare o casamento<\/div>\n<div style=\"clear: both; text-align: center;\">opini\u00e3o<\/div>\n<div style=\"clear: both; text-align: center;\">mam\u00e3e coragem<\/div>\n<div style=\"clear: both; text-align: center;\">texto caetano veloso<\/div>\n<div style=\"clear: both; text-align: center;\">sonho meu<\/div>\n<div style=\"clear: both; text-align: center;\">clementina, cade\u00ea voc\u00ea<\/div>\n<div style=\"clear: both; text-align: center;\">marinheiro s\u00f3<\/div>\n<div style=\"clear: both; text-align: center;\">ju\u00edzo final<\/div>\n<div style=\"clear: both; text-align: center;\">aquarela do brasil<\/div>\n<div style=\"clear: both; text-align: center;\">texto andr\u00e9 valle\u00a0<\/div>\n<div style=\"clear: both; text-align: center;\">seguidilla<\/div>\n<div style=\"clear: both; text-align: center;\">t\u00eampera<\/div>\n<div style=\"clear: both; text-align: center;\"><\/div>\n<div style=\"clear: both; text-align: center;\"><\/div>\n","protected":false},"excerpt":{"rendered":"<p>Boa noite, amigos cultos e ocultos! Sempre correndo, aqui vou eu, aproveitando a brecha&#8230; Hoje eu estou trazendo um disco que h\u00e1 muito j\u00e1 devia estar postado aqui. Comprei este \u00e1lbum (duplo!) numa banca de sald\u00e3o, em Sampa, logo que &hellip; <a href=\"https:\/\/www.toque-musicall.com\/?p=478\">Continue lendo <span class=\"meta-nav\">&rarr;<\/span><\/a><\/p>\n","protected":false},"author":1,"featured_media":0,"comment_status":"open","ping_status":"closed","sticky":false,"template":"","format":"standard","meta":{"footnotes":""},"categories":[109,244,346],"tags":[],"class_list":["post-478","post","type-post","status-publish","format-standard","hentry","category-marilia-pera","category-selo-emi-odeon","category-trilhas"],"_links":{"self":[{"href":"https:\/\/www.toque-musicall.com\/index.php?rest_route=\/wp\/v2\/posts\/478","targetHints":{"allow":["GET"]}}],"collection":[{"href":"https:\/\/www.toque-musicall.com\/index.php?rest_route=\/wp\/v2\/posts"}],"about":[{"href":"https:\/\/www.toque-musicall.com\/index.php?rest_route=\/wp\/v2\/types\/post"}],"author":[{"embeddable":true,"href":"https:\/\/www.toque-musicall.com\/index.php?rest_route=\/wp\/v2\/users\/1"}],"replies":[{"embeddable":true,"href":"https:\/\/www.toque-musicall.com\/index.php?rest_route=%2Fwp%2Fv2%2Fcomments&post=478"}],"version-history":[{"count":0,"href":"https:\/\/www.toque-musicall.com\/index.php?rest_route=\/wp\/v2\/posts\/478\/revisions"}],"wp:attachment":[{"href":"https:\/\/www.toque-musicall.com\/index.php?rest_route=%2Fwp%2Fv2%2Fmedia&parent=478"}],"wp:term":[{"taxonomy":"category","embeddable":true,"href":"https:\/\/www.toque-musicall.com\/index.php?rest_route=%2Fwp%2Fv2%2Fcategories&post=478"},{"taxonomy":"post_tag","embeddable":true,"href":"https:\/\/www.toque-musicall.com\/index.php?rest_route=%2Fwp%2Fv2%2Ftags&post=478"}],"curies":[{"name":"wp","href":"https:\/\/api.w.org\/{rel}","templated":true}]}}