{"id":4783,"date":"2015-02-17T14:29:26","date_gmt":"2015-02-17T16:29:26","guid":{"rendered":"http:\/\/www.toque-musicall.com\/?p=4783"},"modified":"2015-02-17T14:29:26","modified_gmt":"2015-02-17T16:29:26","slug":"ronald-golias-carnaval-copacabana-68-1968","status":"publish","type":"post","link":"https:\/\/www.toque-musicall.com\/?p=4783","title":{"rendered":"Ronald Golias &#8211; Carnaval Copacabana 68 (1968)"},"content":{"rendered":"<p><img loading=\"lazy\" decoding=\"async\" class=\"aligncenter\" alt=\"\" src=\"http:\/\/1.bp.blogspot.com\/-49m2pGkvkpI\/VONkT6znVoI\/AAAAAAAALI4\/bZUn6dZd3Y0\/s1600\/capa.JPG\" width=\"1557\" height=\"1600\" \/>Amigos foli\u00f5es, aqui vai mais um disco de carnaval. Para fechar as publica\u00e7\u00f5es carnavalescas temos para esta ter\u00e7a feira um compacto. \u00c9, um compacto \u00e9 mais f\u00e1cil e r\u00e1pido de se postar. J\u00e1 t\u00f4 atrasado para a farra na rua&#8230; segue ent\u00e3o este curioso compacto lan\u00e7ado pelo selo Copacabana para o Carnaval de 1968. Temos aqui como int\u00e9rprete o humorista Ronald Golias no auge da sua carreira, na \u00e9poca do popular programa de TV, a impag\u00e1vel, Fam\u00edlia Trapo, lembram? No disquinho Golias nos traz duas marchinhas, &#8220;Noite de amor&#8221;, de Z\u00e9 Ketti e Randal Juliano e &#8220;A Familia Trapo&#8221;, composi\u00e7\u00e3o do pr\u00f3prio humorista e Homero Ferreira.<br \/>\nDou por encerradas as postagens de Carnaval. Ano que vem tem mais! Boa ter\u00e7a de festa para todo<a href=\"http:\/\/depositfiles.org\/files\/3frywetmh\" target=\"_blank\">s<\/a>!<\/p>\n<div style=\"text-align: center;\">noite de amor<\/div>\n<div style=\"text-align: center;\">fam\u00edlia trapo<\/div>\n<div style=\"text-align: center;\"><\/div>\n<div style=\"text-align: center;\">.<\/div>\n","protected":false},"excerpt":{"rendered":"<p>Amigos foli\u00f5es, aqui vai mais um disco de carnaval. Para fechar as publica\u00e7\u00f5es carnavalescas temos para esta ter\u00e7a feira um compacto. \u00c9, um compacto \u00e9 mais f\u00e1cil e r\u00e1pido de se postar. J\u00e1 t\u00f4 atrasado para a farra na rua&#8230; &hellip; <a href=\"https:\/\/www.toque-musicall.com\/?p=4783\">Continue lendo <span class=\"meta-nav\">&rarr;<\/span><\/a><\/p>\n","protected":false},"author":1,"featured_media":0,"comment_status":"open","ping_status":"closed","sticky":false,"template":"","format":"standard","meta":{"footnotes":""},"categories":[263,2524,93,2523,152],"tags":[],"class_list":["post-4783","post","type-post","status-publish","format-standard","hentry","category-carnaval","category-carnaval-68","category-compactos","category-ronald-golias","category-selo-copacabana"],"_links":{"self":[{"href":"https:\/\/www.toque-musicall.com\/index.php?rest_route=\/wp\/v2\/posts\/4783","targetHints":{"allow":["GET"]}}],"collection":[{"href":"https:\/\/www.toque-musicall.com\/index.php?rest_route=\/wp\/v2\/posts"}],"about":[{"href":"https:\/\/www.toque-musicall.com\/index.php?rest_route=\/wp\/v2\/types\/post"}],"author":[{"embeddable":true,"href":"https:\/\/www.toque-musicall.com\/index.php?rest_route=\/wp\/v2\/users\/1"}],"replies":[{"embeddable":true,"href":"https:\/\/www.toque-musicall.com\/index.php?rest_route=%2Fwp%2Fv2%2Fcomments&post=4783"}],"version-history":[{"count":1,"href":"https:\/\/www.toque-musicall.com\/index.php?rest_route=\/wp\/v2\/posts\/4783\/revisions"}],"predecessor-version":[{"id":4784,"href":"https:\/\/www.toque-musicall.com\/index.php?rest_route=\/wp\/v2\/posts\/4783\/revisions\/4784"}],"wp:attachment":[{"href":"https:\/\/www.toque-musicall.com\/index.php?rest_route=%2Fwp%2Fv2%2Fmedia&parent=4783"}],"wp:term":[{"taxonomy":"category","embeddable":true,"href":"https:\/\/www.toque-musicall.com\/index.php?rest_route=%2Fwp%2Fv2%2Fcategories&post=4783"},{"taxonomy":"post_tag","embeddable":true,"href":"https:\/\/www.toque-musicall.com\/index.php?rest_route=%2Fwp%2Fv2%2Ftags&post=4783"}],"curies":[{"name":"wp","href":"https:\/\/api.w.org\/{rel}","templated":true}]}}