{"id":4787,"date":"2015-02-18T16:19:54","date_gmt":"2015-02-18T18:19:54","guid":{"rendered":"http:\/\/www.toque-musicall.com\/?p=4787"},"modified":"2015-02-18T16:19:54","modified_gmt":"2015-02-18T18:19:54","slug":"tuca-1968","status":"publish","type":"post","link":"https:\/\/www.toque-musicall.com\/?p=4787","title":{"rendered":"Tuca (1968)"},"content":{"rendered":"<p><img loading=\"lazy\" decoding=\"async\" class=\"aligncenter\" alt=\"\" src=\"http:\/\/3.bp.blogspot.com\/-DB9SLC8uHEc\/VOSlYatbkeI\/AAAAAAAALJU\/jI8zFXxJlXw\/s1600\/tuca%2BF.JPG\" width=\"1525\" height=\"1505\" \/><img loading=\"lazy\" decoding=\"async\" class=\"aligncenter\" alt=\"\" src=\"http:\/\/4.bp.blogspot.com\/-HIN24DVkGL4\/VOSliax095I\/AAAAAAAALJk\/HF3zOjbhnhg\/s1600\/tuca%2BB2.JPG\" width=\"1600\" height=\"1559\" \/>Boa tarde, amigos cultos e ocultos! Espero que todos tenham tido um bom carnaval. Por aqui a festa musical continua, dando agora aten\u00e7\u00e3o para o que est\u00e1 na fila. E desta vez, para a nossa quarta n\u00e3o ficar muito cinza, vamos com o talento da cantora e compositora paulista, Valenza Zagni da Silva, mais conhecida como Tuca. Foi uma artista muito atuante nos anos 60 e 70. Esteve a frente de festivais, comp\u00f4s e interpretou ao lado de outros grandes artistas da \u00e9poca. Esteve por um per\u00edodo morando na Europa, onde tamb\u00e9m chegou a gravar algumas coisas. De volta ao Brasil nos anos 70, lan\u00e7ou pela Som Livre o que foi o seu \u00faltimo lp, &#8220;Dr\u00e1cula, I love you&#8221;, gravado na Fran\u00e7a. Ela falaceu em 1978, em consequ\u00eancia de uso abusivo de rem\u00e9dios para emagrecer, segundo contam.<br \/>\nO lp que eu aqui apresento n\u00e3o \u00e9 nenhuma novidade. Trata-se de um disco bem divulgado em tudo quanto \u00e9 blog, tipo o Toque Musical. Todos por\u00e9m cometem o mesmo erro. Rotulam este como se chamasse &#8220;Eu, Tuca&#8221; e para alguns \u00e9 considerando o primeiro disco. Mas a verdade \u00e9 que o primeiro lp, lan\u00e7ado pelo selo Chantecler \u00e9 de 1966 e se chama &#8220;Meu eu&#8221;. O problema \u00e9 que algu\u00e9m copiou a informa\u00e7\u00e3o do site Dicion\u00e1rio da MPB (do Cravo Albim) e essa, por sua vez foi replicada como a verdade. Da\u00ed \u00e9 que vem os enganos&#8230; Somente em 68 ela gravaria este, seu segundo lp, sem t\u00edtulo, apenas Tuca, lan\u00e7ado pela Philips, com arranjos de Guerra Peixe, Oscar Castro Neves e M\u00e1rio de Castro. No repert\u00f3rio temos composi\u00e7\u00f5es pr\u00f3prias, parcerias e belas interpreta\u00e7\u00f5es de m\u00fasicas de outros autores. Um excelente trabalho que merce tamb\u00e9m o nosso toque musical, n\u00e3o \u00e9 mesm<a href=\"http:\/\/depositfiles.org\/files\/scd4djeot\" target=\"_blank\">o<\/a>?<\/p>\n<div style=\"text-align: center;\">atire a primeira pedra<\/div>\n<div style=\"text-align: center;\">cuidado, malandro<\/div>\n<div style=\"text-align: center;\">o cavaleiro e a virgem<\/div>\n<div style=\"text-align: center;\">frevo<\/div>\n<div style=\"text-align: center;\">sereta<\/div>\n<div style=\"text-align: center;\">n\u00e3o fale alto, fale baixo<\/div>\n<div style=\"text-align: center;\">verde<\/div>\n<div style=\"text-align: center;\">o cavaleiro das m\u00e3o t\u00e3o frias<\/div>\n<div style=\"text-align: center;\">curare<\/div>\n<div style=\"text-align: center;\">passarinho da lagoa<\/div>\n<div style=\"text-align: center;\">at\u00e9 quarta feira &#8211; carnaval pra valer<\/div>\n<div style=\"text-align: center;\">abstrato n. 1<\/div>\n<div style=\"text-align: center;\"><\/div>\n<div style=\"text-align: center;\">.<\/div>\n","protected":false},"excerpt":{"rendered":"<p>Boa tarde, amigos cultos e ocultos! Espero que todos tenham tido um bom carnaval. Por aqui a festa musical continua, dando agora aten\u00e7\u00e3o para o que est\u00e1 na fila. E desta vez, para a nossa quarta n\u00e3o ficar muito cinza, &hellip; <a href=\"https:\/\/www.toque-musicall.com\/?p=4787\">Continue lendo <span class=\"meta-nav\">&rarr;<\/span><\/a><\/p>\n","protected":false},"author":1,"featured_media":0,"comment_status":"open","ping_status":"closed","sticky":false,"template":"","format":"standard","meta":{"footnotes":""},"categories":[48,44],"tags":[],"class_list":["post-4787","post","type-post","status-publish","format-standard","hentry","category-selo-philips","category-tuca"],"_links":{"self":[{"href":"https:\/\/www.toque-musicall.com\/index.php?rest_route=\/wp\/v2\/posts\/4787","targetHints":{"allow":["GET"]}}],"collection":[{"href":"https:\/\/www.toque-musicall.com\/index.php?rest_route=\/wp\/v2\/posts"}],"about":[{"href":"https:\/\/www.toque-musicall.com\/index.php?rest_route=\/wp\/v2\/types\/post"}],"author":[{"embeddable":true,"href":"https:\/\/www.toque-musicall.com\/index.php?rest_route=\/wp\/v2\/users\/1"}],"replies":[{"embeddable":true,"href":"https:\/\/www.toque-musicall.com\/index.php?rest_route=%2Fwp%2Fv2%2Fcomments&post=4787"}],"version-history":[{"count":1,"href":"https:\/\/www.toque-musicall.com\/index.php?rest_route=\/wp\/v2\/posts\/4787\/revisions"}],"predecessor-version":[{"id":4788,"href":"https:\/\/www.toque-musicall.com\/index.php?rest_route=\/wp\/v2\/posts\/4787\/revisions\/4788"}],"wp:attachment":[{"href":"https:\/\/www.toque-musicall.com\/index.php?rest_route=%2Fwp%2Fv2%2Fmedia&parent=4787"}],"wp:term":[{"taxonomy":"category","embeddable":true,"href":"https:\/\/www.toque-musicall.com\/index.php?rest_route=%2Fwp%2Fv2%2Fcategories&post=4787"},{"taxonomy":"post_tag","embeddable":true,"href":"https:\/\/www.toque-musicall.com\/index.php?rest_route=%2Fwp%2Fv2%2Ftags&post=4787"}],"curies":[{"name":"wp","href":"https:\/\/api.w.org\/{rel}","templated":true}]}}